{"id":299039,"date":"2025-08-05T22:30:13","date_gmt":"2025-08-05T22:30:13","guid":{"rendered":"https:\/\/www.europesays.com\/fr\/299039\/"},"modified":"2025-08-05T22:30:13","modified_gmt":"2025-08-05T22:30:13","slug":"metropole-de-lyon-la-grande-rue-doullins-partiellement-fermee-apres-un-debut-dincendie-dans-un-appartement","status":"publish","type":"post","link":"https:\/\/www.europesays.com\/fr\/299039\/","title":{"rendered":"M\u00e9tropole de Lyon. La Grande-Rue d\u2019Oullins partiellement ferm\u00e9e apr\u00e8s un d\u00e9but d\u2019incendie dans un appartement"},"content":{"rendered":"<p>Steven, locataire du 4e  \u00e9tage, a eu chaud. Il a fait appel aux secours vers 11\u00a0h\u00a030 apr\u00e8s avoir aper\u00e7u une petite fum\u00e9e au 3e  qui se d\u00e9gageait de la chambre de sa voisine, c\u00f4t\u00e9 Grande-Rue. Ce sont les deux seuls occupants de l\u2019immeuble, rue de la Sarra. Le rez-de-chauss\u00e9e \u00e9tant occup\u00e9 par la Banque populaire. Les secours lui ont demand\u00e9 de quitter son domicile le temps de l\u2019intervention.<\/p>\n<p>\u00ab\u00a0Avec mon fils, je suis all\u00e9 me r\u00e9fugier en face \u00e0 la boutique Depil\u2019tech\u00a0\u00bb raconte le papa.<\/p>\n<p>  Les secours sont pass\u00e9s par la fen\u00eatre<\/p>\n<p>L\u2019acc\u00e8s \u00e0 l\u2019appartement s\u2019est fait par les fen\u00eatres au moyen de la grande \u00e9chelle. Il n\u2019y avait personne dans l\u2019appartement depuis plusieurs jours, d\u2019apr\u00e8s le voisin. \u00ab\u00a0Dans le doute je suis quand m\u00eame all\u00e9 toquer \u00e0 sa porte\u00a0\u00bb, confie Steven.<\/p>\n<p>La circulation a \u00e9t\u00e9 r\u00e9gul\u00e9e par la police municipale, notamment pour faciliter le passage des engins de secours et aussi pour \u00e9vacuer les tr\u00e8s nombreux d\u00e9chets qui \u00e9taient entrepos\u00e9s dans l\u2019appartement sinistr\u00e9. La locataire souffrirait d\u2019un syndrome de Diog\u00e8ne.<\/p>\n<p>  L\u2019incendie est parti du matelas<\/p>\n<p>La police a ouvert une enqu\u00eate pour conna\u00eetre l\u2019origine du sinistre. Le feu est a priori parti de la chambre. Une combustion lente du matelas\u00a0? \u00ab\u00a0L\u2019appartement n\u2019est pas br\u00fbl\u00e9 mais l\u2019odeur est \u00e2cre. Et c\u2019est bien pire dans la cage d\u2019escalier\u00a0\u00bb, ajoute Steven. Son \u00e9tage, une chance, a \u00e9t\u00e9 \u00e9pargn\u00e9 par les fum\u00e9es.<\/p>\n<p>La banque a d\u00fb fermer ses portes l\u2019apr\u00e8s-midi ayant subi quelques d\u00e9g\u00e2ts des eaux suite \u00e0 l\u2019intervention.<\/p>\n","protected":false},"excerpt":{"rendered":"Steven, locataire du 4e \u00e9tage, a eu chaud. Il a fait appel aux secours vers 11\u00a0h\u00a030 apr\u00e8s avoir&hellip;\n","protected":false},"author":2,"featured_media":299040,"comment_status":"","ping_status":"","sticky":false,"template":"","format":"standard","meta":{"footnotes":""},"categories":[1889],"tags":[1111,11,2430,3154,1777,674,274,1011,27,1310,2428,12,15665,15666,25,2429],"class_list":{"0":"post-299039","1":"post","2":"type-post","3":"status-publish","4":"format-standard","5":"has-post-thumbnail","7":"category-lyon","8":"tag-actu","9":"tag-actualites","10":"tag-auvergne-rhone-alpes","11":"tag-edition-sud-lyonnais","12":"tag-eu","13":"tag-europe","14":"tag-faits-divers-justice","15":"tag-fr","16":"tag-france","17":"tag-incendie","18":"tag-lyon","19":"tag-news","20":"tag-oullins-pierre-benite","21":"tag-oullins-ville","22":"tag-republique-francaise","23":"tag-rhone"},"share_on_mastodon":{"url":"https:\/\/pubeurope.com\/@fr\/114978529200855129","error":""},"_links":{"self":[{"href":"https:\/\/www.europesays.com\/fr\/wp-json\/wp\/v2\/posts\/299039","targetHints":{"allow":["GET"]}}],"collection":[{"href":"https:\/\/www.europesays.com\/fr\/wp-json\/wp\/v2\/posts"}],"about":[{"href":"https:\/\/www.europesays.com\/fr\/wp-json\/wp\/v2\/types\/post"}],"author":[{"embeddable":true,"href":"https:\/\/www.europesays.com\/fr\/wp-json\/wp\/v2\/users\/2"}],"replies":[{"embeddable":true,"href":"https:\/\/www.europesays.com\/fr\/wp-json\/wp\/v2\/comments?post=299039"}],"version-history":[{"count":0,"href":"https:\/\/www.europesays.com\/fr\/wp-json\/wp\/v2\/posts\/299039\/revisions"}],"wp:featuredmedia":[{"embeddable":true,"href":"https:\/\/www.europesays.com\/fr\/wp-json\/wp\/v2\/media\/299040"}],"wp:attachment":[{"href":"https:\/\/www.europesays.com\/fr\/wp-json\/wp\/v2\/media?parent=299039"}],"wp:term":[{"taxonomy":"category","embeddable":true,"href":"https:\/\/www.europesays.com\/fr\/wp-json\/wp\/v2\/categories?post=299039"},{"taxonomy":"post_tag","embeddable":true,"href":"https:\/\/www.europesays.com\/fr\/wp-json\/wp\/v2\/tags?post=299039"}],"curies":[{"name":"wp","href":"https:\/\/api.w.org\/{rel}","templated":true}]}}