{"id":299045,"date":"2025-08-05T22:35:30","date_gmt":"2025-08-05T22:35:30","guid":{"rendered":"https:\/\/www.europesays.com\/fr\/299045\/"},"modified":"2025-08-05T22:35:30","modified_gmt":"2025-08-05T22:35:30","slug":"un-avion-en-direction-de-paris-contraint-de-faire-demi-tour-apres-larrachage-de-son-nez-en-plein-decollage","status":"publish","type":"post","link":"https:\/\/www.europesays.com\/fr\/299045\/","title":{"rendered":"Un avion en direction de Paris contraint de faire demi-tour apr\u00e8s l\u2019arrachage de son nez en plein d\u00e9collage"},"content":{"rendered":"<p><strong>VID\u00c9O <\/strong>&#8211; Selon un rapport d\u2019incident, un oiseau aurait percut\u00e9 le nez de l\u2019appareil quelques minutes apr\u00e8s son d\u00e9part.<\/p>\n<p class=\"fig-paragraph\">Des images montrent l\u2019avion au nez endommag\u00e9 circuler sur le tarmac. Un vol Iberia a \u00e9t\u00e9 contraint de rentrer d\u2019urgence apr\u00e8s une collision avec un oiseau peu apr\u00e8s le d\u00e9collage. L\u2019appareil avait d\u00e9coll\u00e9 de l\u2019a\u00e9roport Adolfo Su\u00e1rez de Madrid-Barajas \u00e0 destination de\u00a0<a href=\"https:\/\/www.lefigaro.fr\/tag\/orly\" target=\"_blank\" rel=\"sponsored noopener nofollow\" data-gtm-custom-categorie=\"navigation\" data-gtm-custom-action=\"crossclick\" data-gtm-custom-label=\"Contextuel\" data-gtm-event=\"customEventSPE\">Paris-Orly<\/a>\u00a0le dimanche 3 ao\u00fbt. L\u2019avion a atterri sans encombre sur la piste, environ une demi-heure apr\u00e8s le d\u00e9collage.<\/p>\n<p class=\"fig-paragraph\">Quelques minutes apr\u00e8s le d\u00e9but de sa mont\u00e9e,\u00a0<a href=\"https:\/\/www.lefigaro.fr\/tag\/airbus\" target=\"_blank\" rel=\"nofollow noopener\" data-gtm-custom-categorie=\"navigation\" data-gtm-custom-action=\"crossclick\" data-gtm-custom-label=\"Contextuel\" data-gtm-event=\"customEventSPE\">l\u2019Airbus A321<\/a>, livr\u00e9 il y a seulement deux mois par le constructeur europ\u00e9en, aurait percut\u00e9 ce qui semble \u00eatre un vautour. L\u2019impact a d\u00e9clench\u00e9 les alarmes \u00e0 bord, provoquant une br\u00e8ve panique en cabine et obligeant les 182 passagers \u00e0 enfiler des masques \u00e0 oxyg\u00e8ne. Les passagers du vol IB579 sont sortis de l\u2019avion \u00e0 son atterrissage en toute s\u00e9curit\u00e9.<\/p>\n<p>                                    <a class=\"fig-a11y-skip a11y-hidden\" href=\"#fig-a11y-skip-main-inarticle\"><br \/>\n        Passer la publicit\u00e9<br \/>\n    <\/a><\/p>\n<p>Des d\u00e9g\u00e2ts mat\u00e9riels<\/p>\n<p class=\"fig-paragraph\">\u00abL\u2019ensemble de l\u2019\u00e9quipage, y compris les pilotes et le personnel de cabine, a agi avec le plus grand professionnalisme pour r\u00e9soudre la situation et aider les passagers\u00bb, a indiqu\u00e9 la compagnie a\u00e9rienne espagnole Iberia au quotidien espagnol\u00a0<a href=\"https:\/\/elpais.com\/espana\/2025-08-04\/un-avion-con-ruta-madrid-paris-regresa-a-barajas-de-emergencia-tras-chocar-con-un-ave.html\" target=\"_blank\" rel=\"sponsored noopener nofollow\" data-gtm-custom-categorie=\"navigation\" data-gtm-custom-action=\"crossclick\" data-gtm-custom-label=\"Contextuel\" data-gtm-event=\"customEventSPE\">El Pais<\/a> . Un vol de remplacement a ensuite \u00e9t\u00e9 organis\u00e9, le nouvel appareil d\u00e9collant pour Paris vers 19h30.<\/p>\n<p class=\"fig-paragraph\">Aucun bless\u00e9 n\u2019a \u00e9t\u00e9 signal\u00e9 mais le rad\u00f4me avant et l\u2019un des moteurs ont \u00e9t\u00e9 endommag\u00e9s lors de l\u2019incident.\u00a0<a href=\"http:\/\/www.lefigaro.fr\/actualite-france\/crash-aerien-les-oiseaux-a-l-origine-de-nombreux-incidents-sont-la-hantise-des-pilotes-20241229\" target=\"_blank\" data-fig-type=\"NewsFlash\" rel=\"noopener nofollow\" data-gtm-custom-categorie=\"navigation\" data-gtm-custom-action=\"crossclick\" data-gtm-custom-label=\"Contextuel\" data-gtm-event=\"customEventSPE\" data-fig-domain=\"LEFIGARO\">Les collisions avec les oiseaux<\/a>\u00a0sont \u00e0 l\u2019origine de nombreux accidents a\u00e9riens dans le monde, m\u00eame si la plupart ne sont que mineurs. Elles peuvent endommager gravement les moteurs d\u2019avion, ce qui peut d\u00e9clencher des incendies et compromettre la capacit\u00e9 d\u2019un avion \u00e0 atterrir en toute s\u00e9curit\u00e9.<\/p>\n","protected":false},"excerpt":{"rendered":"VID\u00c9O &#8211; Selon un rapport d\u2019incident, un oiseau aurait percut\u00e9 le nez de l\u2019appareil quelques minutes apr\u00e8s son&hellip;\n","protected":false},"author":2,"featured_media":299046,"comment_status":"","ping_status":"","sticky":false,"template":"","format":"standard","meta":{"footnotes":""},"categories":[1888],"tags":[1111,1928,11,1927,37,123,1777,674,1011,27,12,1926,16483,626,1925,25],"class_list":{"0":"post-299045","1":"post","2":"type-post","3":"status-publish","4":"format-standard","5":"has-post-thumbnail","7":"category-paris","8":"tag-actu","9":"tag-actu-paris","10":"tag-actualites","11":"tag-actualites-paris","12":"tag-avion","13":"tag-espagne","14":"tag-eu","15":"tag-europe","16":"tag-fr","17":"tag-france","18":"tag-news","19":"tag-news-paris","20":"tag-orly","21":"tag-paris","22":"tag-paris-news","23":"tag-republique-francaise"},"share_on_mastodon":{"url":"https:\/\/pubeurope.com\/@fr\/114978548818988648","error":""},"_links":{"self":[{"href":"https:\/\/www.europesays.com\/fr\/wp-json\/wp\/v2\/posts\/299045","targetHints":{"allow":["GET"]}}],"collection":[{"href":"https:\/\/www.europesays.com\/fr\/wp-json\/wp\/v2\/posts"}],"about":[{"href":"https:\/\/www.europesays.com\/fr\/wp-json\/wp\/v2\/types\/post"}],"author":[{"embeddable":true,"href":"https:\/\/www.europesays.com\/fr\/wp-json\/wp\/v2\/users\/2"}],"replies":[{"embeddable":true,"href":"https:\/\/www.europesays.com\/fr\/wp-json\/wp\/v2\/comments?post=299045"}],"version-history":[{"count":0,"href":"https:\/\/www.europesays.com\/fr\/wp-json\/wp\/v2\/posts\/299045\/revisions"}],"wp:featuredmedia":[{"embeddable":true,"href":"https:\/\/www.europesays.com\/fr\/wp-json\/wp\/v2\/media\/299046"}],"wp:attachment":[{"href":"https:\/\/www.europesays.com\/fr\/wp-json\/wp\/v2\/media?parent=299045"}],"wp:term":[{"taxonomy":"category","embeddable":true,"href":"https:\/\/www.europesays.com\/fr\/wp-json\/wp\/v2\/categories?post=299045"},{"taxonomy":"post_tag","embeddable":true,"href":"https:\/\/www.europesays.com\/fr\/wp-json\/wp\/v2\/tags?post=299045"}],"curies":[{"name":"wp","href":"https:\/\/api.w.org\/{rel}","templated":true}]}}