{"id":299047,"date":"2025-08-05T22:36:12","date_gmt":"2025-08-05T22:36:12","guid":{"rendered":"https:\/\/www.europesays.com\/fr\/299047\/"},"modified":"2025-08-05T22:36:12","modified_gmt":"2025-08-05T22:36:12","slug":"pluie-de-pv-soupcon-de-non-assermentation-a-colombes-une-nouvelle-polemique-empoisonne-la-police-municipale","status":"publish","type":"post","link":"https:\/\/www.europesays.com\/fr\/299047\/","title":{"rendered":"Pluie de PV, soup\u00e7on de non-assermentation\u2026 \u00e0 Colombes, une nouvelle pol\u00e9mique empoisonne la police municipale"},"content":{"rendered":"<p class=\"paragraph text_align_left lp-f-body-02\">L\u2019ambiance n\u2019a jamais \u00e9t\u00e9 au beau fixe dans le b\u00e2timent qui h\u00e9berge <a href=\"https:\/\/www.leparisien.fr\/hauts-de-seine-92\/on-remet-de-l-ordre-a-colombes-la-nouvelle-municipalite-impose-sa-griffe-07-10-2020-8398689.php\" target=\"_blank\" rel=\"noreferrer noopener\">police municipale<\/a> et service des adjoints de s\u00e9curit\u00e9 de la voie publique (ASVP), \u00e0 <a href=\"https:\/\/www.leparisien.fr\/hauts-de-seine-92\/colombes-92700\/\" target=\"_self\" rel=\"noopener\">Colombes<\/a> (Hauts-de-Seine). Cette fois, c\u2019est un d\u00e9luge de PV et l\u2019hypoth\u00e8se que la \u00ab serial verbalisatrice \u00bb ne soit pas asserment\u00e9e qui agitent ce petit monde.<\/p>\n<p class=\"paragraph text_align_left lp-f-body-02\">Tout commence le 7 avril. Michel A. re\u00e7oit un PV pour stationnement, rue du Bournard, non loin du centre-ville. L\u2019homme est\u2026 chef de service des ASVP (agents de surveillance de la voie publique).<\/p>\n","protected":false},"excerpt":{"rendered":"L\u2019ambiance n\u2019a jamais \u00e9t\u00e9 au beau fixe dans le b\u00e2timent qui h\u00e9berge police municipale et service des adjoints&hellip;\n","protected":false},"author":2,"featured_media":299048,"comment_status":"","ping_status":"","sticky":false,"template":"","format":"standard","meta":{"footnotes":""},"categories":[1888],"tags":[11,1777,674,118,1011,27,3314,1944,12,626,25],"class_list":{"0":"post-299047","1":"post","2":"type-post","3":"status-publish","4":"format-standard","5":"has-post-thumbnail","7":"category-paris","8":"tag-actualites","9":"tag-eu","10":"tag-europe","11":"tag-faits-divers","12":"tag-fr","13":"tag-france","14":"tag-hauts-de-seine","15":"tag-ma-ville","16":"tag-news","17":"tag-paris","18":"tag-republique-francaise"},"share_on_mastodon":{"url":"https:\/\/pubeurope.com\/@fr\/114978552880092065","error":""},"_links":{"self":[{"href":"https:\/\/www.europesays.com\/fr\/wp-json\/wp\/v2\/posts\/299047","targetHints":{"allow":["GET"]}}],"collection":[{"href":"https:\/\/www.europesays.com\/fr\/wp-json\/wp\/v2\/posts"}],"about":[{"href":"https:\/\/www.europesays.com\/fr\/wp-json\/wp\/v2\/types\/post"}],"author":[{"embeddable":true,"href":"https:\/\/www.europesays.com\/fr\/wp-json\/wp\/v2\/users\/2"}],"replies":[{"embeddable":true,"href":"https:\/\/www.europesays.com\/fr\/wp-json\/wp\/v2\/comments?post=299047"}],"version-history":[{"count":0,"href":"https:\/\/www.europesays.com\/fr\/wp-json\/wp\/v2\/posts\/299047\/revisions"}],"wp:featuredmedia":[{"embeddable":true,"href":"https:\/\/www.europesays.com\/fr\/wp-json\/wp\/v2\/media\/299048"}],"wp:attachment":[{"href":"https:\/\/www.europesays.com\/fr\/wp-json\/wp\/v2\/media?parent=299047"}],"wp:term":[{"taxonomy":"category","embeddable":true,"href":"https:\/\/www.europesays.com\/fr\/wp-json\/wp\/v2\/categories?post=299047"},{"taxonomy":"post_tag","embeddable":true,"href":"https:\/\/www.europesays.com\/fr\/wp-json\/wp\/v2\/tags?post=299047"}],"curies":[{"name":"wp","href":"https:\/\/api.w.org\/{rel}","templated":true}]}}