{"id":299049,"date":"2025-08-05T22:37:10","date_gmt":"2025-08-05T22:37:10","guid":{"rendered":"https:\/\/www.europesays.com\/fr\/299049\/"},"modified":"2025-08-05T22:37:10","modified_gmt":"2025-08-05T22:37:10","slug":"quelque-200-migrants-prets-a-dormir-devant-lhotel-de-ville","status":"publish","type":"post","link":"https:\/\/www.europesays.com\/fr\/299049\/","title":{"rendered":"Quelque 200 migrants pr\u00eats \u00e0 dormir devant l\u2019H\u00f4tel de Ville"},"content":{"rendered":"<p>Lundi soir, environ 200 personnes <a href=\"https:\/\/www.20minutes.fr\/dossier\/migrants\" target=\"_blank\" class=\"color-ultramarine c-link\" rel=\"noopener\">migrantes<\/a>, dont pr\u00e8s de 80 enfants, ont tent\u00e9 de passer la nuit sur le parvis de l\u2019H\u00f4tel de Ville de <a href=\"https:\/\/www.20minutes.fr\/paris\/\" target=\"_blank\" class=\"color-ultramarine c-link\" rel=\"noopener\">Paris<\/a>, d\u00e9non\u00e7ant l\u2019absence de solutions d\u2019h\u00e9bergement d\u2019urgence. Une situation qualifi\u00e9e de critique par l\u2019association Utopia 56, \u00e0 l\u2019origine du rassemblement.<\/p>\n<p>D\u00e8s 19h30, femmes, enfants en bas \u00e2ge et quelques hommes se sont install\u00e9s devant les grilles de la <a href=\"https:\/\/www.20minutes.fr\/dossier\/mairie_de_paris\" target=\"_blank\" class=\"color-ultramarine c-link\" rel=\"noopener\">mairie de Paris<\/a>, munis de couvertures de survie. \u00ab\u00a0Nous sommes pr\u00eats \u00e0 rester le temps qu\u2019il faudra, tant que nous n\u2019aurons pas de solution d\u2019h\u00e9bergement\u00a0\u00bb, a d\u00e9clar\u00e9 Nathan Lequeux, repr\u00e9sentant d\u2019<a href=\"https:\/\/www.20minutes.fr\/societe\/4079891-20240306-asso-denonce-hausse-alarmante-deces-migrants-manche\" target=\"_blank\" class=\"color-ultramarine c-link\" rel=\"noopener\">Utopia 56<\/a> \u00e0 Paris, soulignant l\u2019urgence d\u2019une prise en charge p\u00e9renne.<\/p>\n<\/p>\n<p>La ville de Paris en appel \u00e0 l\u2019Etat<\/p>\n<p>Depuis plus d\u2019une semaine, l\u2019<a href=\"https:\/\/www.20minutes.fr\/dossier\/association\" target=\"_blank\" class=\"color-ultramarine c-link\" rel=\"noopener\">association<\/a> observe une nette augmentation du nombre de familles \u00e0 la rue\u00a0: \u00ab\u00a0Chaque soir, nous voyons arriver quelque 200 personnes avec enfants, sans solution d\u2019h\u00e9bergement\u00a0\u00bb, alerte Utopia 56. Le contexte est particuli\u00e8rement tendu en \u00e9t\u00e9\u00a0: ralentissement des <a href=\"https:\/\/www.20minutes.fr\/dossier\/service_public\" target=\"_blank\" class=\"color-ultramarine c-link\" rel=\"noopener\">services publics<\/a>, b\u00e9n\u00e9voles en vacances, fermeture des \u00e9coles et gymnases souvent utilis\u00e9s comme solutions d\u2019urgence.<\/p>\n<p><a href=\"https:\/\/www.20minutes.fr\/dossier\/immigration\" target=\"_blank\" class=\"c-link c-btn c-btn--primary\" rel=\"noopener\">Notre dossier sur l&rsquo;immigration<\/a><\/p>\n<p>La mairie de Paris assure pourtant continuer d\u2019agir \u00ab\u00a0\u00e9t\u00e9 comme hiver\u00a0\u00bb. Selon ses chiffres, \u00ab\u00a0plus de 1.000 personnes relevant d\u2019une prise en charge par l\u2019Etat sont actuellement mises \u00e0 l\u2019abri dans des lieux municipaux transform\u00e9s ou des gymnases\u00a0\u00bb, en plus de l\u2019accueil de \u00ab\u00a0plus de 3.000 personnes en famille\u00a0\u00bb. Mardi soir, la Ville a r\u00e9affirm\u00e9 son appel \u00e0 l\u2019Etat pour qu\u2019il assume sa part de responsabilit\u00e9\u00a0: \u00ab\u00a0Ce soir, la Ville de Paris demande la prise en charge de ces personnes par l\u2019\u00c9tat\u00a0\u00bb.<\/p>\n","protected":false},"excerpt":{"rendered":"Lundi soir, environ 200 personnes migrantes, dont pr\u00e8s de 80 enfants, ont tent\u00e9 de passer la nuit sur&hellip;\n","protected":false},"author":2,"featured_media":299050,"comment_status":"","ping_status":"","sticky":false,"template":"","format":"standard","meta":{"footnotes":""},"categories":[1888],"tags":[47,11,4077,16309,1777,674,1011,27,662,1061,2381,1251,12,626,25,104],"class_list":{"0":"post-299049","1":"post","2":"type-post","3":"status-publish","4":"format-standard","5":"has-post-thumbnail","7":"category-paris","8":"tag-actualite","9":"tag-actualites","10":"tag-association","11":"tag-etat","12":"tag-eu","13":"tag-europe","14":"tag-fr","15":"tag-france","16":"tag-ile-de-france","17":"tag-immigration","18":"tag-mairie-de-paris","19":"tag-migrants","20":"tag-news","21":"tag-paris","22":"tag-republique-francaise","23":"tag-societe"},"share_on_mastodon":{"url":"https:\/\/pubeurope.com\/@fr\/114978556698890084","error":""},"_links":{"self":[{"href":"https:\/\/www.europesays.com\/fr\/wp-json\/wp\/v2\/posts\/299049","targetHints":{"allow":["GET"]}}],"collection":[{"href":"https:\/\/www.europesays.com\/fr\/wp-json\/wp\/v2\/posts"}],"about":[{"href":"https:\/\/www.europesays.com\/fr\/wp-json\/wp\/v2\/types\/post"}],"author":[{"embeddable":true,"href":"https:\/\/www.europesays.com\/fr\/wp-json\/wp\/v2\/users\/2"}],"replies":[{"embeddable":true,"href":"https:\/\/www.europesays.com\/fr\/wp-json\/wp\/v2\/comments?post=299049"}],"version-history":[{"count":0,"href":"https:\/\/www.europesays.com\/fr\/wp-json\/wp\/v2\/posts\/299049\/revisions"}],"wp:featuredmedia":[{"embeddable":true,"href":"https:\/\/www.europesays.com\/fr\/wp-json\/wp\/v2\/media\/299050"}],"wp:attachment":[{"href":"https:\/\/www.europesays.com\/fr\/wp-json\/wp\/v2\/media?parent=299049"}],"wp:term":[{"taxonomy":"category","embeddable":true,"href":"https:\/\/www.europesays.com\/fr\/wp-json\/wp\/v2\/categories?post=299049"},{"taxonomy":"post_tag","embeddable":true,"href":"https:\/\/www.europesays.com\/fr\/wp-json\/wp\/v2\/tags?post=299049"}],"curies":[{"name":"wp","href":"https:\/\/api.w.org\/{rel}","templated":true}]}}