{"id":299056,"date":"2025-08-05T22:41:12","date_gmt":"2025-08-05T22:41:12","guid":{"rendered":"https:\/\/www.europesays.com\/fr\/299056\/"},"modified":"2025-08-05T22:41:12","modified_gmt":"2025-08-05T22:41:12","slug":"apres-la-fermeture-de-centaines-de-clubs-le-royaume-uni-veut-retrouver-le-sens-de-la-fete-actualites","status":"publish","type":"post","link":"https:\/\/www.europesays.com\/fr\/299056\/","title":{"rendered":"Apr\u00e8s la fermeture de centaines de clubs, le Royaume-Uni veut retrouver le sens de la f\u00eate : Actualit\u00e9s"},"content":{"rendered":"<p class=\"lead \">La fin de la f\u00eate a-t-elle sonn\u00e9 ? Le Royaume-Uni tente d&rsquo;enrayer le d\u00e9clin de sa vie nocturne, mise \u00e0 mal par le Covid et l&rsquo;inflation, qui oblige aussi les clubs \u00e0 se r\u00e9inventer pour attirer sur la piste une nouvelle g\u00e9n\u00e9ration.<\/p>\n<p class=\"lead \">Mi-juillet, le Pryzm Kingston, une discoth\u00e8que du sud-ouest de Londres pris\u00e9e des \u00e9tudiants, o\u00f9 se sont produits Billie Eilish, Rod Stewart et Stormzy, a ferm\u00e9 ses portes.<\/p>\n<p class=\"lead \">Selon ses propri\u00e9taires, il \u00e9tait temps de \u00ab\u00a0se tourner vers l&rsquo;avenir et r\u00e9imaginer ce site\u00a0\u00bb, nich\u00e9 dans un ancien cin\u00e9ma, \u00ab\u00a0pour la prochaine g\u00e9n\u00e9ration de f\u00eatards\u00a0\u00bb.<\/p>\n<p class=\"lead \">Il rena\u00eetra sous la forme d&rsquo;un club \u00e0 taille r\u00e9duite et d&rsquo;un bar dansant, des lieux plus \u00ab\u00a0haut de gamme\u00a0\u00bb qui \u00ab\u00a0refl\u00e8tent ce que les gens cherchent aujourd&rsquo;hui\u00a0\u00bb.<\/p>\n<p class=\"lead \">Depuis 2020, pr\u00e8s d&rsquo;un tiers des clubs britanniques a baiss\u00e9 le rideau, soit environ 400 \u00e9tablissements, indique l&rsquo;organisation du secteur, Night Time Industries Association (NTIA).<\/p>\n<p class=\"lead \">\u00ab\u00a0M\u00eame s&rsquo;ils connaissaient un l\u00e9ger d\u00e9clin avant la pand\u00e9mie, celle-ci a fortement acc\u00e9l\u00e9r\u00e9 les choses\u00a0\u00bb, indique \u00e0 l&rsquo;AFP Tony Rigg, consultant dans l&rsquo;industrie musicale. Avant que la crise du co\u00fbt de la vie ne fasse exploser les factures et loyers des discoth\u00e8ques &#8211; comme ceux de leurs clients.<\/p>\n<p class=\"lead \">Rencontr\u00e9 \u00e0 l&rsquo;heure des premi\u00e8res pintes dans le centre de Londres, en d\u00e9but de soir\u00e9e, Conor Nugent, charg\u00e9 de client\u00e8le de 26 ans, dit n&rsquo;aller en bo\u00eete que pour les \u00ab\u00a0occasions sp\u00e9ciales\u00a0\u00bb, apr\u00e8s s&rsquo;\u00eatre demand\u00e9 \u00ab\u00a0si \u00e7a vaut vraiment le coup\u00a0\u00bb.<\/p>\n<p class=\"lead \">Ce Londonien a r\u00e9duit ses sorties pour des raisons financi\u00e8res &#8211; comme 68% des 18-30 ans, indique la NTIA -, et pr\u00e9f\u00e8re se r\u00e9server pour \u00ab\u00a0des concerts ou des \u00e9v\u00e9nements\u00a0\u00bb.<\/p>\n<p class=\"lead \">Comme le souligne Tony Rigg, le Covid-19 a entra\u00een\u00e9 un \u00ab\u00a0changement de culture\u00a0\u00bb chez les jeunes de la \u00ab\u00a0Gen Z\u00a0\u00bb, n\u00e9s entre 1997 et 2012, qui consomment g\u00e9n\u00e9ralement moins d&rsquo;alcool et n&rsquo;ont pas toujours \u00ab\u00a0v\u00e9cu le rite de passage consistant \u00e0 d\u00e9couvrir les clubs\u00a0\u00bb.<\/p>\n<p class=\"lead \">&#8211; L&rsquo;exemple de Paris &#8211;<\/p>\n<p class=\"lead \">Invoquant toutes ces raisons, la soci\u00e9t\u00e9 Rekom UK, propri\u00e9taire des embl\u00e9matiques discoth\u00e8ques Pryzm et Atik, a d\u00e9pos\u00e9 le bilan en 2024, fermant 17 \u00e9tablissements dans le pays.<\/p>\n<p class=\"lead \">Une vingtaine d&rsquo;autres, dont le Pryzm Kingston, ont \u00e9t\u00e9 repris par Neos Hospitality, qui a d\u00e9cid\u00e9 d&rsquo;en transformer certains en bars dansants ou d&rsquo;organiser des \u00e9v\u00e9nements sans alcool. \u00ab\u00a0Le secteur doit \u00e9voluer, ou il deviendra obsol\u00e8te\u00a0\u00bb, reconna\u00eet Tony Rigg.<\/p>\n<p class=\"lead \">Pour mettre fin \u00e0 l&rsquo;h\u00e9morragie de f\u00eatards vers Berlin ou Paris, le maire de la capitale Sadiq Khan a lanc\u00e9 un groupe de travail ind\u00e9pendant baptis\u00e9 \u00ab\u00a0Nightlife Taskforce\u00a0\u00bb, qui doit publier un rapport \u00e0 l&rsquo;automne.<\/p>\n<p class=\"lead \">\u00ab\u00a0Notre vie nocturne est l&rsquo;une des raisons pour lesquelles les gens aiment Londres\u00a0\u00bb, souligne M. Khan aupr\u00e8s l&rsquo;AFP, se disant \u00ab\u00a0jaloux des pouvoirs que poss\u00e8dent les maires de Paris, New York ou Tokyo\u00a0\u00bb, et particuli\u00e8rement \u00ab\u00a0envieux\u00a0\u00bb de la capitale fran\u00e7aise, qui conna\u00eet un renouveau de sa nuit.<\/p>\n<p class=\"lead \">Pour redynamiser celle de Londres, l&rsquo;\u00e9dile a re\u00e7u en mars la permission d&rsquo;annuler certaines d\u00e9cisions d&rsquo;autorit\u00e9s locales obligeant pubs, restaurants, salles de concert et bo\u00eetes de nuit \u00e0 fermer t\u00f4t. <\/p>\n<p class=\"lead \">Le gouvernement a de son c\u00f4t\u00e9 annonc\u00e9 vouloir modifier les r\u00e8gles en vigueur pour favoriser l&rsquo;activit\u00e9 des \u00e9tablissements nocturnes dans certaines zones.<\/p>\n<p class=\"lead \">\u00ab\u00a0Nous avons tendance \u00e0 trop insister sur les risques et la s\u00e9curit\u00e9, sans prendre en compte les b\u00e9n\u00e9fices pour la culture, l&rsquo;\u00e9conomie et la vie locale\u00a0\u00bb, souligne Michael Kill, pr\u00e9sident de la NTIA, qui plaide pour une meilleure reconnaissance de la musique \u00e9lectronique et de la culture club.<\/p>\n<p class=\"lead \">\u00ab\u00a0Nous sommes toujours confront\u00e9s \u00e0 des probl\u00e8mes de r\u00e9putation\u00a0\u00bb, dit-il \u00e0 l&rsquo;AFP, alors que cette industrie est \u00ab\u00a0un moteur \u00e9conomique\u00a0\u00bb rapportant 153 milliards de livres par an (176 milliards d&rsquo;euros).<\/p>\n<p class=\"lead \">Malgr\u00e9 tout, Carys Bromley, fra\u00eechement arriv\u00e9e de l&rsquo;\u00eele de Guernesey, trouve que Londres reste \u00ab\u00a0une ville tr\u00e8s excitante\u00a0\u00bb: \u00ab\u00a0Il y a tellement de f\u00eates, de clubs (&#8230;) les lieux restent ouvert tard, c&rsquo;est vivant, un peu fou aussi\u00a0\u00bb, s&rsquo;enthousiasme la jeune femme de 25 ans.<\/p>\n<p class=\"small font-weight-bold text-gray3 \"> publi\u00e9 le 5 ao\u00fbt \u00e0 07h14, AFP<\/p>\n<p>                             Partager<\/p>\n","protected":false},"excerpt":{"rendered":"La fin de la f\u00eate a-t-elle sonn\u00e9 ? Le Royaume-Uni tente d&rsquo;enrayer le d\u00e9clin de sa vie nocturne,&hellip;\n","protected":false},"author":2,"featured_media":299057,"comment_status":"","ping_status":"","sticky":false,"template":"","format":"standard","meta":{"footnotes":""},"categories":[1588],"tags":[11,7341,1777,674,6228,20710,9345,873,12,473,1853,602,1851,1850,1852],"class_list":{"0":"post-299056","1":"post","2":"type-post","3":"status-publish","4":"format-standard","5":"has-post-thumbnail","7":"category-royaume-uni","8":"tag-actualites","9":"tag-discothque","10":"tag-eu","11":"tag-europe","12":"tag-gb","13":"tag-indicateur","14":"tag-inflation","15":"tag-musique","16":"tag-news","17":"tag-royaume-uni","18":"tag-royaume-uni-de-grande-bretagne-et-dirlande-du-nord","19":"tag-tourisme","20":"tag-uk","21":"tag-united-kingdom","22":"tag-united-kingdom-of-great-britain-and-northern-ireland"},"share_on_mastodon":{"url":"https:\/\/pubeurope.com\/@fr\/114978572469738716","error":""},"_links":{"self":[{"href":"https:\/\/www.europesays.com\/fr\/wp-json\/wp\/v2\/posts\/299056","targetHints":{"allow":["GET"]}}],"collection":[{"href":"https:\/\/www.europesays.com\/fr\/wp-json\/wp\/v2\/posts"}],"about":[{"href":"https:\/\/www.europesays.com\/fr\/wp-json\/wp\/v2\/types\/post"}],"author":[{"embeddable":true,"href":"https:\/\/www.europesays.com\/fr\/wp-json\/wp\/v2\/users\/2"}],"replies":[{"embeddable":true,"href":"https:\/\/www.europesays.com\/fr\/wp-json\/wp\/v2\/comments?post=299056"}],"version-history":[{"count":0,"href":"https:\/\/www.europesays.com\/fr\/wp-json\/wp\/v2\/posts\/299056\/revisions"}],"wp:featuredmedia":[{"embeddable":true,"href":"https:\/\/www.europesays.com\/fr\/wp-json\/wp\/v2\/media\/299057"}],"wp:attachment":[{"href":"https:\/\/www.europesays.com\/fr\/wp-json\/wp\/v2\/media?parent=299056"}],"wp:term":[{"taxonomy":"category","embeddable":true,"href":"https:\/\/www.europesays.com\/fr\/wp-json\/wp\/v2\/categories?post=299056"},{"taxonomy":"post_tag","embeddable":true,"href":"https:\/\/www.europesays.com\/fr\/wp-json\/wp\/v2\/tags?post=299056"}],"curies":[{"name":"wp","href":"https:\/\/api.w.org\/{rel}","templated":true}]}}