{"id":299069,"date":"2025-08-05T22:50:13","date_gmt":"2025-08-05T22:50:13","guid":{"rendered":"https:\/\/www.europesays.com\/fr\/299069\/"},"modified":"2025-08-05T22:50:13","modified_gmt":"2025-08-05T22:50:13","slug":"un-choc-deja-encadre-par-un-arrete","status":"publish","type":"post","link":"https:\/\/www.europesays.com\/fr\/299069\/","title":{"rendered":"un choc d\u00e9j\u00e0 encadr\u00e9 par un arr\u00eat\u00e9"},"content":{"rendered":"<p>Zapping Foot National Entretien &#8211; Les dessous du football amateur, avec Romain Molina<\/p>\n<p>De quoi revenir sur les chapeaux de roues. Ce vendredi soir (19h30), l\u2019US Orl\u00e9ans re\u00e7oit effectivement Dijon dans le cadre du gros choc de cette premi\u00e8re journ\u00e9e de National \u00e9dition 2025-2026. D\u00e8s le coup d\u2019envoi de la saison, un match sera encadr\u00e9 par un arr\u00eat\u00e9. En effet, la pr\u00e9fecture du Loiret a d\u00e9cid\u00e9 d\u2019encadrer le d\u00e9placement des supporters dijonnais \u00e0 la suite des incidents survenus aux abords, et dans le stade Gaston-G\u00e9rard (Dijon), le 7 mars dernier lors de la r\u00e9ception des Gu\u00eapes.<\/p>\n<p>Les autorit\u00e9s seront regardantes<\/p>\n<p>Pour rappel, de nombreux fumig\u00e8nes avaient \u00e9t\u00e9 craqu\u00e9s par les supporters orl\u00e9anais. L\u2019un d\u2019entre eux avait m\u00eame caus\u00e9 l\u2019interruption momentan\u00e9e du match apr\u00e8s avoir termin\u00e9 sur la pelouse. De plus, plusieurs bagarres avaient \u00e9t\u00e9 d\u00e9clench\u00e9e dans les tribunes. De quoi pousser la pr\u00e9fecture du Loiret \u00e0 prendre cette d\u00e9cision.\u00a0<\/p>\n<p><a href=\"https:\/\/www.foot-national.com\/actus\/national-un-nouveau-diffuseur-entre-en-jeu-pour-quatre-clubs-920914\" rel=\"nofollow noopener\" target=\"_blank\">National : un nouveau diffuseur entre en jeu pour quatre clubs<\/a><\/p>\n<p><a href=\"https:\/\/www.foot-national.com\/actus\/national-les-dix-grandes-dates-de-la-saison-919409\" rel=\"nofollow noopener\" target=\"_blank\">National : les dix grandes dates de la saison<\/a><\/p>\n<p>Partagez cette info avec vos amis et vos proches en cliquant ici<br \/>Pour r\u00e9sumer<\/p>\n<p>D\u00e8s le coup d\u2019envoi de la saison, un match sera encadr\u00e9 par un arr\u00eat\u00e9. En effet, la pr\u00e9fecture du Loiret a d\u00e9cid\u00e9 d\u2019encadrer le d\u00e9placement des supporters dijonnais \u00e0 la suite des incidents survenus aux abords, et dans le stade Gaston-G\u00e9rard (Dijon), le 7 mars dernier.\u00a0<\/p>\n<p> <img decoding=\"async\" width=\"76\" height=\"76\" loading=\"lazy\" src=\"https:\/\/static.wui.fr\/images_v3\/avatar-footnational.png\" alt=\"Youcef Ghalaza-Boudra\"\/><\/p>\n","protected":false},"excerpt":{"rendered":"Zapping Foot National Entretien &#8211; Les dessous du football amateur, avec Romain Molina De quoi revenir sur les&hellip;\n","protected":false},"author":2,"featured_media":299070,"comment_status":"","ping_status":"","sticky":false,"template":"","format":"standard","meta":{"footnotes":""},"categories":[1416],"tags":[1011,27,479,1468,60],"class_list":{"0":"post-299069","1":"post","2":"type-post","3":"status-publish","4":"format-standard","5":"has-post-thumbnail","7":"category-rugby","8":"tag-fr","9":"tag-france","10":"tag-rugby","11":"tag-rugby-football","12":"tag-sports"},"share_on_mastodon":{"url":"https:\/\/pubeurope.com\/@fr\/114978607801847846","error":""},"_links":{"self":[{"href":"https:\/\/www.europesays.com\/fr\/wp-json\/wp\/v2\/posts\/299069","targetHints":{"allow":["GET"]}}],"collection":[{"href":"https:\/\/www.europesays.com\/fr\/wp-json\/wp\/v2\/posts"}],"about":[{"href":"https:\/\/www.europesays.com\/fr\/wp-json\/wp\/v2\/types\/post"}],"author":[{"embeddable":true,"href":"https:\/\/www.europesays.com\/fr\/wp-json\/wp\/v2\/users\/2"}],"replies":[{"embeddable":true,"href":"https:\/\/www.europesays.com\/fr\/wp-json\/wp\/v2\/comments?post=299069"}],"version-history":[{"count":0,"href":"https:\/\/www.europesays.com\/fr\/wp-json\/wp\/v2\/posts\/299069\/revisions"}],"wp:featuredmedia":[{"embeddable":true,"href":"https:\/\/www.europesays.com\/fr\/wp-json\/wp\/v2\/media\/299070"}],"wp:attachment":[{"href":"https:\/\/www.europesays.com\/fr\/wp-json\/wp\/v2\/media?parent=299069"}],"wp:term":[{"taxonomy":"category","embeddable":true,"href":"https:\/\/www.europesays.com\/fr\/wp-json\/wp\/v2\/categories?post=299069"},{"taxonomy":"post_tag","embeddable":true,"href":"https:\/\/www.europesays.com\/fr\/wp-json\/wp\/v2\/tags?post=299069"}],"curies":[{"name":"wp","href":"https:\/\/api.w.org\/{rel}","templated":true}]}}