{"id":299075,"date":"2025-08-05T22:54:12","date_gmt":"2025-08-05T22:54:12","guid":{"rendered":"https:\/\/www.europesays.com\/fr\/299075\/"},"modified":"2025-08-05T22:54:12","modified_gmt":"2025-08-05T22:54:12","slug":"passion-exigence-et-ambition-le-message-plein-denvie-de-pablo-longoria","status":"publish","type":"post","link":"https:\/\/www.europesays.com\/fr\/299075\/","title":{"rendered":"\u00abPassion, exigence et ambition\u00bb, le message plein d\u2019envie de Pablo Longoria"},"content":{"rendered":"<p>Le pr\u00e9sident de l\u2019Olympique de Marseille d\u00e9barque sur Instagram et en profite pour s\u2019adresser aux fans marseillais.<\/p>\n<p class=\"fig-paragraph\">Pablo Longoria va bien, merci pour lui. Promu pr\u00e9sident de l\u2019OM en f\u00e9vrier 2021, le dirigeant espagnol de 39 ans a pu sembler \u00e9puis\u00e9 au cours de la saison derni\u00e8re.\u00a0<a href=\"http:\/\/www.lefigaro.fr\/sports\/football\/ligue-1\/ligue-1-en-video-pablo-longoria-fou-de-rage-en-tribunes-durant-auxerre-om-20250223\" data-fig-type=\"NewsFlash\" data-gtm-custom-categorie=\"navigation\" data-gtm-custom-action=\"crossclick\" data-gtm-custom-label=\"Contextuel\" data-gtm-event=\"customEventSPE\" data-fig-domain=\"LEFIGARO\" target=\"_blank\" rel=\"noopener\">Il avait d\u2019ailleurs d\u00e9goupill\u00e9 \u00e0 Auxerre<\/a>\u00a0et \u00e9t\u00e9\u00a0<a href=\"http:\/\/www.lefigaro.fr\/sports\/football\/ligue-1\/om-longoria-ecope-de-15-matchs-de-suspension-20250226\" data-fig-type=\"NewsFlash\" data-gtm-custom-categorie=\"navigation\" data-gtm-custom-action=\"crossclick\" data-gtm-custom-label=\"Contextuel\" data-gtm-event=\"customEventSPE\" data-fig-domain=\"LEFIGARO\" target=\"_blank\" rel=\"noopener\">suspendu pour de longues semaines<\/a>. C\u2019est toutefois un Longoria frais et dispo qui attaque la saison 2025-26, comme en atteste un message post\u00e9 par l\u2019int\u00e9ress\u00e9 sur son nouveau compte Instagram ce mardi. \u00abUne nouvelle saison pleine de d\u00e9fis nous attend. Plus que jamais, elle devra s\u2019\u00e9crire avec passion, exigence et ambition\u00bb, assure-t-il, lui qui a rejoint l\u2019OM en 2020 comme directeur sportif.<\/p>\n<p class=\"fig-paragraph\">Et de poursuivre\u00a0: \u00abJe me r\u00e9jouis de pouvoir la vivre avec vous, et de partager ici ce qui m\u2019anime au quotidien\u00bb. Apr\u00e8s un dernier match amical samedi prochain, contre Aston Villa, l\u2019OM de Longoria, qualifi\u00e9 pour la Ligue des champions, se rendra \u00e0 Rennes le 15 ao\u00fbt pour\u00a0<a href=\"https:\/\/www.lefigaro.fr\/sports\/football\/ligue-1\/calendrier-resultats\" target=\"_blank\" rel=\"sponsored noopener\" data-gtm-custom-categorie=\"navigation\" data-gtm-custom-action=\"crossclick\" data-gtm-custom-label=\"Contextuel\" data-gtm-event=\"customEventSPE\">la premi\u00e8re journ\u00e9e de L1<\/a>.<\/p>\n","protected":false},"excerpt":{"rendered":"Le pr\u00e9sident de l\u2019Olympique de Marseille d\u00e9barque sur Instagram et en profite pour s\u2019adresser aux fans marseillais. Pablo&hellip;\n","protected":false},"author":2,"featured_media":299076,"comment_status":"","ping_status":"","sticky":false,"template":"","format":"standard","meta":{"footnotes":""},"categories":[1412],"tags":[1451,1452,1453,1454,1455,1011,27,149,22964,60],"class_list":{"0":"post-299075","1":"post","2":"type-post","3":"status-publish","4":"format-standard","5":"has-post-thumbnail","7":"category-f1","8":"tag-f1","9":"tag-formula-1","10":"tag-formula1","11":"tag-formule-1","12":"tag-formule1","13":"tag-fr","14":"tag-france","15":"tag-om","16":"tag-pablo-longoria","17":"tag-sports"},"share_on_mastodon":{"url":"https:\/\/pubeurope.com\/@fr\/114978623544176965","error":""},"_links":{"self":[{"href":"https:\/\/www.europesays.com\/fr\/wp-json\/wp\/v2\/posts\/299075","targetHints":{"allow":["GET"]}}],"collection":[{"href":"https:\/\/www.europesays.com\/fr\/wp-json\/wp\/v2\/posts"}],"about":[{"href":"https:\/\/www.europesays.com\/fr\/wp-json\/wp\/v2\/types\/post"}],"author":[{"embeddable":true,"href":"https:\/\/www.europesays.com\/fr\/wp-json\/wp\/v2\/users\/2"}],"replies":[{"embeddable":true,"href":"https:\/\/www.europesays.com\/fr\/wp-json\/wp\/v2\/comments?post=299075"}],"version-history":[{"count":0,"href":"https:\/\/www.europesays.com\/fr\/wp-json\/wp\/v2\/posts\/299075\/revisions"}],"wp:featuredmedia":[{"embeddable":true,"href":"https:\/\/www.europesays.com\/fr\/wp-json\/wp\/v2\/media\/299076"}],"wp:attachment":[{"href":"https:\/\/www.europesays.com\/fr\/wp-json\/wp\/v2\/media?parent=299075"}],"wp:term":[{"taxonomy":"category","embeddable":true,"href":"https:\/\/www.europesays.com\/fr\/wp-json\/wp\/v2\/categories?post=299075"},{"taxonomy":"post_tag","embeddable":true,"href":"https:\/\/www.europesays.com\/fr\/wp-json\/wp\/v2\/tags?post=299075"}],"curies":[{"name":"wp","href":"https:\/\/api.w.org\/{rel}","templated":true}]}}