{"id":299081,"date":"2025-08-05T22:57:24","date_gmt":"2025-08-05T22:57:24","guid":{"rendered":"https:\/\/www.europesays.com\/fr\/299081\/"},"modified":"2025-08-05T22:57:24","modified_gmt":"2025-08-05T22:57:24","slug":"ludovic-lamour-est-dans-le-pre-devoile-les-images-impressionnantes-dun-incendie-qui-sest-declare-a-proximite-de-chez-lui","status":"publish","type":"post","link":"https:\/\/www.europesays.com\/fr\/299081\/","title":{"rendered":"Ludovic (L&rsquo;amour est dans le pr\u00e9) d\u00e9voile les images impressionnantes d&rsquo;un incendie qui s&rsquo;est d\u00e9clar\u00e9 \u00e0 proximit\u00e9 de chez lui"},"content":{"rendered":"<p>Dans ses stories Instagram, ce mardi 5 ao\u00fbt, Ludovic (L&rsquo;amour est dans le pr\u00e9) a d\u00e9voil\u00e9 les images impressionnantes de l&rsquo;incendie qui s&rsquo;est d\u00e9clar\u00e9 \u00e0 proximit\u00e9 de son domicile. L&rsquo;agriculture et sa compagne ont mis en garde les gens qui circulaient dans la r\u00e9gion face \u00e0 la propagation des flammes. <\/p>\n<p><a href=\"https:\/\/www.programme-tv.net\/news\/tv\/384704-cetait-tellement-inattendu-julia-adresse-un-tendre-message-a-ludovic-et-donne-rendez-vous-aux-fans-de-l-amour-est-dans-le-pre\/\" data-api-deeplink=\"teleloisirs:\/\/news\/384704\" target=\"_blank\" rel=\"noopener\">Ludovic file le parfait amour avec Julia depuis le bilan de la dix-neuvi\u00e8me saison de L&rsquo;amour est dans le pr\u00e9. <\/a>S&rsquo;il avait choisi <a href=\"https:\/\/www.programme-tv.net\/news\/people\/368177-l-amour-est-dans-le-pre-2024-melanie-et-manon-les-pretendantes-de-ludovic-ont-passe-un-cap-dans-leur-amitie\/\" data-api-deeplink=\"teleloisirs:\/\/news\/368177\" target=\"_blank\" rel=\"noopener\">M\u00e9lanie<\/a> \u00e0 l&rsquo;issue de son s\u00e9jour \u00e0 la ferme, <a href=\"https:\/\/www.programme-tv.net\/news\/tv\/373668-melanie-l-ex-de-ludovic-l-amour-est-dans-le-pre-2024-a-retrouve-l-amour-et-devoile-le-visage-de-son-nouveau-compagnon\/\" data-api-deeplink=\"teleloisirs:\/\/news\/373668\" target=\"_blank\" rel=\"noopener\">son histoire avec sa pr\u00e9tendante a tourn\u00e9 rapidement court et c&rsquo;est seul qu&rsquo;il s&rsquo;\u00e9tait pr\u00e9sent\u00e9 au bilan de cette \u00e9dition<\/a>. Il avait pourtant d\u00e9j\u00e0 en t\u00eate une autre jeune femme, comme il l&rsquo;avait expliqu\u00e9 \u00e0 <a href=\"https:\/\/www.programme-tv.net\/biographie\/491-le-marchand-karine\/\" data-link-people=\"92fe2f1d-4ec9-49e7-b10c-4b824cd1c7ea\" target=\"_blank\" rel=\"noopener\">Karine Le Marchand<\/a>. \u00ab\u00a0\u00c7a fait partie des filles qui m&rsquo;ont \u00e9crit. (&#8230;) On s&rsquo;est appel\u00e9 pendant une semaine et puis elle est venue \u00e0 la maison. (&#8230;) De suite, on s&rsquo;est senti bien\u00a0\u00bb, avait-il indiqu\u00e9. Depuis, le viticulteur partage la vie de sa belle et les deux amoureux s&rsquo;envoient r\u00e9guli\u00e8rement <a href=\"https:\/\/www.programme-tv.net\/news\/people\/368720-le-plus-grand-bonheur-c-est-d-aimer-tres-amoureux-ludovic-et-julia-lamour-est-dans-le-pre-devoilent-des-images-de-leur-vie-a-deux\/\" data-api-deeplink=\"teleloisirs:\/\/news\/368720\" target=\"_blank\" rel=\"noopener\">des mots doux sur les r\u00e9seaux sociaux.<\/a><\/p>\n<p>Ludovic et Julia (L&rsquo;amour est dans le pr\u00e9) mettent en garde leurs abonn\u00e9s face \u00e0 la propagation de l&rsquo;incendie dans l&rsquo;Aude<\/p>\n<p>Mais ce mardi 5 ao\u00fbt, les deux tourtereaux \u00e9taient d&rsquo;humeur un peu plus grave. Install\u00e9s dans l&rsquo;Aude, Ludovic et Julia ont constat\u00e9, d\u00e9sarm\u00e9s, qu&rsquo;un incendie s&rsquo;\u00e9tait abattu sur les communes voisines de la leur. Avec cet \u00e9t\u00e9 souvent caniculaire et \u00e0 cause du vent, le d\u00e9partement a \u00e9t\u00e9 \u00e0 plusieurs reprises la proie des flammes. Le feu s&rsquo;est d\u00e9clar\u00e9 pr\u00e8s du village de Ribaute et mobilise d\u00e9j\u00e0 430 pompiers. \u00ab\u00a0On fait le reportage, ce n&rsquo;est pas du tout pour faire la pub ou quoi que ce soit\u00a0\u00bb, a signal\u00e9 la jeune femme, filmant l&rsquo;\u00e9paisse fum\u00e9e qui s&rsquo;\u00e9levait derri\u00e8re elle. \u00ab\u00a0Il y a le feu juste derri\u00e8re nous, \u00e0 c\u00f4t\u00e9 de chez nous. Tous ceux qui vont vers Lagrasse, les Hautes Corbi\u00e8res&#8230; Il ne faut pas y aller. C&rsquo;est impressionnant !\u00a0\u00bb, a-t-elle alert\u00e9. Julia a ensuite eu un mot d&rsquo;encouragement pour les pompiers et les habitants des communes voisines touch\u00e9es par cet incendie. <a href=\"https:\/\/www.programme-tv.net\/news\/people\/382895-incendies-dans-le-sud-le-temoignage-de-ludovic-et-julia-l-amour-est-dans-le-pre-19-on-essaye-de-rentrer-chez-nous\/\" data-api-deeplink=\"teleloisirs:\/\/news\/382895\" target=\"_blank\" rel=\"noopener\">Ce n&rsquo;est pas la premi\u00e8re fois que Ludovic et Julia sont t\u00e9moins d&rsquo;un feu depuis le d\u00e9but de la p\u00e9riode estivale. <\/a><\/p>\n<p>                        Julia (L&rsquo;amour est dans le pr\u00e9) s&rsquo;\u00e9tait confi\u00e9e sur la maladie h\u00e9r\u00e9ditaire dont souffre sa famille<\/p>\n<p>Dans le podcast Eden Stories, <a href=\"https:\/\/www.programme-tv.net\/news\/people\/375062-il-y-a-des-hauts-et-des-bas-julia-la-compagne-de-ludovic-l-amour-est-dans-le-pre-19-se-confie-sur-sa-maladie-hereditaire\/\" data-api-deeplink=\"teleloisirs:\/\/news\/375062\" target=\"_blank\" rel=\"noopener\">Julia s&rsquo;\u00e9tait confi\u00e9e sur la polykystose h\u00e9pator\u00e9nale, la maladie h\u00e9r\u00e9ditaire dont souffre sa famille.<\/a> \u00ab\u00a0Le gros risque est qu&rsquo;on peut partir tout de suite en septic\u00e9mie. C&rsquo;est un des gros risques \u00e0 prendre en compte. On vit un petit peu avec une \u00e9p\u00e9e de Damocl\u00e8s sur la t\u00eate. Mais au-del\u00e0 de \u00e7a, on vit\u00a0\u00bb, avait-elle indiqu\u00e9. Elle s&rsquo;\u00e9tait ensuite montr\u00e9e optimiste. \u00ab\u00a0On vit avec. On vit plut\u00f4t bien. Il y a des hauts et des bas\u00a0\u00bb, avait-elle ajout\u00e9.<\/p>\n","protected":false},"excerpt":{"rendered":"Dans ses stories Instagram, ce mardi 5 ao\u00fbt, Ludovic (L&rsquo;amour est dans le pr\u00e9) a d\u00e9voil\u00e9 les images&hellip;\n","protected":false},"author":2,"featured_media":299082,"comment_status":"","ping_status":"","sticky":false,"template":"","format":"standard","meta":{"footnotes":""},"categories":[1359],"tags":[244,58,59,1011,27,7988,43939,494,973],"class_list":{"0":"post-299081","1":"post","2":"type-post","3":"status-publish","4":"format-standard","5":"has-post-thumbnail","7":"category-people","8":"tag-commentaire","9":"tag-divertissement","10":"tag-entertainment","11":"tag-fr","12":"tag-france","13":"tag-lamour-est-dans-le-pru00e9","14":"tag-ludovic-lamour-est-dans-le-pru00e9-19","15":"tag-m6","16":"tag-people"},"share_on_mastodon":{"url":"https:\/\/pubeurope.com\/@fr\/114978635680872174","error":""},"_links":{"self":[{"href":"https:\/\/www.europesays.com\/fr\/wp-json\/wp\/v2\/posts\/299081","targetHints":{"allow":["GET"]}}],"collection":[{"href":"https:\/\/www.europesays.com\/fr\/wp-json\/wp\/v2\/posts"}],"about":[{"href":"https:\/\/www.europesays.com\/fr\/wp-json\/wp\/v2\/types\/post"}],"author":[{"embeddable":true,"href":"https:\/\/www.europesays.com\/fr\/wp-json\/wp\/v2\/users\/2"}],"replies":[{"embeddable":true,"href":"https:\/\/www.europesays.com\/fr\/wp-json\/wp\/v2\/comments?post=299081"}],"version-history":[{"count":0,"href":"https:\/\/www.europesays.com\/fr\/wp-json\/wp\/v2\/posts\/299081\/revisions"}],"wp:featuredmedia":[{"embeddable":true,"href":"https:\/\/www.europesays.com\/fr\/wp-json\/wp\/v2\/media\/299082"}],"wp:attachment":[{"href":"https:\/\/www.europesays.com\/fr\/wp-json\/wp\/v2\/media?parent=299081"}],"wp:term":[{"taxonomy":"category","embeddable":true,"href":"https:\/\/www.europesays.com\/fr\/wp-json\/wp\/v2\/categories?post=299081"},{"taxonomy":"post_tag","embeddable":true,"href":"https:\/\/www.europesays.com\/fr\/wp-json\/wp\/v2\/tags?post=299081"}],"curies":[{"name":"wp","href":"https:\/\/api.w.org\/{rel}","templated":true}]}}