{"id":299087,"date":"2025-08-05T23:00:29","date_gmt":"2025-08-05T23:00:29","guid":{"rendered":"https:\/\/www.europesays.com\/fr\/299087\/"},"modified":"2025-08-05T23:00:29","modified_gmt":"2025-08-05T23:00:29","slug":"avec-ses-134-episodes-cette-serie-irreverencieuse-prend-dassaut-le-top-10-par-surprise","status":"publish","type":"post","link":"https:\/\/www.europesays.com\/fr\/299087\/","title":{"rendered":"Avec ses 134 \u00e9pisodes, cette s\u00e9rie irr\u00e9v\u00e9rencieuse prend d&rsquo;assaut le top 10 par surprise"},"content":{"rendered":"<p>Diffus\u00e9e \u00e0 partir de 2011, cette s\u00e9rie vient tout juste de faire son arriv\u00e9e sur la plateforme de streaming Netflix. Une entr\u00e9e triomphante, puisqu&rsquo;elle est d\u00e9j\u00e0 dans le classement du g\u00e9ant de la SVOD \u00e0 la quatri\u00e8me place. 134 \u00e9pisodes qui font donc un carton aupr\u00e8s des abonn\u00e9s.<\/p>\n<p>\u00c0 ce jour, le classement des s\u00e9ries les plus vues sur Netflix est quasiment compos\u00e9 de s\u00e9ries originales de la plateforme de streaming. La troisi\u00e8me place du podium est justement prise par la premi\u00e8re saison de <a href=\"https:\/\/www.programme-tv.net\/news\/series-tv\/384459-mercredi-pour-les-nuls-le-recap-de-tout-ce-dont-il-faut-se-rappeler-avant-de-lancer-la-saison-2-sur-netflix\/\" data-api-deeplink=\"teleloisirs:\/\/news\/384459\" target=\"_blank\" rel=\"noopener\">Mercredi<\/a>, qui a fait un retour en force dans le top \u00e0 24 heures de la mise en ligne d&rsquo;une nouvelle salve d&rsquo;\u00e9pisodes qui arriveront donc ce mercredi 6 ao\u00fbt. La seconde place du classement est occup\u00e9e par <a href=\"https:\/\/www.programme-tv.net\/news\/series-tv\/384273-netflix-il-na-fallu-que-12-jours-a-la-plateforme-pour-renouveler-la-serie-numero-1-du-moment\/\" data-api-deeplink=\"teleloisirs:\/\/news\/384273\" target=\"_blank\" rel=\"noopener\">Une Nature sauvage, renouvel\u00e9e par Netflix apr\u00e8s 12 jours<\/a>. Quant \u00e0 la premi\u00e8re marche du podium de la plateforme, c&rsquo;est la s\u00e9rie P\u00each\u00e9s Inavouables qui l&rsquo;occupe. Un succ\u00e8s qui contraste avec <a href=\"https:\/\/www.programme-tv.net\/news\/series-tv\/384579-rien-na-de-sens-cette-serie-netflix-est-numero-1-du-top-et-personne-ne-comprend-pourquoi\/\" data-api-deeplink=\"teleloisirs:\/\/news\/384579\" target=\"_blank\" rel=\"noopener\">les avis des internautes, qui n&rsquo;ont pas bien compris le sens de la s\u00e9rie.<\/a><\/p>\n<p>Shameless cartonne sur Netflix et int\u00e8gre le top<\/p>\n<p>Dans ce classement, seule une s\u00e9rie n&rsquo;est pas produite par Netflix. Il s&rsquo;agit de Shameless, qui a vu le jour en 2011 sur Showtime avant d&rsquo;\u00eatre pr\u00e9sente du c\u00f4t\u00e9 de la concurrence, sur Prime Video. D\u00e9sormais sur Netflix, les 134 \u00e9pisodes qui composent les onze saisons de la s\u00e9rie ont \u00e9t\u00e9 r\u00e9ellement appr\u00e9ci\u00e9s par les abonn\u00e9s du g\u00e9ant de la SVOD, puisqu&rsquo;elle occupe actuellement la quatri\u00e8me place du classement. Le moins que l&rsquo;on puisse dire, c&rsquo;est que depuis les onze saisons, <a href=\"https:\/\/www.programme-tv.net\/news\/series-tv\/90063-shameless-canal-en-six-saisons-les-acteurs-ont-bien-change-35-photos\/\" data-api-deeplink=\"teleloisirs:\/\/news\/90063\" target=\"_blank\" rel=\"noopener\">les com\u00e9diens de Shameless ont bien chang\u00e9.<\/a> Pour les plus curieux,<a href=\"https:\/\/www.programme-tv.net\/news\/series-tv\/277409-shameless-prime-video-comment-se-finit-la-serie\/\" data-api-deeplink=\"teleloisirs:\/\/news\/277409\" target=\"_blank\" rel=\"noopener\"> on vous a d\u00e9j\u00e0 expliqu\u00e9 la fin de la s\u00e9rie.<\/a><\/p>\n<p>                        De quoi parle Shameless qui cartonne sur Netflix ?<\/p>\n<p>La s\u00e9rie suit les enfants Gallagher, dont les parents ne sont pas vraiment pr\u00e9sents. Alors que leur m\u00e8re, Monica, les a abandonn\u00e9s pour refaire sa vie avec une femme, leur p\u00e8re est physiquement l\u00e0, mais totalement absent. Compl\u00e8tement paum\u00e9, il est ch\u00f4meur, alcoolique et n&rsquo;h\u00e9site pas non plus \u00e0 dilapider l&rsquo;argent des allocations familiales. Fiona, l&rsquo;a\u00een\u00e9e de la fratrie, fait alors du mieux qu&rsquo;elle peut pour \u00e9lever sa s\u0153ur et ses quatre fr\u00e8res.<\/p>\n<p>Article \u00e9crit avec la collaboration de 6m\u00e9dias.<\/p>\n","protected":false},"excerpt":{"rendered":"Diffus\u00e9e \u00e0 partir de 2011, cette s\u00e9rie vient tout juste de faire son arriv\u00e9e sur la plateforme de&hellip;\n","protected":false},"author":2,"featured_media":299088,"comment_status":"","ping_status":"","sticky":false,"template":"","format":"standard","meta":{"footnotes":""},"categories":[1356],"tags":[244,58,59,1011,27,127,1722,43940,129,252,1364],"class_list":{"0":"post-299087","1":"post","2":"type-post","3":"status-publish","4":"format-standard","5":"has-post-thumbnail","7":"category-television","8":"tag-commentaire","9":"tag-divertissement","10":"tag-entertainment","11":"tag-fr","12":"tag-france","13":"tag-netflix","14":"tag-pub-streaming-netflix","15":"tag-shameless","16":"tag-svod","17":"tag-television","18":"tag-tv"},"share_on_mastodon":{"url":"https:\/\/pubeurope.com\/@fr\/114978647233873777","error":""},"_links":{"self":[{"href":"https:\/\/www.europesays.com\/fr\/wp-json\/wp\/v2\/posts\/299087","targetHints":{"allow":["GET"]}}],"collection":[{"href":"https:\/\/www.europesays.com\/fr\/wp-json\/wp\/v2\/posts"}],"about":[{"href":"https:\/\/www.europesays.com\/fr\/wp-json\/wp\/v2\/types\/post"}],"author":[{"embeddable":true,"href":"https:\/\/www.europesays.com\/fr\/wp-json\/wp\/v2\/users\/2"}],"replies":[{"embeddable":true,"href":"https:\/\/www.europesays.com\/fr\/wp-json\/wp\/v2\/comments?post=299087"}],"version-history":[{"count":0,"href":"https:\/\/www.europesays.com\/fr\/wp-json\/wp\/v2\/posts\/299087\/revisions"}],"wp:featuredmedia":[{"embeddable":true,"href":"https:\/\/www.europesays.com\/fr\/wp-json\/wp\/v2\/media\/299088"}],"wp:attachment":[{"href":"https:\/\/www.europesays.com\/fr\/wp-json\/wp\/v2\/media?parent=299087"}],"wp:term":[{"taxonomy":"category","embeddable":true,"href":"https:\/\/www.europesays.com\/fr\/wp-json\/wp\/v2\/categories?post=299087"},{"taxonomy":"post_tag","embeddable":true,"href":"https:\/\/www.europesays.com\/fr\/wp-json\/wp\/v2\/tags?post=299087"}],"curies":[{"name":"wp","href":"https:\/\/api.w.org\/{rel}","templated":true}]}}