{"id":299089,"date":"2025-08-05T23:01:12","date_gmt":"2025-08-05T23:01:12","guid":{"rendered":"https:\/\/www.europesays.com\/fr\/299089\/"},"modified":"2025-08-05T23:01:12","modified_gmt":"2025-08-05T23:01:12","slug":"line-renaud-se-rejouit-de-la-fin-du-cancer-de-florent-pagny","status":"publish","type":"post","link":"https:\/\/www.europesays.com\/fr\/299089\/","title":{"rendered":"Line Renaud se r\u00e9jouit de la fin du cancer de Florent Pagny"},"content":{"rendered":"<p class=\"mb-4 text-lg md:leading-8 break-words\">Line Renaud, qui a f\u00eat\u00e9 ses 97\u00a0ans le 2\u00a0juillet, est aussi bien entour\u00e9e qu&rsquo;elle prend soin des autres. Ces derni\u00e8res semaines, la chanteuse et com\u00e9dienne\u00a0a eu le plaisir de compter parmi ses invit\u00e9s dans sa maison de la Jonch\u00e8re, \u00e0 Rueil-Malmaison (Hauts-de-Seine), l&rsquo;un de ses amis de longue date\u00a0: Florent Pagny. Le chanteur \u00e9tait venu rendre visite \u00e0 son a\u00een\u00e9e\u00a0en m\u00eame temps que Michelle Yeoh et son mari Jean Todt, \u00e9galement fid\u00e8les de Line Renaud. Une\u00a0r\u00e9union amicale immortalis\u00e9e par la\u00a0<a class=\"link \" href=\"https:\/\/www.lepoint.fr\/societe\/carnet-michelle-yeoh-oscar-de-la-meilleure-actrice-17-03-2023-2512445_23.php\" rel=\"nofollow noopener\" target=\"_blank\" data-ylk=\"slk:com\u00e9dienne malaisienne oscaris\u00e9e;elm:context_link;itc:0;sec:content-canvas\">com\u00e9dienne malaisienne oscaris\u00e9e<\/a>\u00a0sur Instagram.<\/p>\n<p class=\"mb-4 text-lg md:leading-8 break-words\"><a href=\"https:\/\/www.instagram.com\/p\/DMYee64CIwT\/?utm_source=ig_embed&amp;utm_campaign=loading\" rel=\"nofollow noopener\" target=\"_blank\" data-ylk=\"slk:Voir cette publication sur Instagram;elm:context_link;itc:0;sec:content-canvas\" class=\"link \">Voir cette publication sur Instagram<\/a><\/p>\n<p class=\"mb-4 text-lg md:leading-8 break-words\"><a href=\"https:\/\/www.instagram.com\/p\/DMYee64CIwT\/?utm_source=ig_embed&amp;utm_campaign=loading\" rel=\"nofollow noopener\" target=\"_blank\" data-ylk=\"slk:Une publication partag\u00e9e par Michelle Yeoh \u694a\u7d2b\u74ca (@michelleyeoh_official);elm:context_link;itc:0;sec:content-canvas\" class=\"link \">Une publication partag\u00e9e par Michelle Yeoh \u694a\u7d2b\u74ca (@michelleyeoh_official)<\/a><\/p>\n<p class=\"mb-4 text-lg md:leading-8 break-words\">En bonne compagnie aupr\u00e8s de <a class=\"link \" href=\"https:\/\/www.lepoint.fr\/people\/fin-de-vie-line-renaud-tellement-heureuse-d-une-loi-a-venir-11-03-2024-2554715_2116.php\" rel=\"nofollow noopener\" target=\"_blank\" data-ylk=\"slk:la rayonnante ex-meneuse de revue;elm:context_link;itc:0;sec:content-canvas\">la rayonnante ex-meneuse de revue<\/a>, Florent Pagny s&rsquo;est livr\u00e9 sur sa maladie. C&rsquo;est ce qu&rsquo;a racont\u00e9 au <a class=\"link \" href=\"https:\/\/www.leparisien.fr\/culture-loisirs\/tv\/une-belle-course-diffuse-sur-tf-1-jattends-mes-100-ans-sourit-line-renaud-03-08-2025-4QEGCNFQ2NA6PJU6V3H2XNCOVQ.php?ts=1754384789442\" rel=\"nofollow noopener\" target=\"_blank\" data-ylk=\"slk:Parisien;elm:context_link;itc:0;sec:content-canvas\">Parisien<\/a> Line Renaud, d\u00e9voilant, avec une joie sinc\u00e8re, la bonne nouvelle\u00a0: la maladie de Florent Pagny est \u00ab\u00a0finie\u00a0\u00bb.<\/p>\n<p>\u00ab\u00a0Normalement, il est gu\u00e9ri\u00a0\u00bb<\/p>\n<p class=\"mb-4 text-lg md:leading-8 break-words\">Line Renaud pr\u00e9cise, avec les pr\u00e9cautions d&rsquo;usage quand il s&rsquo;agit d&rsquo;un cancer\u00a0: \u00ab\u00a0Normalement, il est gu\u00e9ri.\u00a0\u00bb Et d&rsquo;ajouter qu&rsquo;elle a \u00ab\u00a0une profonde admiration pour lui\u00a0\u00bb. En mai, Florent Pagny avait lui-m\u00eame assur\u00e9 \u00eatre en r\u00e9mission <a class=\"link \" href=\"https:\/\/www.lepoint.fr\/culture\/florent-pagny-se-confie-sur-l-evolution-de-son-cancer-05-03-2023-2510934_3.php\" rel=\"nofollow noopener\" target=\"_blank\" data-ylk=\"slk:du cancer des poumons;elm:context_link;itc:0;sec:content-canvas\">du cancer des poumons<\/a> qui lui avait \u00e9t\u00e9 diagnostiqu\u00e9 en janvier\u00a02022.<\/p>\n<p class=\"mb-4 text-lg md:leading-8 break-words\">Dans\u00a0<a class=\"link \" href=\"https:\/\/www.rtl.fr\/culture\/musique\/florent-pagny-raconte-sur-rtl-la-genese-de-t-aimer-encore-sa-premiere-chanson-depuis-son-cancer-7900500675\" rel=\"nofollow noopener\" target=\"_blank\" data-ylk=\"slk:RTL Matin;elm:context_link;itc:0;sec:content-canvas\">RTL Matin<\/a>, venu pr\u00e9senter sa premi\u00e8re chanson en quatre ans, <a class=\"link \" href=\"https:\/\/www.lepoint.fr\/people\/t-aimer-encore-le-titre-inedit-de-florent-pagny-compose-par-vianney-02-05-2025-2588690_2116.php\" rel=\"nofollow noopener\" target=\"_blank\" data-ylk=\"slk:\u00ab\u00a0T&#039;aimer encore\u00a0\u00bb, sign\u00e9e Vianney;elm:context_link;itc:0;sec:content-canvas\">\u00ab\u00a0T&rsquo;aimer encore\u00a0\u00bb, sign\u00e9e Vianney<\/a>, Florent Pagny avait confi\u00e9, apr\u00e8s ses\u00a0deux r\u00e9cidives et des\u00a0<a class=\"link \" href=\"https:\/\/www.lepoint.fr\/people\/florent-pagny-entame-sa-troisieme-chimio-contre-son-cancer-05-04-2023-2515039_2116.php\" rel=\"nofollow noopener\" target=\"_blank\" data-ylk=\"slk:traitements longs et p\u00e9nibles;elm:context_link;itc:0;sec:content-canvas\">traitements longs et p\u00e9nibles<\/a>\u00a0: \u00ab\u00a0C [&#8230;] <a href=\"https:\/\/www.lepoint.fr\/people\/normalement-il-est-gueri-line-renaud-se-rejouit-de-la-fin-du-cancer-de-florent-pagny-05-08-2025-2595792_2116.php\" rel=\"nofollow noopener\" target=\"_blank\" data-ylk=\"slk:Lire la suite;elm:context_link;itc:0;sec:content-canvas\" class=\"link \">Lire la suite<\/a><\/p>\n<p><script async src=\"\/\/www.instagram.com\/embed.js\"><\/script><\/p>\n","protected":false},"excerpt":{"rendered":"Line Renaud, qui a f\u00eat\u00e9 ses 97\u00a0ans le 2\u00a0juillet, est aussi bien entour\u00e9e qu&rsquo;elle prend soin des autres.&hellip;\n","protected":false},"author":2,"featured_media":299090,"comment_status":"","ping_status":"","sticky":false,"template":"","format":"standard","meta":{"footnotes":""},"categories":[1355],"tags":[43941,58,59,3109,1011,27,9005,18994,43942,1361,873],"class_list":{"0":"post-299089","1":"post","2":"type-post","3":"status-publish","4":"format-standard","5":"has-post-thumbnail","7":"category-musique","8":"tag-cancer-des-poumons","9":"tag-divertissement","10":"tag-entertainment","11":"tag-florent-pagny","12":"tag-fr","13":"tag-france","14":"tag-la-chanteuse","15":"tag-line-renaud","16":"tag-michelle-yeoh","17":"tag-music","18":"tag-musique"},"share_on_mastodon":{"url":"https:\/\/pubeurope.com\/@fr\/114978651114857880","error":""},"_links":{"self":[{"href":"https:\/\/www.europesays.com\/fr\/wp-json\/wp\/v2\/posts\/299089","targetHints":{"allow":["GET"]}}],"collection":[{"href":"https:\/\/www.europesays.com\/fr\/wp-json\/wp\/v2\/posts"}],"about":[{"href":"https:\/\/www.europesays.com\/fr\/wp-json\/wp\/v2\/types\/post"}],"author":[{"embeddable":true,"href":"https:\/\/www.europesays.com\/fr\/wp-json\/wp\/v2\/users\/2"}],"replies":[{"embeddable":true,"href":"https:\/\/www.europesays.com\/fr\/wp-json\/wp\/v2\/comments?post=299089"}],"version-history":[{"count":0,"href":"https:\/\/www.europesays.com\/fr\/wp-json\/wp\/v2\/posts\/299089\/revisions"}],"wp:featuredmedia":[{"embeddable":true,"href":"https:\/\/www.europesays.com\/fr\/wp-json\/wp\/v2\/media\/299090"}],"wp:attachment":[{"href":"https:\/\/www.europesays.com\/fr\/wp-json\/wp\/v2\/media?parent=299089"}],"wp:term":[{"taxonomy":"category","embeddable":true,"href":"https:\/\/www.europesays.com\/fr\/wp-json\/wp\/v2\/categories?post=299089"},{"taxonomy":"post_tag","embeddable":true,"href":"https:\/\/www.europesays.com\/fr\/wp-json\/wp\/v2\/tags?post=299089"}],"curies":[{"name":"wp","href":"https:\/\/api.w.org\/{rel}","templated":true}]}}