{"id":299091,"date":"2025-08-05T23:02:15","date_gmt":"2025-08-05T23:02:15","guid":{"rendered":"https:\/\/www.europesays.com\/fr\/299091\/"},"modified":"2025-08-05T23:02:15","modified_gmt":"2025-08-05T23:02:15","slug":"george-clooney-repond-sans-detour-aux-attaques-incessantes-sur-son-jeu-dacteur-je-men-tape","status":"publish","type":"post","link":"https:\/\/www.europesays.com\/fr\/299091\/","title":{"rendered":"George Clooney r\u00e9pond sans d\u00e9tour aux attaques incessantes sur son jeu d&rsquo;acteur\u00a0: \u00ab\u00a0Je m&rsquo;en tape\u00a0\u00bb"},"content":{"rendered":"<p class=\"ap-StoryElement ap-StoryElement--mb js-paywall-target ap-StoryText\">Dans une interview accord\u00e9e \u00e0 Vanity Fair, la star de la s\u00e9rie Urgences, de la trilogie Ocean&rsquo;s ou encore de Gravity a expliqu\u00e9 ne pas tenir compte des <b>avis n\u00e9gatifs<\/b> sur son<b> jeu d&rsquo;acteur<\/b> et ses performances jug\u00e9es unidimensionnelles et peu inspir\u00e9es. \u00ab\u00a0Les gens disent que je joue mon propre r\u00f4le ? Je m&rsquo;en tape. Il n&rsquo;y a pas beaucoup de com\u00e9diens dans ma tranche d&rsquo;\u00e2ge qui sont autoris\u00e9s \u00e0 faire des com\u00e9dies comme O&rsquo;Brother, puis d&rsquo;encha\u00eener avec Michael Clayton ou Syriana (r\u00e9compens\u00e9 de l&rsquo;Oscar du meilleur acteur dans un second r\u00f4le en 2006). Donc si cela signifie que je ne fais que jouer mon propre r\u00f4le, je m&rsquo;en cogne\u00a0\u00bb, a-t-il d\u00e9but\u00e9 avec force.<\/p>\n<p>L&rsquo;\u00e9closion de George Clooney sur le tard<\/p>\n<p class=\"ap-StoryElement ap-StoryElement--mb ap-StoryText\">L&rsquo;acteur, r\u00e9alisateur, sc\u00e9nariste et producteur de cin\u00e9ma, <b>nomm\u00e9 huit fois aux Oscars<\/b> dans six cat\u00e9gories diff\u00e9rentes, a rappel\u00e9 avoir perc\u00e9 sur le tard apr\u00e8s plusieurs ann\u00e9es de dur labeur. \u00ab\u00a0J&rsquo;ai eu le privil\u00e8ge d&rsquo;avoir une carri\u00e8re qui n&rsquo;a pas rencontr\u00e9 un immense succ\u00e8s de plusieurs mani\u00e8res. Je n&rsquo;ai pas r\u00e9ussi \u00e0 percer, le type de succ\u00e8s qui peut vous aveugler, <b>avant mes 33 ans<\/b>. J&rsquo;ai travaill\u00e9 douze ann\u00e9es avant cela. J&rsquo;avais une id\u00e9e concr\u00e8te de la fragilit\u00e9 que tout cela peut avoir, et \u00e0 quel point cela n&rsquo;avait rien \u00e0 voir avec ma personne, tr\u00e8s honn\u00eatement\u00a0\u00bb, a-t-il conclu.<\/p>\n<p><a href=\"https:\/\/www.parismatch.be\/actualites\/people\/2025\/04\/23\/je-men-fiche-george-clooney-repond-a-donald-trump-qui-la-qualifie-dacteur-de-seconde-zone-G5H7DWNTERCZHILDJ4S6724UNM\/\" target=\"_blank\" rel=\"noopener noreferrer nofollow\" class=\"ap-StoryInterstitialLink ap-StoryElement ap-StoryElement--mb\">\u00ab\u00a0Je m&rsquo;en fiche\u00a0\u00bb : George Clooney r\u00e9pond \u00e0 Donald Trump, qui l&rsquo;a qualifi\u00e9 d&rsquo;acteur \u00ab\u00a0de seconde zone\u00a0\u00bb<\/a><\/p>\n","protected":false},"excerpt":{"rendered":"Dans une interview accord\u00e9e \u00e0 Vanity Fair, la star de la s\u00e9rie Urgences, de la trilogie Ocean&rsquo;s ou&hellip;\n","protected":false},"author":2,"featured_media":299092,"comment_status":"","ping_status":"","sticky":false,"template":"","format":"standard","meta":{"footnotes":""},"categories":[1354],"tags":[972,650,58,59,1346,1011,27,1360,973],"class_list":{"0":"post-299091","1":"post","2":"type-post","3":"status-publish","4":"format-standard","5":"has-post-thumbnail","7":"category-films","8":"tag-celebrite","9":"tag-cinema","10":"tag-divertissement","11":"tag-entertainment","12":"tag-films","13":"tag-fr","14":"tag-france","15":"tag-movies","16":"tag-people"},"share_on_mastodon":{"url":"https:\/\/pubeurope.com\/@fr\/114978655089660046","error":""},"_links":{"self":[{"href":"https:\/\/www.europesays.com\/fr\/wp-json\/wp\/v2\/posts\/299091","targetHints":{"allow":["GET"]}}],"collection":[{"href":"https:\/\/www.europesays.com\/fr\/wp-json\/wp\/v2\/posts"}],"about":[{"href":"https:\/\/www.europesays.com\/fr\/wp-json\/wp\/v2\/types\/post"}],"author":[{"embeddable":true,"href":"https:\/\/www.europesays.com\/fr\/wp-json\/wp\/v2\/users\/2"}],"replies":[{"embeddable":true,"href":"https:\/\/www.europesays.com\/fr\/wp-json\/wp\/v2\/comments?post=299091"}],"version-history":[{"count":0,"href":"https:\/\/www.europesays.com\/fr\/wp-json\/wp\/v2\/posts\/299091\/revisions"}],"wp:featuredmedia":[{"embeddable":true,"href":"https:\/\/www.europesays.com\/fr\/wp-json\/wp\/v2\/media\/299092"}],"wp:attachment":[{"href":"https:\/\/www.europesays.com\/fr\/wp-json\/wp\/v2\/media?parent=299091"}],"wp:term":[{"taxonomy":"category","embeddable":true,"href":"https:\/\/www.europesays.com\/fr\/wp-json\/wp\/v2\/categories?post=299091"},{"taxonomy":"post_tag","embeddable":true,"href":"https:\/\/www.europesays.com\/fr\/wp-json\/wp\/v2\/tags?post=299091"}],"curies":[{"name":"wp","href":"https:\/\/api.w.org\/{rel}","templated":true}]}}