{"id":299109,"date":"2025-08-05T23:17:01","date_gmt":"2025-08-05T23:17:01","guid":{"rendered":"https:\/\/www.europesays.com\/fr\/299109\/"},"modified":"2025-08-05T23:17:01","modified_gmt":"2025-08-05T23:17:01","slug":"tir-pas-de-nouvelle-medaille-pour-thibaut-hagen-aux-championnats-deurope","status":"publish","type":"post","link":"https:\/\/www.europesays.com\/fr\/299109\/","title":{"rendered":"Tir. Pas de nouvelle m\u00e9daille pour Thibaut Hagen aux championnats d\u2019Europe"},"content":{"rendered":"<p>Double m\u00e9daill\u00e9 d\u2019or par \u00e9quipe, <a href=\"https:\/\/www.estrepublicain.fr\/sport\/2025\/07\/30\/le-nanceien-thibaut-hagen-champion-d-europe-par-equipes\" target=\"_blank\" rel=\"noopener\">au pistolet standard<\/a> puis <a href=\"https:\/\/www.estrepublicain.fr\/sport\/2025\/08\/01\/une-deuxieme-medaille-d-or-pour-thibaut-hagen\" target=\"_blank\" rel=\"noopener\">au pistolet 25 m<\/a> , le junior Thibaut Hagen n\u2019est pas pass\u00e9 loin d\u2019une troisi\u00e8me m\u00e9daille dans ces championnats d\u2019Europe de Ch\u00e2teauroux, en individuel cette fois. Qualifi\u00e9 pour la finale de l\u2019\u00e9preuve de vitesse olympique, le tireur nanc\u00e9ien a d\u00fb se contenter de la 5e  place avec un total de 13 points, dans une \u00e9preuve o\u00f9 ses co\u00e9quipiers Arnaud Gamaleri (24 pts) et Thomas Cl\u00e9ment Chinours (23 pts) ont sign\u00e9 un joli doubl\u00e9, l\u2019Ukrainien Vladyslav Medushevskyi compl\u00e9tant le podium.<\/p>\n","protected":false},"excerpt":{"rendered":"Double m\u00e9daill\u00e9 d\u2019or par \u00e9quipe, au pistolet standard puis au pistolet 25 m , le junior Thibaut Hagen&hellip;\n","protected":false},"author":2,"featured_media":299110,"comment_status":"","ping_status":"","sticky":false,"template":"","format":"standard","meta":{"footnotes":""},"categories":[9635],"tags":[1111,11,1704,1777,674,1011,27,775,1702,1703,12,25,517,1700,9805],"class_list":{"0":"post-299109","1":"post","2":"type-post","3":"status-publish","4":"format-standard","5":"has-post-thumbnail","7":"category-nancy","8":"tag-actu","9":"tag-actualites","10":"tag-edition-nancy-et-agglomeration","11":"tag-eu","12":"tag-europe","13":"tag-fr","14":"tag-france","15":"tag-grand-est","16":"tag-nancy","17":"tag-nancy-ville-54b","18":"tag-news","19":"tag-republique-francaise","20":"tag-sport","21":"tag-sport-lorrain","22":"tag-tir"},"share_on_mastodon":{"url":"https:\/\/pubeurope.com\/@fr\/114978713951258190","error":""},"_links":{"self":[{"href":"https:\/\/www.europesays.com\/fr\/wp-json\/wp\/v2\/posts\/299109","targetHints":{"allow":["GET"]}}],"collection":[{"href":"https:\/\/www.europesays.com\/fr\/wp-json\/wp\/v2\/posts"}],"about":[{"href":"https:\/\/www.europesays.com\/fr\/wp-json\/wp\/v2\/types\/post"}],"author":[{"embeddable":true,"href":"https:\/\/www.europesays.com\/fr\/wp-json\/wp\/v2\/users\/2"}],"replies":[{"embeddable":true,"href":"https:\/\/www.europesays.com\/fr\/wp-json\/wp\/v2\/comments?post=299109"}],"version-history":[{"count":0,"href":"https:\/\/www.europesays.com\/fr\/wp-json\/wp\/v2\/posts\/299109\/revisions"}],"wp:featuredmedia":[{"embeddable":true,"href":"https:\/\/www.europesays.com\/fr\/wp-json\/wp\/v2\/media\/299110"}],"wp:attachment":[{"href":"https:\/\/www.europesays.com\/fr\/wp-json\/wp\/v2\/media?parent=299109"}],"wp:term":[{"taxonomy":"category","embeddable":true,"href":"https:\/\/www.europesays.com\/fr\/wp-json\/wp\/v2\/categories?post=299109"},{"taxonomy":"post_tag","embeddable":true,"href":"https:\/\/www.europesays.com\/fr\/wp-json\/wp\/v2\/tags?post=299109"}],"curies":[{"name":"wp","href":"https:\/\/api.w.org\/{rel}","templated":true}]}}