{"id":299117,"date":"2025-08-05T23:25:19","date_gmt":"2025-08-05T23:25:19","guid":{"rendered":"https:\/\/www.europesays.com\/fr\/299117\/"},"modified":"2025-08-05T23:25:19","modified_gmt":"2025-08-05T23:25:19","slug":"pres-de-grenoble-la-gratuite-de-la49-exigee-pour-les-habitants-de-cette-zone-sinistree","status":"publish","type":"post","link":"https:\/\/www.europesays.com\/fr\/299117\/","title":{"rendered":"Pr\u00e8s de Grenoble. La gratuit\u00e9 de l&rsquo;A49 exig\u00e9e pour les habitants de cette zone sinistr\u00e9e"},"content":{"rendered":"<p>            Par<br \/>\n        <strong><br \/>\n            <a href=\"https:\/\/actu.fr\/auteur\/lisa-rodrigues\" title=\"Consulter tous les articles de Lisa Rodrigues\" rel=\"nofollow noopener\" target=\"_blank\">Lisa Rodrigues<\/a><br \/>\n        <\/strong><\/p>\n<p>        Publi\u00e9 le<\/p>\n<p>            5 ao\u00fbt 2025 \u00e0 6h30        <\/p>\n<p><img decoding=\"async\" loading=\"lazy\" src=\"https:\/\/www.europesays.com\/fr\/wp-content\/uploads\/2025\/08\/la-montagne-gronde-960x640.png\" alt=\"Une p\u00e9tition d'\u00e9lus locaux r\u00e9clame la gratuit\u00e9 d'une partie de l'A49 en Is\u00e8re pour les habitants des communes impact\u00e9es par l'\u00e9boulement de La Rivi\u00e8re.\" width=\"960\" height=\"640\"\/>Une p\u00e9tition d\u2019\u00e9lus locaux r\u00e9clame la gratuit\u00e9 d\u2019une partie de l\u2019A49 en Is\u00e8re pour les habitants des communes impact\u00e9es par l\u2019\u00e9boulement de La Rivi\u00e8re. (\u00a9Facebook La Montagne Gronde)<\/p>\n<p class=\" wall-content\">Un an que les habitants des communes du sud de <a href=\"https:\/\/actu.fr\/auvergne-rhone-alpes\/grenoble_38185\" rel=\"nofollow noopener\" target=\"_blank\">Grenoble<\/a>, entre le Vercors et le sud-Gr\u00e9sivaudan, sont bloqu\u00e9s par <strong>un million de m3 de roches<\/strong> dans leurs trajets vers l\u2019agglom\u00e9ration grenobloise.<\/p>\n<p>    <a href=\"https:\/\/www.google.com\/maps\/embed?pb=!1m18!1m12!1m3!1d37810.924929197994!2d5.464125722657128!3d45.22121939908534!2m3!1f0!2f0!3f0!3m2!1i1024!2i768!4f13.1!3m3!1m2!1s0x478aebc832586109%3A0x408ab2ae4be6f10!2s38210%20La%20Rivi%C3%A8re!5e0!3m2!1sfr!2sfr!4v1754315624397!5m2!1sfr!2sfr\" title=\"Ouvrie le lien\" rel=\"nofollow noopener\" target=\"_blank\">Cliquez ici pour visualiser le contenu<\/a><\/p>\n<p class=\" wall-content\">En juillet 2024, un <a href=\"https:\/\/actu.fr\/auvergne-rhone-alpes\/la-riviere_38338\/enorme-eboulement-en-isere-des-recherches-d-eventuelles-victimes-en-cours-ce-que-l-on-sait_61407288.html\" rel=\"nofollow noopener\" target=\"_blank\">gigantesque \u00e9boulement<\/a> termine sa course sur la RD 1532 entre les communes de Saint-Gervais et de La Rivi\u00e8re, par miracle sans faire de victimes.<\/p>\n<p class=\" wall-content\">Une situation qui force les locaux \u00e0 emprunter une route plus longue mais traversant diverses communes sur la rive droite, ou <strong>l\u2019autoroute A49<\/strong>. C\u2019est d\u2019ailleurs ce dernier trajet qui est recommand\u00e9 par les autorit\u00e9s publiques pour limiter l\u2019engorgement des communes de la rive droite de l\u2019Is\u00e8re.<\/p>\n<p>\u00ab\u00a0Une mesure de justice fiscale\u00a0\u00bb<\/p>\n<p class=\" wall-content\">Une situation que d\u00e9nonce une <a href=\"https:\/\/actu.fr\/auvergne-rhone-alpes\/la-riviere_38338\/eboulement-en-isere-une-deputee-reclame-la-gratuite-de-l-a49-pour-les-habitants_62449940.html\" rel=\"nofollow noopener\" target=\"_blank\">nouvelle fois<\/a> une dizaine d\u2019\u00e9lus locaux \u2013 maires, s\u00e9nateur, d\u00e9put\u00e9e, conseillers d\u00e9partementaux \u2013 dans une <strong>tribune<\/strong> \u00e0 l\u2019attention de la pr\u00e9f\u00e8te de l\u2019Is\u00e8re et du directeur g\u00e9n\u00e9ral d\u2019APRR-AREA, gestionnaire de l\u2019A49. Ils r\u00e9clament ainsi <strong>la gratuit\u00e9<\/strong> d\u2019une partie de l\u2019autoroute.<\/p>\n<blockquote class=\"ac-article-quote wall-content\">\n<p>L\u2019usage de cette portion d\u2019autoroute entre Vinay (voire Saint-Marcellin) et Tullins \u00e9tant incontournable pour les habitantes et habitants des 14 communes impact\u00e9es par cet \u00e9boulement et pour les personnes \u00e9tant amen\u00e9es \u00e0 se rendre dans ces communes, nous demandons \u00e0 ce que ce tron\u00e7on soit gratuit pour toutes et tous.<\/p>\n<p>    <strong>Tribune d&rsquo;\u00e9lus locaux pour la gratuit\u00e9 de l&rsquo;A49<\/strong>\n            <\/p><\/blockquote>\n<p class=\" wall-content\">Selon leurs estimations, chaque foyer d\u00e9pense \u00ab\u00a0entre une quarantaine et une soixantaine d\u2019euros par mois, pour un total de cinq aller-retours par semaine\u00a0\u00bb. Et ce,<strong> malgr\u00e9 une r\u00e9duction de 50%<\/strong> accord\u00e9e par le gestionnaire autoroutier, applicables aux v\u00e9hicules l\u00e9gers et motos porteurs d\u2019un badge t\u00e9l\u00e9p\u00e9age.<\/p>\n<p class=\" wall-content\">\u00ab\u00a0Cette gratuit\u00e9 serait une mesure de justice fiscale, dans un territoire qui compte presque un tiers d\u2019habitants et d\u2019habitantes qui exercent un m\u00e9tier dans l\u2019agglom\u00e9ration grenobloise\u00a0\u00bb, plaident les \u00e9lus.<\/p>\n<p>Une p\u00e9tition citoyenne pour la gratuit\u00e9 de l\u2019A49<\/p>\n<p class=\" wall-content\">La demande de gratuit\u00e9 de l\u2019A49 est une demande historiquement port\u00e9e par un groupe d\u2019habitants. Ces derniers ont lanc\u00e9 d\u00e8s l\u2019\u00e9t\u00e9 2024 une <a href=\"https:\/\/www.leslignesbougent.org\/petitions\/gratuite-de-lautoroute-entre-tullins-et-vinay-suite-a-leffondrement-de-la-carriere-sur-la-commune-de-la-riviere-18557\/\" rel=\"nofollow noopener\" target=\"_blank\">p\u00e9tition en ligne<\/a> pour r\u00e9clamer cette mesure. Une p\u00e9tition qui cumule, un an apr\u00e8s les faits, <strong>plus de 6 000 signatures<\/strong>.<\/p>\n<p class=\" wall-content\">L\u2019association r\u00e9cemment cr\u00e9\u00e9e, <a href=\"https:\/\/www.facebook.com\/profile.php?id=61563696797205\" rel=\"nofollow noopener\" target=\"_blank\">La Montagne Gronde<\/a>, porte \u00e9galement cette revendication, tout en cherchant \u00e0 comprendre les causes de l\u2019\u00e9boulement.<\/p>\n<p>Des compensations financi\u00e8res demand\u00e9es<\/p>\n<p class=\" wall-content\">Les signataires de la tribune s\u2019interrogent \u00e9galement sur \u00ab\u00a0l\u2019absence de mise en place de mesures\u00a0\u00bb face aux nuisances sonores et environnementales provoqu\u00e9es par les d\u00e9viations en cours. Enfin, ils demandent un <strong>remboursement des \u00ab\u00a0frais suppl\u00e9mentaires engag\u00e9s\u00a0\u00bb<\/strong> pour les habitants \u00ab\u00a0jusqu\u2019\u00e0 ce que la route soit r\u00e9tablie entre Saint-Gervais et La Rivi\u00e8re\u00a0\u00bb.<\/p>\n<p class=\" wall-content\">En juillet, le D\u00e9partement de l\u2019Is\u00e8re indiquait que des \u00ab\u00a0reconnaissances g\u00e9otechniques, diverses \u00e9tudes environnementales et op\u00e9rations topographiques\u00a0\u00bb venaient juste d\u2019\u00eatre autoris\u00e9es par la pr\u00e9fecture concernant le projet <a href=\"https:\/\/actu.fr\/auvergne-rhone-alpes\/la-riviere_38338\/isere-apres-l-eboulement-spectaculaire-cette-route-va-etre-completement-transformee_62374887.html\" rel=\"nofollow noopener\" target=\"_blank\">d\u2019un nouveau trac\u00e9<\/a> pour la RD 1532.<\/p>\n<p class=\" wall-content\">Une nouvelle route qui ne devrait pas voir le jour avant plusieurs ann\u00e9es.<\/p>\n<p>Les signataires de la tribune : Sandrine Nosb\u00e9, d\u00e9put\u00e9e LFI de l\u2019Is\u00e8re, Guillaume Gontard, s\u00e9nateur \u00e9cologiste de l\u2019Is\u00e8re, Thierry Badouard, conseiller d\u00e9partemental de l\u2019Is\u00e8re, J\u00e9r\u00f4me Cucarollo, conseiller d\u00e9partemental de l\u2019Is\u00e8re, Alex Brichet-Billet, maire de Notre-Dame-de-l\u2019Osier, David Charbonnel, maire d\u2019Izeron, Philippe Charbonnel, maire de T\u00eache, Didier Ch\u00e9neau, maire de Saint-Gervais, Didier Corvey-Biron, maire de Beaulieu, Patrice Ferrouillat, maire de Cognin-les-Gorges, Jo\u00ebl O\u2019Baton, maire de Saint-Just-de-Claix et Natacha Petter, maire de Beauvoir-en-Royans.<\/p>\n<p class=\" wall-content\">Suivez toute l\u2019actualit\u00e9 de vos villes et m\u00e9dias favoris en vous inscrivant \u00e0 <a href=\"https:\/\/moncompte.actu.fr\" title=\"D\u00e9couvez Mon Actu\" rel=\"nofollow noopener\" data-trk=\"{&quot;cta&quot;:{&quot;action&quot;:&quot;https:\\\/\\\/moncompte.actu.fr&quot;,&quot;category&quot;:&quot;mon compte&quot;,&quot;from&quot;:&quot;article footer&quot;,&quot;name&quot;:&quot;Mon actu&quot;,&quot;type&quot;:&quot;cta&quot;}}\" target=\"_blank\">Mon Actu<\/a>.<\/p>\n<ul class=\"ac-article-tag wall-content\">\n<li><a href=\"https:\/\/actu.fr\/tag\/catastrophe-naturelle\" data-trk=\"{&quot;cta&quot;:{&quot;action&quot;:&quot;Catastrophe naturelle&quot;,&quot;category&quot;:&quot;tag&quot;,&quot;from&quot;:&quot;article footer&quot;,&quot;name&quot;:&quot;Catastrophe naturelle&quot;,&quot;type&quot;:&quot;cta&quot;}}\" rel=\"nofollow noopener\" target=\"_blank\">#Catastrophe naturelle<\/a><\/li>\n<li><a href=\"https:\/\/actu.fr\/tag\/circulation\" data-trk=\"{&quot;cta&quot;:{&quot;action&quot;:&quot;Circulation&quot;,&quot;category&quot;:&quot;tag&quot;,&quot;from&quot;:&quot;article footer&quot;,&quot;name&quot;:&quot;Circulation&quot;,&quot;type&quot;:&quot;cta&quot;}}\" rel=\"nofollow noopener\" target=\"_blank\">#Circulation<\/a><\/li>\n<\/ul>\n","protected":false},"excerpt":{"rendered":"Par Lisa Rodrigues Publi\u00e9 le 5 ao\u00fbt 2025 \u00e0 6h30 Une p\u00e9tition d\u2019\u00e9lus locaux r\u00e9clame la gratuit\u00e9 d\u2019une&hellip;\n","protected":false},"author":2,"featured_media":299118,"comment_status":"","ping_status":"","sticky":false,"template":"","format":"standard","meta":{"footnotes":""},"categories":[9566],"tags":[1111,11,2430,4732,3542,1777,674,1011,27,2731,12,25,104],"class_list":{"0":"post-299117","1":"post","2":"type-post","3":"status-publish","4":"format-standard","5":"has-post-thumbnail","7":"category-grenoble","8":"tag-actu","9":"tag-actualites","10":"tag-auvergne-rhone-alpes","11":"tag-catastrophe-naturelle","12":"tag-circulation","13":"tag-eu","14":"tag-europe","15":"tag-fr","16":"tag-france","17":"tag-grenoble","18":"tag-news","19":"tag-republique-francaise","20":"tag-societe"},"share_on_mastodon":{"url":"https:\/\/pubeurope.com\/@fr\/114978745554049944","error":""},"_links":{"self":[{"href":"https:\/\/www.europesays.com\/fr\/wp-json\/wp\/v2\/posts\/299117","targetHints":{"allow":["GET"]}}],"collection":[{"href":"https:\/\/www.europesays.com\/fr\/wp-json\/wp\/v2\/posts"}],"about":[{"href":"https:\/\/www.europesays.com\/fr\/wp-json\/wp\/v2\/types\/post"}],"author":[{"embeddable":true,"href":"https:\/\/www.europesays.com\/fr\/wp-json\/wp\/v2\/users\/2"}],"replies":[{"embeddable":true,"href":"https:\/\/www.europesays.com\/fr\/wp-json\/wp\/v2\/comments?post=299117"}],"version-history":[{"count":0,"href":"https:\/\/www.europesays.com\/fr\/wp-json\/wp\/v2\/posts\/299117\/revisions"}],"wp:featuredmedia":[{"embeddable":true,"href":"https:\/\/www.europesays.com\/fr\/wp-json\/wp\/v2\/media\/299118"}],"wp:attachment":[{"href":"https:\/\/www.europesays.com\/fr\/wp-json\/wp\/v2\/media?parent=299117"}],"wp:term":[{"taxonomy":"category","embeddable":true,"href":"https:\/\/www.europesays.com\/fr\/wp-json\/wp\/v2\/categories?post=299117"},{"taxonomy":"post_tag","embeddable":true,"href":"https:\/\/www.europesays.com\/fr\/wp-json\/wp\/v2\/tags?post=299117"}],"curies":[{"name":"wp","href":"https:\/\/api.w.org\/{rel}","templated":true}]}}