{"id":299119,"date":"2025-08-05T23:26:10","date_gmt":"2025-08-05T23:26:10","guid":{"rendered":"https:\/\/www.europesays.com\/fr\/299119\/"},"modified":"2025-08-05T23:26:10","modified_gmt":"2025-08-05T23:26:10","slug":"previsions-du-mercredi-6-aout-2025-2","status":"publish","type":"post","link":"https:\/\/www.europesays.com\/fr\/299119\/","title":{"rendered":"pr\u00e9visions du mercredi 6 ao\u00fbt 2025"},"content":{"rendered":"<p>Rennes va conna\u00eetre une magnifique journ\u00e9e tr\u00e8s ensoleill\u00e9e. Les temp\u00e9ratures afficheront entre 11\u00b0C et 28\u00b0C. Un vent de nord-est soufflera l\u00e9g\u00e8rement. Le temps va se r\u00e9chauffer l&rsquo;apr\u00e8s-midi avec une augmentation de plusieurs degr\u00e9s. Les valeurs seront de 26\u00b0C au minimum et de 28\u00b0C au plus haut. Le passage de mercredi \u00e0 jeudi s&rsquo;effectuera sous un ciel limpide.<\/p>\n<p>Un beau soleil est pr\u00e9vu demain \u00e0 Rennes. Une m\u00e9t\u00e9o plus chaude est pr\u00e9vue puisque les temp\u00e9ratures vont enregistrer une hausse. La ville va ressentir des fortes chaleurs avec des temp\u00e9ratures qui pourraient grimper \u00e0 32\u00b0C. Les valeurs seront comprises entre 12 et 32\u00b0C. Le matin, le thermom\u00e8tre affichera 22\u00b0C en moyenne. Une l\u00e9g\u00e8re brise de nord-ouest sera ressentie par les habitants. Demain apr\u00e8s-midi, c&rsquo;est une hausse de plusieurs degr\u00e9s que vont conna\u00eetre les temp\u00e9ratures. Ces valeurs \u00e9volueront entre 30 et 32\u2009\u00b0C. Un vent de nord soufflera l\u00e9g\u00e8rement, avec 17 km\/h dans la soir\u00e9e.<\/p>\n<p>Pour les jours \u00e0 venir, le temps ne changera pas. On s&rsquo;attend \u00e0 des journ\u00e9es ensoleill\u00e9es, accompagn\u00e9es par des temp\u00e9ratures dans les 29\u00b0C en moyenne.<\/p>\n<p><\/p>\n","protected":false},"excerpt":{"rendered":"Rennes va conna\u00eetre une magnifique journ\u00e9e tr\u00e8s ensoleill\u00e9e. Les temp\u00e9ratures afficheront entre 11\u00b0C et 28\u00b0C. Un vent de&hellip;\n","protected":false},"author":2,"featured_media":299120,"comment_status":"","ping_status":"","sticky":false,"template":"","format":"standard","meta":{"footnotes":""},"categories":[2821],"tags":[1111,11,829,1777,674,1011,27,848,12,2119,584,25],"class_list":{"0":"post-299119","1":"post","2":"type-post","3":"status-publish","4":"format-standard","5":"has-post-thumbnail","7":"category-rennes","8":"tag-actu","9":"tag-actualites","10":"tag-bretagne","11":"tag-eu","12":"tag-europe","13":"tag-fr","14":"tag-france","15":"tag-ille-et-vilaine","16":"tag-news","17":"tag-previsions-meteo","18":"tag-rennes","19":"tag-republique-francaise"},"share_on_mastodon":{"url":"https:\/\/pubeurope.com\/@fr\/114978749459825492","error":""},"_links":{"self":[{"href":"https:\/\/www.europesays.com\/fr\/wp-json\/wp\/v2\/posts\/299119","targetHints":{"allow":["GET"]}}],"collection":[{"href":"https:\/\/www.europesays.com\/fr\/wp-json\/wp\/v2\/posts"}],"about":[{"href":"https:\/\/www.europesays.com\/fr\/wp-json\/wp\/v2\/types\/post"}],"author":[{"embeddable":true,"href":"https:\/\/www.europesays.com\/fr\/wp-json\/wp\/v2\/users\/2"}],"replies":[{"embeddable":true,"href":"https:\/\/www.europesays.com\/fr\/wp-json\/wp\/v2\/comments?post=299119"}],"version-history":[{"count":0,"href":"https:\/\/www.europesays.com\/fr\/wp-json\/wp\/v2\/posts\/299119\/revisions"}],"wp:featuredmedia":[{"embeddable":true,"href":"https:\/\/www.europesays.com\/fr\/wp-json\/wp\/v2\/media\/299120"}],"wp:attachment":[{"href":"https:\/\/www.europesays.com\/fr\/wp-json\/wp\/v2\/media?parent=299119"}],"wp:term":[{"taxonomy":"category","embeddable":true,"href":"https:\/\/www.europesays.com\/fr\/wp-json\/wp\/v2\/categories?post=299119"},{"taxonomy":"post_tag","embeddable":true,"href":"https:\/\/www.europesays.com\/fr\/wp-json\/wp\/v2\/tags?post=299119"}],"curies":[{"name":"wp","href":"https:\/\/api.w.org\/{rel}","templated":true}]}}