{"id":299121,"date":"2025-08-05T23:27:10","date_gmt":"2025-08-05T23:27:10","guid":{"rendered":"https:\/\/www.europesays.com\/fr\/299121\/"},"modified":"2025-08-05T23:27:10","modified_gmt":"2025-08-05T23:27:10","slug":"rennes-corrige-un-bug-ca-lui-rapporte-5me","status":"publish","type":"post","link":"https:\/\/www.europesays.com\/fr\/299121\/","title":{"rendered":"Rennes corrige un bug, \u00e7a lui rapporte 5ME"},"content":{"rendered":"<p><strong>A peine six mois apr\u00e8s son arriv\u00e9e au Stade Rennais, Kazeem Olaigbe est d\u00e9j\u00e0 sur le point de quitter l&rsquo;\u00e9curie bretonne. Pouss\u00e9 dehors par Habib Beye, l&rsquo;international Espoirs belge va signer en Turquie.<\/strong><\/p>\n<p>Lors du mercato hivernal 2025, le Stade Rennais tentait de rattraper ses grosses erreurs des mois pr\u00e9c\u00e9dents en recrutant du sang-neuf. L&rsquo;objectif \u00e9tait clair : redresser la barre pour \u00e9viter d\u00e9finitivement la rel\u00e9gation. C&rsquo;est dans ce contexte que Kazeem Olaigbe d\u00e9barquait en provenance du Cercle Brugge dans le cadre d&rsquo;un transfert d&rsquo;un montant de 5,25 millions d&rsquo;euros. Sauf que tout juste six mois plus tard, la mayonnaise n&rsquo;a clairement pas pris. <a href=\"https:\/\/www.foot01.com\/equipe\/rennes\/habib-beye-vire-un-joueur-apres-six-mois-a-rennes-457773\" rel=\"nofollow noopener\" target=\"_blank\">\u00c9cart\u00e9 de l&rsquo;entrainement par Habib Beye<\/a> il y a quelques jours, l&rsquo;ailier belge a eu l&rsquo;occasion de discuter avec d&rsquo;autres \u00e9curies. Son d\u00e9part pour la Turquie n&rsquo;est d\u00e9sormais plus qu&rsquo;une question de temps.<\/p>\n<p>Le Stade Rennais r\u00e9cup\u00e8re ses 5 ME<\/p>\n<blockquote class=\"twitter-tweet\"><p>&#13;<\/p>\n<p lang=\"fr\" dir=\"ltr\">Rennes est fou, un club prend peur <a href=\"https:\/\/t.co\/lqFCCmZuiV\" rel=\"nofollow\">https:\/\/t.co\/lqFCCmZuiV<\/a><\/p>\n<p>&#13;<br \/>\n\u2014 Foot01.com (@Foot01_com) <a href=\"https:\/\/twitter.com\/Foot01_com\/status\/1950969779784732944?ref_src=twsrc%5Etfw\" rel=\"nofollow noopener\" target=\"_blank\">July 31, 2025<\/a><\/p><\/blockquote>\n<p>Il n&rsquo;aura pas fallu longtemps \u00e0 Kazeem Olaigbe pour qu&rsquo;il se trouve un nouveau club. \u00ab C\u2019est un choix de ma part de ne pas compter sur lui. On a d\u00e9cid\u00e9 d\u2019avancer et d\u2019essayer de lui trouver une situation plus favorable \u00e0 son \u00e9panouissement. Donc un d\u00e9part, possiblement, s\u2019il y a une possibilit\u00e9 de le faire \u00bb, d\u00e9clarait \u00e0 son \u00e9gard Habib Beye le 30 juillet dernier. Et selon Le Parisien, l&rsquo;international Espoirs belge a d\u00e9j\u00e0 trouv\u00e9 une porte de sortie. En effet, le joueur de 22 ans est en contacts avanc\u00e9s avec Trabzonspor pour un transfert cet \u00e9t\u00e9. Pour faire avancer rapidement les choses, Rennes a donn\u00e9 l&rsquo;autorisation \u00e0 son joueur de faire le voyage en Turquie pour finaliser les d\u00e9tails de son transfert.<\/p>\n<p>Avec ce transfert, les Bretons limitent la casse. L&rsquo;\u00e9curie turque va en effet d\u00e9penser 5 millions d&rsquo;euros pour recruter Kazeem Olaigbe, soit l&rsquo;\u00e9quivalent du montant d\u00e9pens\u00e9 par les Rennais six mois plus t\u00f4t.<\/p>\n<p>          <script async src=\"https:\/\/platform.twitter.com\/widgets.js\" charset=\"utf-8\"><\/script><\/p>\n","protected":false},"excerpt":{"rendered":"A peine six mois apr\u00e8s son arriv\u00e9e au Stade Rennais, Kazeem Olaigbe est d\u00e9j\u00e0 sur le point de&hellip;\n","protected":false},"author":2,"featured_media":299122,"comment_status":"","ping_status":"","sticky":false,"template":"","format":"standard","meta":{"footnotes":""},"categories":[2821],"tags":[1111,11,829,1777,674,1011,27,12,584,25],"class_list":{"0":"post-299121","1":"post","2":"type-post","3":"status-publish","4":"format-standard","5":"has-post-thumbnail","7":"category-rennes","8":"tag-actu","9":"tag-actualites","10":"tag-bretagne","11":"tag-eu","12":"tag-europe","13":"tag-fr","14":"tag-france","15":"tag-news","16":"tag-rennes","17":"tag-republique-francaise"},"share_on_mastodon":{"url":"https:\/\/pubeurope.com\/@fr\/114978753296997361","error":""},"_links":{"self":[{"href":"https:\/\/www.europesays.com\/fr\/wp-json\/wp\/v2\/posts\/299121","targetHints":{"allow":["GET"]}}],"collection":[{"href":"https:\/\/www.europesays.com\/fr\/wp-json\/wp\/v2\/posts"}],"about":[{"href":"https:\/\/www.europesays.com\/fr\/wp-json\/wp\/v2\/types\/post"}],"author":[{"embeddable":true,"href":"https:\/\/www.europesays.com\/fr\/wp-json\/wp\/v2\/users\/2"}],"replies":[{"embeddable":true,"href":"https:\/\/www.europesays.com\/fr\/wp-json\/wp\/v2\/comments?post=299121"}],"version-history":[{"count":0,"href":"https:\/\/www.europesays.com\/fr\/wp-json\/wp\/v2\/posts\/299121\/revisions"}],"wp:featuredmedia":[{"embeddable":true,"href":"https:\/\/www.europesays.com\/fr\/wp-json\/wp\/v2\/media\/299122"}],"wp:attachment":[{"href":"https:\/\/www.europesays.com\/fr\/wp-json\/wp\/v2\/media?parent=299121"}],"wp:term":[{"taxonomy":"category","embeddable":true,"href":"https:\/\/www.europesays.com\/fr\/wp-json\/wp\/v2\/categories?post=299121"},{"taxonomy":"post_tag","embeddable":true,"href":"https:\/\/www.europesays.com\/fr\/wp-json\/wp\/v2\/tags?post=299121"}],"curies":[{"name":"wp","href":"https:\/\/api.w.org\/{rel}","templated":true}]}}