{"id":299123,"date":"2025-08-05T23:28:11","date_gmt":"2025-08-05T23:28:11","guid":{"rendered":"https:\/\/www.europesays.com\/fr\/299123\/"},"modified":"2025-08-05T23:28:11","modified_gmt":"2025-08-05T23:28:11","slug":"previsions-du-mercredi-6-aout-2025-3","status":"publish","type":"post","link":"https:\/\/www.europesays.com\/fr\/299123\/","title":{"rendered":"pr\u00e9visions du mercredi 6 ao\u00fbt 2025"},"content":{"rendered":"<p>Aujourd&rsquo;hui, c&rsquo;est sur un ciel tapiss\u00e9 de nuages qu&rsquo;il faudra compter \u00e0 Strasbourg. Les maximales atteindront les 23\u00b0C et les minimales seront de 11\u00b0C. Un vent de nord-est soufflera l\u00e9g\u00e8rement, avec 9 km\/h. L&rsquo;apr\u00e8s-midi, le soleil sera dissimul\u00e9 derri\u00e8re des nuages. D&rsquo;un autre c\u00f4t\u00e9, c&rsquo;est une hausse de plusieurs degr\u00e9s que vont enregistrer les temp\u00e9ratures. Les valeurs seront de 21\u00b0C au minimum et de 23\u00b0C au maximum. Le soir, on anticipe des temp\u00e9ratures d&rsquo;environ 17\u00b0C. Entre mercredi et jeudi, la nuit sera claire.<\/p>\n<p>L&rsquo;air ambiant va se r\u00e9chauffer demain \u00e0 Strasbourg avec une augmentation de quelques degr\u00e9s. Il va faire en moyenne 19\u00b0C. Un vent de sud-est rafra\u00eechira sensiblement l&rsquo;atmosph\u00e8re. Des \u00e9claircies sont attendues : on passera une matin\u00e9e agr\u00e9able. Les temp\u00e9ratures seront de 19\u00b0C. Un splendide soleil va briller et ce, tout au long de l&rsquo;apr\u00e8s-midi. Les temp\u00e9ratures vont grimper de plusieurs degr\u00e9s. Les valeurs iront de 25 \u00e0 27\u00b0C. Les temp\u00e9ratures avoisineront les 21\u00b0C au cours de la soir\u00e9e.<\/p>\n<p>Les jours se suivent et ne changent pas. Comptez sur 33\u00b0C en moyenne qui accompagneront des journ\u00e9es ensoleill\u00e9es.<\/p>\n<p><\/p>\n","protected":false},"excerpt":{"rendered":"Aujourd&rsquo;hui, c&rsquo;est sur un ciel tapiss\u00e9 de nuages qu&rsquo;il faudra compter \u00e0 Strasbourg. Les maximales atteindront les 23\u00b0C&hellip;\n","protected":false},"author":2,"featured_media":299124,"comment_status":"","ping_status":"","sticky":false,"template":"","format":"standard","meta":{"footnotes":""},"categories":[2820],"tags":[1111,11,2389,2649,1777,674,1011,27,775,12,2119,25,640],"class_list":{"0":"post-299123","1":"post","2":"type-post","3":"status-publish","4":"format-standard","5":"has-post-thumbnail","7":"category-strasbourg","8":"tag-actu","9":"tag-actualites","10":"tag-alsace","11":"tag-bas-rhin","12":"tag-eu","13":"tag-europe","14":"tag-fr","15":"tag-france","16":"tag-grand-est","17":"tag-news","18":"tag-previsions-meteo","19":"tag-republique-francaise","20":"tag-strasbourg"},"share_on_mastodon":{"url":"https:\/\/pubeurope.com\/@fr\/114978757223433082","error":""},"_links":{"self":[{"href":"https:\/\/www.europesays.com\/fr\/wp-json\/wp\/v2\/posts\/299123","targetHints":{"allow":["GET"]}}],"collection":[{"href":"https:\/\/www.europesays.com\/fr\/wp-json\/wp\/v2\/posts"}],"about":[{"href":"https:\/\/www.europesays.com\/fr\/wp-json\/wp\/v2\/types\/post"}],"author":[{"embeddable":true,"href":"https:\/\/www.europesays.com\/fr\/wp-json\/wp\/v2\/users\/2"}],"replies":[{"embeddable":true,"href":"https:\/\/www.europesays.com\/fr\/wp-json\/wp\/v2\/comments?post=299123"}],"version-history":[{"count":0,"href":"https:\/\/www.europesays.com\/fr\/wp-json\/wp\/v2\/posts\/299123\/revisions"}],"wp:featuredmedia":[{"embeddable":true,"href":"https:\/\/www.europesays.com\/fr\/wp-json\/wp\/v2\/media\/299124"}],"wp:attachment":[{"href":"https:\/\/www.europesays.com\/fr\/wp-json\/wp\/v2\/media?parent=299123"}],"wp:term":[{"taxonomy":"category","embeddable":true,"href":"https:\/\/www.europesays.com\/fr\/wp-json\/wp\/v2\/categories?post=299123"},{"taxonomy":"post_tag","embeddable":true,"href":"https:\/\/www.europesays.com\/fr\/wp-json\/wp\/v2\/tags?post=299123"}],"curies":[{"name":"wp","href":"https:\/\/api.w.org\/{rel}","templated":true}]}}