{"id":299125,"date":"2025-08-05T23:29:32","date_gmt":"2025-08-05T23:29:32","guid":{"rendered":"https:\/\/www.europesays.com\/fr\/299125\/"},"modified":"2025-08-05T23:29:32","modified_gmt":"2025-08-05T23:29:32","slug":"plusieurs-retours-a-lentrainement-du-racing-alsasports","status":"publish","type":"post","link":"https:\/\/www.europesays.com\/fr\/299125\/","title":{"rendered":"Plusieurs retours \u00e0 l&rsquo;entra\u00eenement du Racing \u2014 Alsa&rsquo;Sports"},"content":{"rendered":"<p><strong>La s\u00e9ance strasbourgeoise du jour a vu plusieurs joueurs revenir peu \u00e0 peu sur le terrain : Valentin Barco, Gu\u00e9la Dou\u00e9 et Emanuel Emegha. <\/strong><\/p>\n<p>Le premier entra\u00eenement de la semaine ce matin a vu le retour de plusieurs \u00e9l\u00e9ments importants du Racing Club de Strasbourg. Le polyvalent lat\u00e9ral gauche Valentin Barco a retouch\u00e9 peu \u00e0 peu le ballon ce mardi au Racing Soprema Parc via des exercices en individuel, apr\u00e8s avoir encha\u00een\u00e9 les courses. L\u2019Argentin avait \u00e9t\u00e9 touch\u00e9 lors de l\u2019entra\u00eenement du lundi 21 juillet (coup au genou) et avait d\u00e9clar\u00e9 forfait pour les trois matches amicaux disput\u00e9s jusqu\u2019ici. <\/p>\n<p>Gu\u00e9la Dou\u00e9 \u00e9tait pr\u00e9sent au Racing Soprema Parc depuis la reprise (le 7 juillet) mais restait aux soins ou en salle pour un travail sp\u00e9cifique. Il s\u2019\u00e9tait d\u00e9j\u00e0 permis quelques exercices avec ballon d\u00e8s la semaine suivante sans toutefois reprendre pleinement avec le reste du groupe. Pr\u00e9sent en Autriche mais rest\u00e9 le plus souvent \u00e0 l\u2019h\u00f4tel pour du sp\u00e9cifique, le lat\u00e9ral droit a retrouv\u00e9 le terrain ce matin via des exercices en individuel, comme son co\u00e9quipier argentin. Son retour progressif fut plus tardif que celui de ses co\u00e9quipiers apr\u00e8s une l\u00e9g\u00e8re op\u00e9ration aux adducteurs il y a plusieurs semaines.<\/p>\n<p><strong>Emegha pr\u00e9sent pour les oppositions<\/strong><\/p>\n<p>Le nouveau capitaine du Racing Emanuel Emegha a fait un retour progressif sur le terrain en participant aux oppositions ce matin \u00e0 l\u2019entra\u00eenement. Il avait jou\u00e9 lors du premier match amical \u00e0 Nancy avant de d\u00e9clarer forfait pour les deux suivants (Galatasaray et Udinese). Son stage en Autriche s\u2019\u00e9tait r\u00e9sum\u00e9 \u00e0 faire du sp\u00e9cifique \u00e0 l\u2019h\u00f4tel ou des exercices sur un terrain annexe en individuel. <\/p>\n","protected":false},"excerpt":{"rendered":"La s\u00e9ance strasbourgeoise du jour a vu plusieurs joueurs revenir peu \u00e0 peu sur le terrain : Valentin&hellip;\n","protected":false},"author":2,"featured_media":299126,"comment_status":"","ping_status":"","sticky":false,"template":"","format":"standard","meta":{"footnotes":""},"categories":[2820],"tags":[1111,11,1777,674,63,1011,27,775,12,4448,25,640],"class_list":{"0":"post-299125","1":"post","2":"type-post","3":"status-publish","4":"format-standard","5":"has-post-thumbnail","7":"category-strasbourg","8":"tag-actu","9":"tag-actualites","10":"tag-eu","11":"tag-europe","12":"tag-football","13":"tag-fr","14":"tag-france","15":"tag-grand-est","16":"tag-news","17":"tag-rc-strasbourg","18":"tag-republique-francaise","19":"tag-strasbourg"},"share_on_mastodon":{"url":"https:\/\/pubeurope.com\/@fr\/114978761192063943","error":""},"_links":{"self":[{"href":"https:\/\/www.europesays.com\/fr\/wp-json\/wp\/v2\/posts\/299125","targetHints":{"allow":["GET"]}}],"collection":[{"href":"https:\/\/www.europesays.com\/fr\/wp-json\/wp\/v2\/posts"}],"about":[{"href":"https:\/\/www.europesays.com\/fr\/wp-json\/wp\/v2\/types\/post"}],"author":[{"embeddable":true,"href":"https:\/\/www.europesays.com\/fr\/wp-json\/wp\/v2\/users\/2"}],"replies":[{"embeddable":true,"href":"https:\/\/www.europesays.com\/fr\/wp-json\/wp\/v2\/comments?post=299125"}],"version-history":[{"count":0,"href":"https:\/\/www.europesays.com\/fr\/wp-json\/wp\/v2\/posts\/299125\/revisions"}],"wp:featuredmedia":[{"embeddable":true,"href":"https:\/\/www.europesays.com\/fr\/wp-json\/wp\/v2\/media\/299126"}],"wp:attachment":[{"href":"https:\/\/www.europesays.com\/fr\/wp-json\/wp\/v2\/media?parent=299125"}],"wp:term":[{"taxonomy":"category","embeddable":true,"href":"https:\/\/www.europesays.com\/fr\/wp-json\/wp\/v2\/categories?post=299125"},{"taxonomy":"post_tag","embeddable":true,"href":"https:\/\/www.europesays.com\/fr\/wp-json\/wp\/v2\/tags?post=299125"}],"curies":[{"name":"wp","href":"https:\/\/api.w.org\/{rel}","templated":true}]}}