{"id":299127,"date":"2025-08-05T23:30:10","date_gmt":"2025-08-05T23:30:10","guid":{"rendered":"https:\/\/www.europesays.com\/fr\/299127\/"},"modified":"2025-08-05T23:30:10","modified_gmt":"2025-08-05T23:30:10","slug":"previsions-du-mercredi-6-aout-2025-4","status":"publish","type":"post","link":"https:\/\/www.europesays.com\/fr\/299127\/","title":{"rendered":"pr\u00e9visions du mercredi 6 ao\u00fbt 2025"},"content":{"rendered":"<p>Le soleil sera au rendez-vous \u00e0 Nice : une magnifique journ\u00e9e se profile ! Les valeurs seront de 22\u00b0C au minimum et de 26\u00b0C au plus haut. Un vent de sud-est rafra\u00eechira l\u00e9g\u00e8rement l&rsquo;atmosph\u00e8re. Dans la matin\u00e9e, les temp\u00e9ratures avoisineront les 25\u00b0C. Les maximales atteindront les 26\u00b0C dans l&rsquo;apr\u00e8s-midi tandis que les minimales seront de 25\u00b0C. Il fera 24\u00b0C en moyenne le soir. Le passage de mercredi \u00e0 jeudi se fera sous un ciel d\u00e9pourvu de nuages.<\/p>\n<p>Demain, c&rsquo;est une hausse de quelques degr\u00e9s que vont conna\u00eetre les temp\u00e9ratures dans la ville de Nice. Il va faire environ 25\u00b0C. On pr\u00e9voit une embellie pour cette matin\u00e9e. Les temp\u00e9ratures afficheront entre 24 et 27\u00b0C. Un vent de sud-est soufflera l\u00e9g\u00e8rement, avec 8 km\/h. Un splendide soleil va briller et ce, tout au long de l&rsquo;apr\u00e8s-midi. Les valeurs s&rsquo;\u00e9chelonneront entre 26 et 27\u00b0C. Demain soir, le mercure affichera 24\u00b0C en moyenne. Une l\u00e9g\u00e8re brise de sud-ouest sera ressentie par les habitants.<\/p>\n<p>Les jours s&rsquo;encha\u00eenent et se ressemblent. Il fera 29\u00b0C en moyenne pour des journ\u00e9es avec une m\u00e9t\u00e9o ensoleill\u00e9e.<\/p>\n<p><\/p>\n","protected":false},"excerpt":{"rendered":"Le soleil sera au rendez-vous \u00e0 Nice : une magnifique journ\u00e9e se profile ! Les valeurs seront de&hellip;\n","protected":false},"author":2,"featured_media":299128,"comment_status":"","ping_status":"","sticky":false,"template":"","format":"standard","meta":{"footnotes":""},"categories":[2819],"tags":[1111,11,2898,1777,674,1011,27,12,2401,883,2119,882,25],"class_list":{"0":"post-299127","1":"post","2":"type-post","3":"status-publish","4":"format-standard","5":"has-post-thumbnail","7":"category-nice","8":"tag-actu","9":"tag-actualites","10":"tag-alpes-maritimes","11":"tag-eu","12":"tag-europe","13":"tag-fr","14":"tag-france","15":"tag-news","16":"tag-nice","17":"tag-paca","18":"tag-previsions-meteo","19":"tag-provence-alpes-cote-dazur","20":"tag-republique-francaise"},"share_on_mastodon":{"url":"https:\/\/pubeurope.com\/@fr\/114978765170885800","error":""},"_links":{"self":[{"href":"https:\/\/www.europesays.com\/fr\/wp-json\/wp\/v2\/posts\/299127","targetHints":{"allow":["GET"]}}],"collection":[{"href":"https:\/\/www.europesays.com\/fr\/wp-json\/wp\/v2\/posts"}],"about":[{"href":"https:\/\/www.europesays.com\/fr\/wp-json\/wp\/v2\/types\/post"}],"author":[{"embeddable":true,"href":"https:\/\/www.europesays.com\/fr\/wp-json\/wp\/v2\/users\/2"}],"replies":[{"embeddable":true,"href":"https:\/\/www.europesays.com\/fr\/wp-json\/wp\/v2\/comments?post=299127"}],"version-history":[{"count":0,"href":"https:\/\/www.europesays.com\/fr\/wp-json\/wp\/v2\/posts\/299127\/revisions"}],"wp:featuredmedia":[{"embeddable":true,"href":"https:\/\/www.europesays.com\/fr\/wp-json\/wp\/v2\/media\/299128"}],"wp:attachment":[{"href":"https:\/\/www.europesays.com\/fr\/wp-json\/wp\/v2\/media?parent=299127"}],"wp:term":[{"taxonomy":"category","embeddable":true,"href":"https:\/\/www.europesays.com\/fr\/wp-json\/wp\/v2\/categories?post=299127"},{"taxonomy":"post_tag","embeddable":true,"href":"https:\/\/www.europesays.com\/fr\/wp-json\/wp\/v2\/tags?post=299127"}],"curies":[{"name":"wp","href":"https:\/\/api.w.org\/{rel}","templated":true}]}}