{"id":299135,"date":"2025-08-05T23:34:11","date_gmt":"2025-08-05T23:34:11","guid":{"rendered":"https:\/\/www.europesays.com\/fr\/299135\/"},"modified":"2025-08-05T23:34:11","modified_gmt":"2025-08-05T23:34:11","slug":"previsions-du-mercredi-6-aout-2025-5","status":"publish","type":"post","link":"https:\/\/www.europesays.com\/fr\/299135\/","title":{"rendered":"pr\u00e9visions du mercredi 6 ao\u00fbt 2025"},"content":{"rendered":"<p>\u00c0 Bordeaux les temp\u00e9ratures s&rsquo;\u00e9chelonneront entre 14 et 34\u00b0C aujourd&rsquo;hui. Le soleil appara\u00eet l\u00e9g\u00e8rement le matin. Ces \u00e9claircies devraient faire plaisir aux habitants. On anticipe des valeurs avoisinant 22\u00b0C. Une brise de nord-est soufflera doucement. Un magnifique soleil va briller et ce, tout au long de l&rsquo;apr\u00e8s-midi. Les temp\u00e9ratures vont conna\u00eetre une augmentation de plusieurs degr\u00e9s. Les valeurs maximums attendues sont \u00e9lev\u00e9es, avec 34\u00b0C. Le soir, de tr\u00e8s importantes chaleurs (entre 22\u00b0C et 31\u00b0C) sont pr\u00e9vues. Durant la nuit de mercredi \u00e0 jeudi, le ciel sera d\u00e9pourvu de nuages.<\/p>\n<p>Demain, les Bordelais vont pouvoir b\u00e9n\u00e9ficier d&rsquo;un soleil radieux. L&rsquo;air ambiant va se r\u00e9chauffer avec une hausse de quelques degr\u00e9s. Les fortes chaleurs sont pr\u00e9sentes. Avec des valeurs situ\u00e9es entre 16 et 38\u00b0C. Les temp\u00e9ratures afficheront entre 16 et 38\u00b0C. Un l\u00e9ger vent de nord-est sera ressenti par les habitants. Attention \u00e0 la vague de chaleur dans la matin\u00e9e. Des valeurs de 18 \u00e0 34\u00b0C sont annonc\u00e9es. Les temp\u00e9ratures vont enregistrer une augmentation de plusieurs degr\u00e9s durant l&rsquo;apr\u00e8s-midi. Les valeurs \u00e9volueront entre 36 et 38\u2009\u00b0C. La soir\u00e9e va se trouver tr\u00e8s chaude : jusqu&rsquo;\u00e0 33\u00b0C.<\/p>\n<p>Les jours qui suivent s&rsquo;annoncent similaires. On pr\u00e9voit des journ\u00e9es ensoleill\u00e9es, avec des temp\u00e9ratures dans les 36\u00b0C en moyenne.<\/p>\n<p>V\u00e9rifiez si votre d\u00e9partement est en alerte canicule. Dans tous les cas, il est important de prendre quelques pr\u00e9cautions pour se prot\u00e9ger de la chaleur : buvez abondamment et \u00e9vitez d&rsquo;aller au soleil durant les heures les plus chaudes.<\/p>\n","protected":false},"excerpt":{"rendered":"\u00c0 Bordeaux les temp\u00e9ratures s&rsquo;\u00e9chelonneront entre 14 et 34\u00b0C aujourd&rsquo;hui. Le soleil appara\u00eet l\u00e9g\u00e8rement le matin. Ces \u00e9claircies&hellip;\n","protected":false},"author":2,"featured_media":299136,"comment_status":"","ping_status":"","sticky":false,"template":"","format":"standard","meta":{"footnotes":""},"categories":[2817],"tags":[1111,11,3177,1997,1777,674,1011,27,2905,12,2219,2119,25],"class_list":{"0":"post-299135","1":"post","2":"type-post","3":"status-publish","4":"format-standard","5":"has-post-thumbnail","7":"category-bordeaux","8":"tag-actu","9":"tag-actualites","10":"tag-aquitaine","11":"tag-bordeaux","12":"tag-eu","13":"tag-europe","14":"tag-fr","15":"tag-france","16":"tag-gironde","17":"tag-news","18":"tag-nouvelle-aquitaine","19":"tag-previsions-meteo","20":"tag-republique-francaise"},"share_on_mastodon":{"url":"https:\/\/pubeurope.com\/@fr\/114978780895860158","error":""},"_links":{"self":[{"href":"https:\/\/www.europesays.com\/fr\/wp-json\/wp\/v2\/posts\/299135","targetHints":{"allow":["GET"]}}],"collection":[{"href":"https:\/\/www.europesays.com\/fr\/wp-json\/wp\/v2\/posts"}],"about":[{"href":"https:\/\/www.europesays.com\/fr\/wp-json\/wp\/v2\/types\/post"}],"author":[{"embeddable":true,"href":"https:\/\/www.europesays.com\/fr\/wp-json\/wp\/v2\/users\/2"}],"replies":[{"embeddable":true,"href":"https:\/\/www.europesays.com\/fr\/wp-json\/wp\/v2\/comments?post=299135"}],"version-history":[{"count":0,"href":"https:\/\/www.europesays.com\/fr\/wp-json\/wp\/v2\/posts\/299135\/revisions"}],"wp:featuredmedia":[{"embeddable":true,"href":"https:\/\/www.europesays.com\/fr\/wp-json\/wp\/v2\/media\/299136"}],"wp:attachment":[{"href":"https:\/\/www.europesays.com\/fr\/wp-json\/wp\/v2\/media?parent=299135"}],"wp:term":[{"taxonomy":"category","embeddable":true,"href":"https:\/\/www.europesays.com\/fr\/wp-json\/wp\/v2\/categories?post=299135"},{"taxonomy":"post_tag","embeddable":true,"href":"https:\/\/www.europesays.com\/fr\/wp-json\/wp\/v2\/tags?post=299135"}],"curies":[{"name":"wp","href":"https:\/\/api.w.org\/{rel}","templated":true}]}}