{"id":299165,"date":"2025-08-05T23:52:13","date_gmt":"2025-08-05T23:52:13","guid":{"rendered":"https:\/\/www.europesays.com\/fr\/299165\/"},"modified":"2025-08-05T23:52:13","modified_gmt":"2025-08-05T23:52:13","slug":"roche-lentreprise-refuse-de-negocier-face-aux-menaces-americaines","status":"publish","type":"post","link":"https:\/\/www.europesays.com\/fr\/299165\/","title":{"rendered":"Roche: l\u2019entreprise refuse de n\u00e9gocier face aux menaces am\u00e9ricaines"},"content":{"rendered":"<p>Droits de douane \u2013 <\/p>\n<p>Roche refuse de servir de levier face aux menaces am\u00e9ricaines<\/p>\n<p class=\"ContentHead_lead____SsS link_regular__O0hk0 link_externalicon-big__ZdPgo link_externalicon__qcwXs\">Dans le dossier \u00e9pineux des droits de douane, de grandes attentes p\u00e8sent sur le groupe. Le g\u00e9ant de la pharma n\u00e9gocie directement avec Trump, en marge de la Suisse.<\/p>\n<p><img loading=\"lazy\" decoding=\"async\" src=\"https:\/\/www.europesays.com\/fr\/wp-content\/uploads\/2025\/08\/BDrlU5Fr4MBB1s6pWV8SoV.jpg\"  width=\"100\" height=\"100\"  alt=\"Benjamin Bitoun\" class=\"AuthorImage_root__WCxj_ ContentMetaInfo_authorimage__Mp4LD AuthorImage_-content-head__3qDob\" style=\"background-color:#878787\"\/><img loading=\"lazy\" decoding=\"async\" src=\"https:\/\/www.europesays.com\/fr\/wp-content\/uploads\/2025\/08\/8tZgXc_vKu5BAYOeMI2KTJ.jpg\"  width=\"100\" height=\"100\"  alt=\"Isabel Strassheim\" class=\"AuthorImage_root__WCxj_ ContentMetaInfo_authorimage__Mp4LD AuthorImage_-content-head__3qDob\" style=\"background-color:#7F7F7F\"\/>Publi\u00e9: 05.08.2025, 19h58<img decoding=\"async\" loading=\"eager\" fetchpriority=\"high\" src=\"https:\/\/www.europesays.com\/fr\/wp-content\/uploads\/2025\/08\/E7-9C1nNKokA8bkE7vJXH9.jpg\" alt=\"Vue nocturne des deux tours Roche \u00e0 B\u00e2le, con\u00e7ues par les architectes Herzog et de Meuron, \u00e9clair\u00e9es avec d\u2019autres b\u00e2timents environnants.\" title=\"Vue nocturne des deux tours Roche \u00e0 B\u00e2le, con\u00e7ues par les architectes Herzog et de Meuron, \u00e9clair\u00e9es avec d\u2019autres b\u00e2timents environnants.\" class=\"ResponsiveImage_root__ZDz10 responsive-image\" style=\"background-color:#445667\"\/><\/p>\n<p>L\u2019administration Trump exige des grands laboratoires pharmaceutiques une baisse du prix des m\u00e9dicaments aux \u00c9tats-Unis. Roche, dont le si\u00e8ge est \u00e0 B\u00e2le, fait partie des entreprises concern\u00e9es.<\/p>\n<p>FABRICE COFFRINI\/AFP<\/p>\n<p>Abonnez-vous d\u00e8s maintenant et profitez de la fonction de lecture audio.<a href=\"https:\/\/bottalk.io\/\" class=\"BottalkPaywall_bottalklink__KDtuf\" target=\"_blank\" rel=\"noreferrer noopener\">BotTalk<\/a><strong class=\"SummaryList_title__8uifR\">En bref:<\/strong><\/p>\n<ul class=\"SummaryList_list__pEa7M\">\n<li>L\u2019entreprise pharmaceutique n\u00e9gocie directement avec l\u2019administration Trump depuis plusieurs mois.<\/li>\n<li>Le groupe pr\u00e9voit d\u2019investir 50\u00a0milliards de dollars sur le march\u00e9 am\u00e9ricain.<\/li>\n<li>Malgr\u00e9 les tensions, Roche maintient ses pr\u00e9visions de b\u00e9n\u00e9fices pour 2025.<\/li>\n<\/ul>\n<p class=\"ArticleParagraph_root__lhFZo ArticleContainer_content-width__FRl7F link_focus__0ZMwx link_externalicon-big__ZdPgo link_externalicon__qcwXs ArticleElement_article-element__q93eL\">Les entreprises pharmaceutiques suisses doivent-elles r\u00e9duire le prix de leurs m\u00e9dicaments aux \u00c9tats-Unis pour amadouer <a class=\"HtmlText_root__A1OSq\" href=\"https:\/\/www.24heures.ch\/trump-lance-un-ultimatum-a-novartis-et-roche-718160118680\" target=\"_blank\" rel=\"noopener\">Donald Trump<\/a> et permettre un accord dans le conflit douanier?<\/p>\n<p class=\"ArticleParagraph_root__lhFZo ArticleContainer_content-width__FRl7F link_focus__0ZMwx link_externalicon-big__ZdPgo link_externalicon__qcwXs ArticleElement_article-element__q93eL\">L\u2019ancien ambassadeur Thomas Borer et le patron de Breitling, Georges Kern, partagent ce point de vue. Dans la \u00abNZZ\u00bb, le PDG est m\u00eame all\u00e9 jusqu\u2019\u00e0 annoncer que la Suisse \u00e9tait \u00abprise en otage par l\u2019industrie pharmaceutique\u00bb.<\/p>\n<p class=\"ArticleParagraph_root__lhFZo ArticleContainer_content-width__FRl7F link_focus__0ZMwx link_externalicon-big__ZdPgo link_externalicon__qcwXs ArticleElement_article-element__q93eL\">L\u2019id\u00e9e a germ\u00e9 dans le monde politique. \u00abIl est l\u00e9gitime d\u2019imposer des conditions \u00e0 la branche\u00bb, a d\u00e9clar\u00e9 \u00e0 \u00abBlick\u00bb Barbara Gysi (PS\/SG), pr\u00e9sidente de la Commission de la s\u00e9curit\u00e9 sociale et de la sant\u00e9 publique au Conseil national. Le conseiller national Thomas de Courten (UDC\/BL) refuse de se prononcer sur d\u2019\u00e9ventuelles baisses de prix. Mais lui aussi estime juste d\u2019impliquer davantage l\u2019industrie pharmaceutique, secteur cl\u00e9 de l\u2019\u00e9conomie suisse.<\/p>\n<p>Roche ne fait pas de concessions<\/p>\n<p class=\"ArticleParagraph_root__lhFZo ArticleContainer_content-width__FRl7F link_focus__0ZMwx link_externalicon-big__ZdPgo link_externalicon__qcwXs ArticleElement_article-element__q93eL\">Le g\u00e9ant pharmaceutique ne veut rien savoir. Selon deux sources proches de Roche, le groupe ne consid\u00e8re pas que les <a class=\"HtmlText_root__A1OSq\" href=\"https:\/\/www.24heures.ch\/industrie-pharmaceutique-trump-exige-des-baisses-de-prix-140628499785\" target=\"_blank\" rel=\"noopener\">prix des m\u00e9dicaments<\/a> am\u00e9ricains entrent dans le cadre des n\u00e9gociations sur les taxes douani\u00e8res. La menace d\u2019un <a class=\"HtmlText_root__A1OSq\" href=\"https:\/\/www.24heures.ch\/pour-trump-40-milliards-de-deficit-39-de-droits-de-douane-937291282304\" target=\"_blank\" rel=\"noopener\">droit de douane de 39%<\/a> n\u2019aurait aucun lien avec les prix des m\u00e9dicaments am\u00e9ricains. Il s\u2019agit d\u2019un autre sujet qui doit \u00eatre n\u00e9goci\u00e9 s\u00e9par\u00e9ment. Roche dialogue d\u00e9j\u00e0 depuis longtemps directement avec l\u2019administration Trump.<\/p>\n<p class=\"ArticleParagraph_root__lhFZo ArticleContainer_content-width__FRl7F link_focus__0ZMwx link_externalicon-big__ZdPgo link_externalicon__qcwXs ArticleElement_article-element__q93eL\">Officiellement, l\u2019entreprise refuse de commenter d\u2019\u00e9ventuelles n\u00e9gociations avec le gouvernement suisse ou sa volont\u00e9 de consentir \u00e0 d\u2019autres concessions. Une personne proche du dossier pr\u00e9cise toutefois qu\u2019\u00abun affaiblissement de l\u2019industrie pharmaceutique ne serait d\u2019aucune utilit\u00e9 pour l\u2019\u00e9conomie suisse\u00bb.<\/p>\n<p class=\"ArticleParagraph_root__lhFZo ArticleContainer_content-width__FRl7F link_focus__0ZMwx link_externalicon-big__ZdPgo link_externalicon__qcwXs ArticleElement_article-element__q93eL\">C\u2019est \u00e9galement l\u2019avis de la conseill\u00e8re nationale b\u00e2loise Elisabeth Schneider-Schneiter (Le Centre). Comme Thomas de Courten, elle fait partie du puissant lobby dans la Berne f\u00e9d\u00e9rale. Les prix des m\u00e9dicaments sont certes trop \u00e9lev\u00e9s aux \u00c9tats-Unis. Mais Trump a demand\u00e9 \u00e0 17\u00a0entreprises pharmaceutiques de baisser leurs prix, et pas seulement \u00e0 deux. \u00abSi seules Roche et Novartis r\u00e9duisent leurs tarifs, elles ne seront plus comp\u00e9titives face \u00e0 la concurrence \u00e9trang\u00e8re\u00bb, a d\u00e9clar\u00e9 la conseill\u00e8re nationale.<\/p>\n<p class=\"ArticleParagraph_root__lhFZo ArticleContainer_content-width__FRl7F link_focus__0ZMwx link_externalicon-big__ZdPgo link_externalicon__qcwXs ArticleElement_article-element__q93eL\">\u00c0 la suite de l\u2019<a class=\"HtmlText_root__A1OSq\" href=\"https:\/\/www.24heures.ch\/taxes-douanieres-les-americains-face-au-yo-yo-de-donald-trump-864706025853\" target=\"_blank\" rel=\"noopener\">introduction des tarifs douaniers par l\u2019administration am\u00e9ricaine en avril<\/a>, Roche avait annonc\u00e9 un plan d\u2019investissement de 50\u00a0milliards de dollars aux \u00c9tats-Unis. Le groupe s\u2019adjuge ainsi la part du lion des investissements directs suisses promis par Trump, qui s\u2019\u00e9l\u00e8vent \u00e0 150\u00a0milliards au total. Il estime aussi avoir rempli son devoir concernant les n\u00e9gociations douani\u00e8res. Roche r\u00e9alise environ la moiti\u00e9 de son chiffre d\u2019affaires aux \u00c9tats-Unis.<\/p>\n<p class=\"ArticleParagraph_root__lhFZo ArticleContainer_content-width__FRl7F link_focus__0ZMwx link_externalicon-big__ZdPgo link_externalicon__qcwXs ArticleElement_article-element__q93eL\">Dans le sillage de <a class=\"HtmlText_root__A1OSq\" href=\"https:\/\/www.24heures.ch\/novartis-menace-de-retirer-des-medicaments-en-europe-132438917535\" target=\"_blank\" rel=\"noopener\">Novartis<\/a>, le groupe avait annonc\u00e9 en avril investir massivement aux \u00c9tats-Unis pour \u00e9chapper aux tarifs douaniers. Si Washington impose des droits de douane sur les produits pharmaceutiques, Roche esp\u00e8re b\u00e9n\u00e9ficier de cr\u00e9dits d\u2019enl\u00e8vement. En effet, la soci\u00e9t\u00e9 exporte beaucoup depuis les \u00c9tats-Unis avec sa division <a href=\"https:\/\/www.roche.ch\/fr\/a-propos-de\/notre-activite\/dia\" class=\"HtmlText_root__A1OSq\" target=\"_blank\" rel=\"noopener noreferrer\">Roche Diagnostics<\/a>, ce qui pourrait affecter ses importations de m\u00e9dicaments.<\/p>\n<p>N\u00e9gociations en cours avec les \u00c9tats-Unis<\/p>\n<p class=\"ArticleParagraph_root__lhFZo ArticleContainer_content-width__FRl7F link_focus__0ZMwx link_externalicon-big__ZdPgo link_externalicon__qcwXs ArticleElement_article-element__q93eL\">L\u2019industrie horlog\u00e8re suisse et d\u2019autres secteurs d\u2019exportation comptent sur la <a class=\"HtmlText_root__A1OSq\" href=\"https:\/\/www.24heures.ch\/medicaments-la-pharma-suisse-touchee-par-les-surtaxes-de-trump-823728474659\" target=\"_blank\" rel=\"noopener\">big pharma h\u00e9lv\u00e9tique<\/a> pour les \u00e9pauler cette semaine. L\u2019ann\u00e9e derni\u00e8re, ils ont export\u00e9 pour environ 32\u00a0milliards de francs de produits vers les \u00c9tats-Unis, devenant ainsi les principaux responsables du d\u00e9ficit commercial que d\u00e9nonce le pr\u00e9sident am\u00e9ricain.<\/p>\n<p class=\"ArticleParagraph_root__lhFZo ArticleContainer_content-width__FRl7F link_focus__0ZMwx link_externalicon-big__ZdPgo link_externalicon__qcwXs ArticleElement_article-element__q93eL\">Mais il ne faut pas s\u2019attendre \u00e0 de nouvelles propositions de Roche. Les tarifs pratiqu\u00e9s aux \u00c9tats-Unis n\u2019ont qu\u2019un rapport indirect avec leur valeur \u00e0 l\u2019exportation. Il existe des prix de transfert sp\u00e9ciaux pour la valeur des marchandises export\u00e9es. Une baisse des prix des m\u00e9dicaments n\u2019a donc pas d\u2019effet sur les statistiques d\u2019exportation.<\/p>\n<p class=\"ArticleParagraph_root__lhFZo ArticleContainer_content-width__FRl7F link_focus__0ZMwx link_externalicon-big__ZdPgo link_externalicon__qcwXs ArticleElement_article-element__q93eL\">Depuis un certain temps d\u00e9j\u00e0, Roche n\u00e9gocie directement avec le gouvernement am\u00e9ricain et le Minist\u00e8re de la sant\u00e9. C\u2019est ce qu\u2019a d\u00e9voil\u00e9 fin juillet son directeur g\u00e9n\u00e9ral, Thomas Schinecker, lors de sa pr\u00e9sentation semestrielle aux analystes financiers.<\/p>\n<p class=\"ArticleParagraph_root__lhFZo ArticleContainer_content-width__FRl7F link_focus__0ZMwx link_externalicon-big__ZdPgo link_externalicon__qcwXs ArticleElement_article-element__q93eL\">Le CEO a soulign\u00e9 que les m\u00e9dicaments pourraient co\u00fbter 50% moins cher aux \u00c9tats-Unis sans que l\u2019industrie pharmaceutique ait besoin de baisser ses prix. Roche d\u00e9veloppe des syst\u00e8mes de marketing direct en ligne pour certains m\u00e9dicaments, en supprimant les interm\u00e9diaires commerciaux. Le gouvernement am\u00e9ricain attend des \u00abprojets phares\u00bb, a indiqu\u00e9 Thomas Schinecker.<\/p>\n<p class=\"ArticleParagraph_root__lhFZo ArticleContainer_content-width__FRl7F link_focus__0ZMwx link_externalicon-big__ZdPgo link_externalicon__qcwXs ArticleElement_article-element__q93eL\">Il a confirm\u00e9 que Roche suivrait ses estimations de b\u00e9n\u00e9fices pour 2025. \u00abNous n\u2019avons jamais manqu\u00e9 nos pr\u00e9visions, a-t-il d\u00e9clar\u00e9. Nous continuerons \u00e0 livrer.\u00bb La firme a affich\u00e9 une marge b\u00e9n\u00e9ficiaire d\u2019exploitation de 52,2% au premier semestre. \u00c0 titre de comparaison, le <a class=\"HtmlText_root__A1OSq\" href=\"https:\/\/www.24heures.ch\/economie-les-resultats-de-swatch-ont-degringole-en-2024-193284596033\" target=\"_blank\" rel=\"noopener\">groupe horloger Swatch<\/a> a enregistr\u00e9 un b\u00e9n\u00e9fice de 2,2% du chiffre d\u2019affaires au cours de la m\u00eame p\u00e9riode.<\/p>\n<p class=\"ArticleParagraph_root__lhFZo ArticleContainer_content-width__FRl7F link_focus__0ZMwx link_externalicon-big__ZdPgo link_externalicon__qcwXs ArticleElement_article-element__q93eL\">Malgr\u00e9 ces excellents r\u00e9sultats, Roche pr\u00e9f\u00e8re maintenir ses perspectives annuelles, par prudence face aux incertitudes li\u00e9es \u00e0 Trump. Lors de la pr\u00e9sentation aux analystes, le directeur financier, Alan Hippe, a toutefois garanti que Roche assurerait au minimum son taux de marge.<\/p>\n<p>Traduit de l\u2019allemand par Emmanuelle Stevan<\/p>\n<p class=\"DynamicTeaser_boxtitle__B6piN\">La claque des droits de douane des \u00c9tats-Unis<\/p>\n<p>Newsletter<\/p>\n<p>\u00abDerni\u00e8res nouvelles\u00bb<\/p>\n<p>Vous voulez rester au top de l\u2019info? \u00ab24 heures\u00bb vous propose deux rendez-vous par jour, pour ne rien rater de ce qui se passe dans votre Canton, en Suisse ou dans le monde.<\/p>\n<p><a class=\"NewsletterBox_more__FNemz link_underlinelink__K5Zr0\" href=\"https:\/\/www.24heures.ch\/nos-newsletters\" target=\"_blank\" rel=\"noopener\">Autres newsletters<\/a><\/p>\n<p>Se connecter<strong>Isabel Strassheim<\/strong> est journaliste \u00e9conomique chez Tamedia depuis 2019. Depuis B\u00e2le, elle couvre principalement les secteurs de la pharma et de la chimie.<a class=\"ArticleAuthorBio_moreinfo__cqyvz link_underlinelink__K5Zr0\" rel=\"author noopener\" href=\"https:\/\/www.24heures.ch\/author\/87336475\/isabel-strassheim\" target=\"_blank\">Plus d&rsquo;infos<\/a><strong>Benjamin Bitoun <\/strong>travaille chez Tamedia depuis 2015. Au sein de la rubrique Berne, il \u00e9crit principalement sur l&rsquo;\u00e9conomie, la finance et la politique. Il a par ailleurs termin\u00e9 en 2018 une formation en journalisme de donn\u00e9es \u00e0 New York.<a class=\"ArticleAuthorBio_moreinfo__cqyvz link_underlinelink__K5Zr0\" rel=\"author noopener\" href=\"https:\/\/www.24heures.ch\/author\/86337619\/benjamin-bitoun\" target=\"_blank\">Plus d&rsquo;infos<\/a><a href=\"https:\/\/twitter.com\/benbitoun\" target=\"_blank\" rel=\"noopener\">@benbitoun<\/a><\/p>\n<p class=\"Feedback_root__fr_Mi ArticleContainer_content-width__FRl7F\">Vous avez trouv\u00e9 une erreur?<a href=\"mailto:tes_correction@tamedia.ch?subject=Avis%20d'erreur%20%7C%20Isabel%20Strassheim%20%7C%20Roche%20refuse%20de%20servir%20de%20levier%20face%20aux%20menaces%20am%C3%A9ricaines&amp;body=J'ai%20trouv%C3%A9%20une%20erreur%20dans%20cet%20article%3A%20https%3A%2F%2Fwww.24heures.ch%2Froche-lentreprise-refuse-de-negocier-face-aux-menaces-americaines-252748433147\" class=\"Feedback_feedbacklink__VyDCi link_underlinelink__K5Zr0\">Merci de nous la signaler.<\/a><\/p>\n<p>95 commentaires<\/p>\n<p><script async src=\"https:\/\/platform.twitter.com\/widgets.js\" charset=\"utf-8\"><\/script><\/p>\n","protected":false},"excerpt":{"rendered":"Droits de douane \u2013 Roche refuse de servir de levier face aux menaces am\u00e9ricaines Dans le dossier \u00e9pineux&hellip;\n","protected":false},"author":2,"featured_media":299166,"comment_status":"","ping_status":"","sticky":false,"template":"","format":"standard","meta":{"footnotes":""},"categories":[1589],"tags":[11,73,1866,12,43946,1864,1865,1863,308],"class_list":{"0":"post-299165","1":"post","2":"type-post","3":"status-publish","4":"format-standard","5":"has-post-thumbnail","7":"category-etats-unis","8":"tag-actualites","9":"tag-etats-unis","10":"tag-etats-unis-damerique","11":"tag-news","12":"tag-stats-traduction","13":"tag-united-states","14":"tag-united-states-of-america","15":"tag-us","16":"tag-usa"},"share_on_mastodon":{"url":"https:\/\/pubeurope.com\/@fr\/114978851803256765","error":""},"_links":{"self":[{"href":"https:\/\/www.europesays.com\/fr\/wp-json\/wp\/v2\/posts\/299165","targetHints":{"allow":["GET"]}}],"collection":[{"href":"https:\/\/www.europesays.com\/fr\/wp-json\/wp\/v2\/posts"}],"about":[{"href":"https:\/\/www.europesays.com\/fr\/wp-json\/wp\/v2\/types\/post"}],"author":[{"embeddable":true,"href":"https:\/\/www.europesays.com\/fr\/wp-json\/wp\/v2\/users\/2"}],"replies":[{"embeddable":true,"href":"https:\/\/www.europesays.com\/fr\/wp-json\/wp\/v2\/comments?post=299165"}],"version-history":[{"count":0,"href":"https:\/\/www.europesays.com\/fr\/wp-json\/wp\/v2\/posts\/299165\/revisions"}],"wp:featuredmedia":[{"embeddable":true,"href":"https:\/\/www.europesays.com\/fr\/wp-json\/wp\/v2\/media\/299166"}],"wp:attachment":[{"href":"https:\/\/www.europesays.com\/fr\/wp-json\/wp\/v2\/media?parent=299165"}],"wp:term":[{"taxonomy":"category","embeddable":true,"href":"https:\/\/www.europesays.com\/fr\/wp-json\/wp\/v2\/categories?post=299165"},{"taxonomy":"post_tag","embeddable":true,"href":"https:\/\/www.europesays.com\/fr\/wp-json\/wp\/v2\/tags?post=299165"}],"curies":[{"name":"wp","href":"https:\/\/api.w.org\/{rel}","templated":true}]}}