{"id":299187,"date":"2025-08-06T00:06:13","date_gmt":"2025-08-06T00:06:13","guid":{"rendered":"https:\/\/www.europesays.com\/fr\/299187\/"},"modified":"2025-08-06T00:06:13","modified_gmt":"2025-08-06T00:06:13","slug":"mercato-om-le-transfert-a-20me-reclame-en-ligue-1","status":"publish","type":"post","link":"https:\/\/www.europesays.com\/fr\/299187\/","title":{"rendered":"Mercato &#8211; OM : Le transfert \u00e0 20M\u20ac r\u00e9clam\u00e9 en Ligue 1 !"},"content":{"rendered":"<p>                    Hugo Chirossel<br \/>\n                        &#8211;<\/p>\n<p>Journaliste<\/p>\n<p>Passionn\u00e9 de football depuis le plus jeune \u00e2ge, devenir journaliste sportif est rapidement devenu une \u00e9vidence pour Hugo. Il se d\u00e9couvrira plus tard un amour pour la NBA, avant d\u2019explorer d\u2019autres horizons comme ceux de la Formule 1 et de la NFL.<\/p>\n<p class=\"heading\">Alors qu\u2019il ne lui reste qu\u2019un an de contrat, Edon Zhegrova a refus\u00e9 une prolongation et exprim\u00e9 son souhait de quitter le LOSC cet \u00e9t\u00e9. En ce sens, il pourrait rester en Ligue 1, puisque l\u2019OM a entam\u00e9 des n\u00e9gociations pour le recruter. Lille attend au moins 20M\u20ac bonus compris pour se s\u00e9parer de l\u2019international kosovar. <\/p>\n<p>Apr\u00e8s avoir recrut\u00e9 <strong>Pierre-Emerick Aubameyang<\/strong> (36 ans) libre et <strong>Igor Paix\u00e3o <\/strong>(25 ans) contre 35M\u20ac bonus compris la semaine derni\u00e8re, l\u2019<strong>OM<\/strong> veut encore renforcer son secteur offensif. Dans cette optique, la nouvelle cible de la direction marseillaise se nomme <strong>Edon Zhegrova<\/strong>, \u00e0 qui il ne reste plus qu\u2019un an de contrat avec le <strong>LOSC<\/strong>. <\/p>\n<p>                                            N\u00e9gociations entre l\u2019OM et le LOSC pour Zhegrova<\/p>\n<p>D\u2019apr\u00e8s les informations du journaliste <a href=\"https:\/\/le10sport.com\/football\/mercato\/transfert-dun-attaquant-la-grosse-surprise-preparee-par-lom-753193\" rel=\"nofollow noopener\" target=\"_blank\"><strong>Fabrizio Romano<\/strong><\/a>, l\u2019<strong>OM<\/strong> a entam\u00e9 des n\u00e9gociations avec Lille ainsi qu\u2019avec les agents de l\u2019ailier \u00e2g\u00e9 de 26 ans, int\u00e9ress\u00e9 \u00e0 l\u2019id\u00e9e de rejoindre Marseille. <strong>Edon Zhegrova<\/strong> veut partir cet \u00e9t\u00e9 et a refus\u00e9 une prolongation propos\u00e9e par le<strong> LOSC<\/strong>, qui r\u00e9clame tout de m\u00eame une belle somme pour s\u2019en s\u00e9parer. <\/p>\n<p>                                            Le LOSC r\u00e9clame 20M\u20ac pour son attaquant<\/p>\n<p>En effet, selon RMC Sport, les Dogues ont fix\u00e9 le prix de l\u2019international kosovar (34 s\u00e9lections) \u00e0 20M\u20ac bonus compris. D\u2019apr\u00e8s Foot Mercato, ce sont 15M\u20ac, plus 5M\u20ac, qui sont attendus par le <strong>LOSC<\/strong>. FM pr\u00e9cise par ailleurs que l\u2019<strong>OM<\/strong> souhaite recruter <strong>Edon Zhegrova<\/strong> pour concurrencer et non remplacer <strong>Mason Greenwood<\/strong>, annonc\u00e9 dans le viseur de l\u2019<a href=\"https:\/\/le10sport.com\/football\/mercato\/98meur-le-transfert-xxl-reclame-par-lom-753165\" rel=\"nofollow noopener\" target=\"_blank\">Arabie Saoudite<\/a>. <\/p>\n","protected":false},"excerpt":{"rendered":"Hugo Chirossel &#8211; Journaliste Passionn\u00e9 de football depuis le plus jeune \u00e2ge, devenir journaliste sportif est rapidement devenu&hellip;\n","protected":false},"author":2,"featured_media":299188,"comment_status":"","ping_status":"","sticky":false,"template":"","format":"standard","meta":{"footnotes":""},"categories":[1412],"tags":[1451,1452,1453,1454,1455,1011,27,60],"class_list":{"0":"post-299187","1":"post","2":"type-post","3":"status-publish","4":"format-standard","5":"has-post-thumbnail","7":"category-f1","8":"tag-f1","9":"tag-formula-1","10":"tag-formula1","11":"tag-formule-1","12":"tag-formule1","13":"tag-fr","14":"tag-france","15":"tag-sports"},"share_on_mastodon":{"url":"https:\/\/pubeurope.com\/@fr\/114978906678455217","error":""},"_links":{"self":[{"href":"https:\/\/www.europesays.com\/fr\/wp-json\/wp\/v2\/posts\/299187","targetHints":{"allow":["GET"]}}],"collection":[{"href":"https:\/\/www.europesays.com\/fr\/wp-json\/wp\/v2\/posts"}],"about":[{"href":"https:\/\/www.europesays.com\/fr\/wp-json\/wp\/v2\/types\/post"}],"author":[{"embeddable":true,"href":"https:\/\/www.europesays.com\/fr\/wp-json\/wp\/v2\/users\/2"}],"replies":[{"embeddable":true,"href":"https:\/\/www.europesays.com\/fr\/wp-json\/wp\/v2\/comments?post=299187"}],"version-history":[{"count":0,"href":"https:\/\/www.europesays.com\/fr\/wp-json\/wp\/v2\/posts\/299187\/revisions"}],"wp:featuredmedia":[{"embeddable":true,"href":"https:\/\/www.europesays.com\/fr\/wp-json\/wp\/v2\/media\/299188"}],"wp:attachment":[{"href":"https:\/\/www.europesays.com\/fr\/wp-json\/wp\/v2\/media?parent=299187"}],"wp:term":[{"taxonomy":"category","embeddable":true,"href":"https:\/\/www.europesays.com\/fr\/wp-json\/wp\/v2\/categories?post=299187"},{"taxonomy":"post_tag","embeddable":true,"href":"https:\/\/www.europesays.com\/fr\/wp-json\/wp\/v2\/tags?post=299187"}],"curies":[{"name":"wp","href":"https:\/\/api.w.org\/{rel}","templated":true}]}}