{"id":299195,"date":"2025-08-06T00:10:20","date_gmt":"2025-08-06T00:10:20","guid":{"rendered":"https:\/\/www.europesays.com\/fr\/299195\/"},"modified":"2025-08-06T00:10:20","modified_gmt":"2025-08-06T00:10:20","slug":"le-chambon-sur-lignon-charles-allio-peint-ses-deux-amours-le-chambon-et-marseille","status":"publish","type":"post","link":"https:\/\/www.europesays.com\/fr\/299195\/","title":{"rendered":"Le Chambon-sur-Lignon : Charles Allio peint ses deux amours, Le Chambon et Marseille"},"content":{"rendered":"<p>\t\t\t\t\t\t\t\t\t\t\t\t\t\t\t\t\t\t\t\t\t\t\t\t\t\t\t\t\t\t\t\t\t\t\t\t\t\t\t\t\t\t\t\t\t\t\t\t\t\t\t\t\t\t\t\t\t\t\t\t\t\t\t<a href=\"https:\/\/www.lacommere43.fr\/component\/banners\/click\/1803.html\" target=\"_blank\" title=\"Tence Rural Master ao\u00fbt 2025\" rel=\"noopener\"><br \/>\n\t\t\t\t\t\t\t<img decoding=\"async\" loading=\"lazy\" src=\"https:\/\/www.europesays.com\/fr\/wp-content\/uploads\/2025\/08\/rural2025-5.gif\" alt=\"Tence Rural Master ao\u00fbt 2025\"\/><br \/>\n\t\t\t\t\t\t<\/a><\/p>\n<p>\t\t\t\t\t\t\t\t\t\t\t\t\t\t\t\t\t\t\t\t\t\t\t\t\t\t\t\t\t\t\t\t\t\t\t\t\t\t\t\t\t\t\t\t\t\t\t\t\t\t\t\t\t\t\t\t\t\t\t\t\t\t\t<a href=\"https:\/\/www.lacommere43.fr\/component\/banners\/click\/1802.html\" target=\"_blank\" title=\"Hugon Tourisme ao\u00fbt 2025\" rel=\"noopener\"><br \/>\n\t\t\t\t\t\t\t<img decoding=\"async\" loading=\"lazy\" src=\"https:\/\/www.europesays.com\/fr\/wp-content\/uploads\/2025\/08\/hugonaot.gif\" alt=\"Hugon Tourisme ao\u00fbt 2025\"\/><br \/>\n\t\t\t\t\t\t<\/a><\/p>\n<p><strong>La m\u00e9diath\u00e8que du Chambon-sur-Lignon sert d&rsquo;\u00e9crin \u00e0 une quarantaine de toiles de Charles Allio qui partage sa vie entre Le Chambon et Marseille, qu&rsquo;il aime \u00e0 peindre.<\/strong><\/p>\n<p>L&rsquo;exposition est visible au long cours, depuis le 1er ao\u00fbt et jusqu&rsquo;au 27 septembre. Charles Allio, quatre ans apr\u00e8s sa derni\u00e8re exposition sur le sud \u00e0 l&rsquo;office de tourisme, s&rsquo;installe \u00e0 la m\u00e9diath\u00e8que pour pr\u00e9senter ses deux amours : Marseille o\u00f9 il vit une bonne partie de l&rsquo;ann\u00e9e, et Le Chambon, qu&rsquo;il a connu par le biais de sa femme et o\u00f9 il reste quatre mois de l&rsquo;ann\u00e9e.<\/p>\n<p>Charles Allio, qui a longtemps pr\u00e9f\u00e9r\u00e9 le sport et la musique, s&rsquo;est mis \u00e0 la peinture, s&rsquo;inspirant de son p\u00e8re. \u00ab\u00a0Il a toujours peint en Provence. Il avait fait les Beaux-Arts. C&rsquo;\u00e9tait un peintre traditionnel, il peignait sur site. On avait toujours un chevalet \u00e0 la maison.\u00a0\u00bb<\/p>\n<p>Charles Allio s&rsquo;est mis \u00e0 l&rsquo;acrylique dans les ann\u00e9es 90 et passe de plus en plus de temps avec cet art. \u00ab\u00a0Je passe beaucoup de temps au dessin. Le Chambon, je l&#8217;emm\u00e8ne avec moi \u00e0 Marseille et je le peins l\u00e0-bas. Quand je peins, je suis serein, pos\u00e9, je suis bien.\u00a0\u00bb<\/p>\n<p>Quarante peintures sont ainsi pr\u00e9sent\u00e9es et il est possible de les acheter.<\/p>\n","protected":false},"excerpt":{"rendered":"La m\u00e9diath\u00e8que du Chambon-sur-Lignon sert d&rsquo;\u00e9crin \u00e0 une quarantaine de toiles de Charles Allio qui partage sa vie&hellip;\n","protected":false},"author":2,"featured_media":299196,"comment_status":"","ping_status":"","sticky":false,"template":"","format":"standard","meta":{"footnotes":""},"categories":[1358],"tags":[2281,1348,1384,1385,1386,58,59,2282,1011,27,2280,2284,2285,2283],"class_list":{"0":"post-299195","1":"post","2":"type-post","3":"status-publish","4":"format-standard","5":"has-post-thumbnail","7":"category-arts-et-design","8":"tag-actualite-43","9":"tag-arts","10":"tag-arts-and-design","11":"tag-arts-et-design","12":"tag-design","13":"tag-divertissement","14":"tag-entertainment","15":"tag-faits-divers-auvergne","16":"tag-fr","17":"tag-france","18":"tag-information-haute-loire","19":"tag-infos-43","20":"tag-journal-haute-loire","21":"tag-la-commere-43"},"share_on_mastodon":{"url":"https:\/\/pubeurope.com\/@fr\/114978922911036469","error":""},"_links":{"self":[{"href":"https:\/\/www.europesays.com\/fr\/wp-json\/wp\/v2\/posts\/299195","targetHints":{"allow":["GET"]}}],"collection":[{"href":"https:\/\/www.europesays.com\/fr\/wp-json\/wp\/v2\/posts"}],"about":[{"href":"https:\/\/www.europesays.com\/fr\/wp-json\/wp\/v2\/types\/post"}],"author":[{"embeddable":true,"href":"https:\/\/www.europesays.com\/fr\/wp-json\/wp\/v2\/users\/2"}],"replies":[{"embeddable":true,"href":"https:\/\/www.europesays.com\/fr\/wp-json\/wp\/v2\/comments?post=299195"}],"version-history":[{"count":0,"href":"https:\/\/www.europesays.com\/fr\/wp-json\/wp\/v2\/posts\/299195\/revisions"}],"wp:featuredmedia":[{"embeddable":true,"href":"https:\/\/www.europesays.com\/fr\/wp-json\/wp\/v2\/media\/299196"}],"wp:attachment":[{"href":"https:\/\/www.europesays.com\/fr\/wp-json\/wp\/v2\/media?parent=299195"}],"wp:term":[{"taxonomy":"category","embeddable":true,"href":"https:\/\/www.europesays.com\/fr\/wp-json\/wp\/v2\/categories?post=299195"},{"taxonomy":"post_tag","embeddable":true,"href":"https:\/\/www.europesays.com\/fr\/wp-json\/wp\/v2\/tags?post=299195"}],"curies":[{"name":"wp","href":"https:\/\/api.w.org\/{rel}","templated":true}]}}