{"id":29921,"date":"2025-04-16T20:31:28","date_gmt":"2025-04-16T20:31:28","guid":{"rendered":"https:\/\/www.europesays.com\/fr\/29921\/"},"modified":"2025-04-16T20:31:28","modified_gmt":"2025-04-16T20:31:28","slug":"paris-reaffirme-son-soutien-au-maroc-sur-le-sahara-occidental","status":"publish","type":"post","link":"https:\/\/www.europesays.com\/fr\/29921\/","title":{"rendered":"Paris r\u00e9affirme son soutien au Maroc sur le Sahara occidental"},"content":{"rendered":"<p>\u00abLe soutien de la France au plan d\u2019autonomie propos\u00e9 par le Maroc en 2007, qui suscite un consensus international de plus en plus large, est clair et constant\u00bb, indique Jean-No\u00ebl Barrot.<\/p>\n<p class=\"fig-paragraph\">L&rsquo;avenir du\u00a0<a href=\"http:\/\/www.lefigaro.fr\/politique\/au-sahara-occidental-gerard-larcher-poursuit-le-rapprochement-avec-le-maroc-sur-fond-de-crise-franco-algerienne-20250226\" target=\"_blank\" data-fig-type=\"Article\" rel=\"noopener\" data-gtm-custom-categorie=\"navigation\" data-gtm-custom-action=\"crossclick\" data-gtm-custom-label=\"Contextuel\" data-gtm-event=\"customEventSPE\" data-fig-domain=\"LEFIGARO\">Sahara occidental<\/a>, qui oppose depuis des d\u00e9cennies l&rsquo;Alg\u00e9rie et le Maroc, s&rsquo;inscrit \u00abdans le cadre de la souverainet\u00e9 marocaine\u00bb, a r\u00e9p\u00e9t\u00e9 le chef de la diplomatie fran\u00e7aise \u00e0 son homologue marocain lors d&rsquo;un entretien lundi soir, dans un contexte de\u00a0<a href=\"http:\/\/www.lefigaro.fr\/politique\/crise-avec-l-algerie-paris-calibre-sa-riposte-apres-l-expulsion-de-douze-fonctionnaires-francais-20250414\" target=\"_blank\" data-fig-type=\"Article\" rel=\"noopener\" data-gtm-custom-categorie=\"navigation\" data-gtm-custom-action=\"crossclick\" data-gtm-custom-label=\"Contextuel\" data-gtm-event=\"customEventSPE\" data-fig-domain=\"LEFIGARO\">crise aig\u00fce entre Paris et Alger.<\/a><\/p>\n<p class=\"fig-paragraph\"><a href=\"http:\/\/www.lefigaro.fr\/international\/jean-noel-barrot-menace-l-algerie-de-consequences-si-elle-maintient-l-expulsion-de-12-agents-francais-20250415\" target=\"_blank\" data-fig-type=\"NewsFlash\" rel=\"noopener\" data-gtm-custom-categorie=\"navigation\" data-gtm-custom-action=\"crossclick\" data-gtm-custom-label=\"Contextuel\" data-gtm-event=\"customEventSPE\" data-fig-domain=\"LEFIGARO\">Jean-No\u00ebl Barrot<\/a>\u00a0a r\u00e9affirm\u00e9 \u00e0 Nasser Bourita \u00abla position intangible\u00bb de la France, selon laquelle \u00able pr\u00e9sent et l&rsquo;avenir du Sahara occidental s&rsquo;inscrivent dans le cadre de la souverainet\u00e9 marocaine\u00bb, indique un communiqu\u00e9 du minist\u00e8re des Affaires \u00e9trang\u00e8res mardi. \u00abLe soutien de la France au plan d&rsquo;autonomie propos\u00e9 par le Maroc en 2007, qui suscite un consensus international de plus en plus large, est clair et constant. Celui-ci constitue la seule base pour aboutir \u00e0 une solution politique juste, durable\u00bb, selon le communiqu\u00e9.<\/p>\n<p class=\"fig-body-link\">\n            \u00c0 lire aussi<br \/>\n        <a class=\"fig-body-link__link fig-premium-mark\" href=\"http:\/\/www.lefigaro.fr\/politique\/sur-le-sahara-occidental-la-ligne-pro-rabat-de-jean-luc-melenchon-divise-les-insoumis-20241028\" data-fig-type=\"Article\" data-gtm-custom-categorie=\"navigation\" data-gtm-custom-action=\"crossclick\" data-gtm-custom-label=\"Contextuel\" data-gtm-event=\"customEventSPE\" data-fig-domain=\"LEFIGARO\" target=\"_blank\" rel=\"noopener\">Sur le Sahara occidental, la ligne pro-Rabat de Jean-Luc M\u00e9lenchon divise les Insoumis<br \/>\n    <\/a>\n<\/p>\n<p>\u00abPartenariat d\u2019exception renforc\u00e9\u00bb<\/p>\n<p class=\"fig-paragraph\">La question de cette ex-colonie espagnole oppose depuis des d\u00e9cennies le Maroc,qui contr\u00f4le 80% du territoire et propose un plan d&rsquo;autonomie sous sa souverainet\u00e9, aux ind\u00e9pendantistes sahraouis du Front Polisario, soutenus par Alger, qui r\u00e9clament un r\u00e9f\u00e9rendum d&rsquo;autod\u00e9termination sous l&rsquo;\u00e9gide de l&rsquo;ONU. Le soutien total apport\u00e9 par le pr\u00e9sident fran\u00e7ais<a href=\"http:\/\/www.lefigaro.fr\/flash-actu\/vous-le-savez-moi-je-suis-un-tres-grand-partisan-du-en-meme-temps-la-blague-d-emmanuel-macron-devant-la-communaute-francaise-au-maroc-20241030\" target=\"_blank\" data-fig-type=\"NewsFlash\" rel=\"noopener\" data-gtm-custom-categorie=\"navigation\" data-gtm-custom-action=\"crossclick\" data-gtm-custom-label=\"Contextuel\" data-gtm-event=\"customEventSPE\" data-fig-domain=\"LEFIGARO\">\u00a0Emmanuel Macron<\/a>\u00a0au plan marocain a d\u00e9clench\u00e9 il y a huit mois une crise diplomatique aig\u00fce entre Paris et Alger, qui ne cesse de rebondir depuis, en d\u00e9pit d&rsquo;une tentative d&rsquo;apaisement fin mars et de la visite de M. Barrot d\u00e9but avril \u00e0 Alger, o\u00f9 il a rencontr\u00e9 le pr\u00e9sident\u00a0<a href=\"http:\/\/www.lefigaro.fr\/politique\/veut-elle-parquer-tous-les-algeriens-avant-de-les-deporter-le-president-algerien-abdelmadjid-tebboune-attaque-marine-le-pen-20250203\" target=\"_blank\" data-fig-type=\"NewsFlash\" rel=\"noopener\" data-gtm-custom-categorie=\"navigation\" data-gtm-custom-action=\"crossclick\" data-gtm-custom-label=\"Contextuel\" data-gtm-event=\"customEventSPE\" data-fig-domain=\"LEFIGARO\">Abdelmadjid Tebboune.<\/a><\/p>\n<p class=\"fig-paragraph\">La tension est remont\u00e9e d&rsquo;un cran depuis quelques jours avec la d\u00e9cision d&rsquo;Alger\u00a0<a href=\"http:\/\/www.lefigaro.fr\/international\/expulsion-de-12-agents-de-l-ambassade-francaise-a-alger-une-nouvelle-humiliation-pour-la-droite-tandis-que-la-gauche-pointe-la-position-du-gouvernement-20250414\" target=\"_blank\" data-fig-type=\"Article\" rel=\"noopener\" data-gtm-custom-categorie=\"navigation\" data-gtm-custom-action=\"crossclick\" data-gtm-custom-label=\"Contextuel\" data-gtm-event=\"customEventSPE\" data-fig-domain=\"LEFIGARO\">d&rsquo;expulser douze fonctionnaires fran\u00e7ais\u00a0<\/a>en r\u00e9ponse \u00e0 l&rsquo;arrestation et la d\u00e9tention en France d&rsquo;un agent consulaire alg\u00e9rien, poursuivi avec deux autres hommes pour association de malfaiteurs terroriste criminelle. Lors de leur rencontre lundi soir, Jean-No\u00ebl Barrot et Bourita \u00abse sont f\u00e9licit\u00e9s du dynamisme sans pr\u00e9c\u00e9dent de la relation bilat\u00e9rale franco-marocaine\u00bb, et se sont dits d\u00e9termin\u00e9s \u00e0 renforcer le \u00abpartenariat d&rsquo;exception renforc\u00e9\u00bb entre les deux pays, selon le communiqu\u00e9.<\/p>\n","protected":false},"excerpt":{"rendered":"\u00abLe soutien de la France au plan d\u2019autonomie propos\u00e9 par le Maroc en 2007, qui suscite un consensus&hellip;\n","protected":false},"author":2,"featured_media":29922,"comment_status":"","ping_status":"","sticky":false,"template":"","format":"standard","meta":{"footnotes":""},"categories":[1888],"tags":[259,11,260,1777,674,1011,27,14,2121,2223,261,12,626,262,25,3184],"class_list":{"0":"post-29921","1":"post","2":"type-post","3":"status-publish","4":"format-standard","5":"has-post-thumbnail","7":"category-paris","8":"tag-actualite-internationale","9":"tag-actualites","10":"tag-affaires-etrangeres","11":"tag-eu","12":"tag-europe","13":"tag-fr","14":"tag-france","15":"tag-international","16":"tag-jean-noel-barrot","17":"tag-maroc","18":"tag-ministere-des-affaires-etrangeres","19":"tag-news","20":"tag-paris","21":"tag-politique-etrangere","22":"tag-republique-francaise","23":"tag-sahara-occidental"},"share_on_mastodon":{"url":"https:\/\/pubeurope.com\/@fr\/114349544763341416","error":""},"_links":{"self":[{"href":"https:\/\/www.europesays.com\/fr\/wp-json\/wp\/v2\/posts\/29921","targetHints":{"allow":["GET"]}}],"collection":[{"href":"https:\/\/www.europesays.com\/fr\/wp-json\/wp\/v2\/posts"}],"about":[{"href":"https:\/\/www.europesays.com\/fr\/wp-json\/wp\/v2\/types\/post"}],"author":[{"embeddable":true,"href":"https:\/\/www.europesays.com\/fr\/wp-json\/wp\/v2\/users\/2"}],"replies":[{"embeddable":true,"href":"https:\/\/www.europesays.com\/fr\/wp-json\/wp\/v2\/comments?post=29921"}],"version-history":[{"count":0,"href":"https:\/\/www.europesays.com\/fr\/wp-json\/wp\/v2\/posts\/29921\/revisions"}],"wp:featuredmedia":[{"embeddable":true,"href":"https:\/\/www.europesays.com\/fr\/wp-json\/wp\/v2\/media\/29922"}],"wp:attachment":[{"href":"https:\/\/www.europesays.com\/fr\/wp-json\/wp\/v2\/media?parent=29921"}],"wp:term":[{"taxonomy":"category","embeddable":true,"href":"https:\/\/www.europesays.com\/fr\/wp-json\/wp\/v2\/categories?post=29921"},{"taxonomy":"post_tag","embeddable":true,"href":"https:\/\/www.europesays.com\/fr\/wp-json\/wp\/v2\/tags?post=29921"}],"curies":[{"name":"wp","href":"https:\/\/api.w.org\/{rel}","templated":true}]}}