{"id":299213,"date":"2025-08-06T00:20:10","date_gmt":"2025-08-06T00:20:10","guid":{"rendered":"https:\/\/www.europesays.com\/fr\/299213\/"},"modified":"2025-08-06T00:20:10","modified_gmt":"2025-08-06T00:20:10","slug":"ce-qui-va-changer-pour-les-abonnes-de-loperateur","status":"publish","type":"post","link":"https:\/\/www.europesays.com\/fr\/299213\/","title":{"rendered":"ce qui va changer pour les abonn\u00e9s de l&rsquo;op\u00e9rateur"},"content":{"rendered":"<p>            Par<br \/>\n        <strong><br \/>\n            <a href=\"https:\/\/actu.fr\/auteur\/alexandra-segond\" title=\"Consulter tous les articles de Alexandra Segond\" target=\"_blank\" rel=\"noopener\">Alexandra Segond<\/a><br \/>\n        <\/strong><\/p>\n<p>        Publi\u00e9 le<\/p>\n<p>            5 ao\u00fbt 2025 \u00e0 21h16        <\/p>\n<p>\u00ab\u2009Le service FreeWifi s\u2019arr\u00eate prochainement\u2009\u00bb\u2009: si vous \u00eates clients de <strong>l\u2019op\u00e9rateur Free<\/strong>, il est probable que vous ayez re\u00e7u \u2014 ou allez recevoir \u2014 <a href=\"https:\/\/x.com\/TiinoX83\/status\/1951567920573640974\">ce message par mail<\/a>, pour vous annoncer des changements concernant <strong>votre abonnement<\/strong>.<\/p>\n<p class=\" wall-content\">\n<p>\u00ab\u2009Un r\u00e9seau communautaire\u2009\u00bb devenu obsol\u00e8te<\/p>\n<p class=\" wall-content\">Ainsi, <strong>\u00e0 partir d\u2019octobre\u00a02025<\/strong>, le r\u00e9seau FreeWifi tire sa r\u00e9v\u00e9rence, au regard de \u00ab\u2009l\u2019\u00e9volution des <a href=\"https:\/\/actu.fr\/sciences-technologie\" target=\"_blank\" rel=\"noopener\">usages num\u00e9riques<\/a> et de nos infrastructures\u2009\u00bb, <strong>rendant le service \u00ab\u2009obsol\u00e8te\u2009\u00bb<\/strong>.<\/p>\n<p class=\" wall-content\">Pas de grands changements donc, rassure l\u2019op\u00e9rateur fran\u00e7ais\u2009: simplement une remise \u00e0 jour de ses services de moins en moins utilis\u00e9s par ses clients. D\u2019autant que ceux-ci jouissent \u00ab\u2009d\u2019une connectivit\u00e9 de qualit\u00e9 gr\u00e2ce aux <a href=\"https:\/\/actu.fr\/sciences-technologie\/enquete-la-5g-un-deploiement-a-marche-forcee-avec-peu-d-engouement-et-toujours-des-inquietudes_61149033.html\" target=\"_blank\" rel=\"noopener\">r\u00e9seaux 5G<\/a> et 4G de Free\u2009\u00bb, vante le groupe du <a href=\"https:\/\/actu.fr\/ile-de-france\/paris_75056\/paris-le-milliardaire-xavier-niel-fait-ses-emplettes-en-rachetant-le-bhv-l-homme-aux-galeries-lafayette_62817390.html\" target=\"_blank\" rel=\"noopener\">milliardaire Xavier Niel<\/a>.<\/p>\n<p class=\" wall-content\">Pour rappel, le FreeWifi est <strong>un \u00ab\u2009r\u00e9seau communautaire\u2009\u00bb<\/strong> inclus dans tous les forfaits Free Mobile. Lanc\u00e9 en 2009, il permettait aux abonn\u00e9s de partager leur connexion Internet et offrir un acc\u00e8s wifi public \u00e0 d\u2019autres abonn\u00e9s Free.<\/p>\n<p class=\" wall-content\">Une sorte de point d\u2019acc\u00e8s que Free avait renforc\u00e9 en 2012 en proposant d\u00e9sormais <strong>FreeWifi-Secure<\/strong>, qui reprenait le principe de FreeWifi mais de mani\u00e8re \u00ab\u2009enti\u00e8rement s\u00e9curis\u00e9e\u2009\u00bb, peut-on lire <a href=\"https:\/\/assistance.free.fr\/articles\/943\" target=\"_blank\" rel=\"noopener\">sur le site de l\u2019entreprise<\/a>.<\/p>\n<p class=\" wall-content\">Suivez toute l\u2019actualit\u00e9 de vos villes et m\u00e9dias favoris en vous inscrivant \u00e0 <a href=\"https:\/\/moncompte.actu.fr\" title=\"D\u00e9couvez Mon Actu\" rel=\"nofollow noopener\" data-trk=\"{&quot;cta&quot;:{&quot;action&quot;:&quot;https:\\\/\\\/moncompte.actu.fr&quot;,&quot;category&quot;:&quot;mon compte&quot;,&quot;from&quot;:&quot;article footer&quot;,&quot;name&quot;:&quot;Mon actu&quot;,&quot;type&quot;:&quot;cta&quot;}}\" target=\"_blank\">Mon Actu<\/a>.<\/p>\n","protected":false},"excerpt":{"rendered":"Par Alexandra Segond Publi\u00e9 le 5 ao\u00fbt 2025 \u00e0 21h16 \u00ab\u2009Le service FreeWifi s\u2019arr\u00eate prochainement\u2009\u00bb\u2009: si vous \u00eates&hellip;\n","protected":false},"author":2,"featured_media":299214,"comment_status":"","ping_status":"","sticky":false,"template":"","format":"standard","meta":{"footnotes":""},"categories":[6],"tags":[35,33,34,1011,27,2631,724],"class_list":{"0":"post-299213","1":"post","2":"type-post","3":"status-publish","4":"format-standard","5":"has-post-thumbnail","7":"category-economie","8":"tag-business","9":"tag-economie","10":"tag-economy","11":"tag-fr","12":"tag-france","13":"tag-sciences-technologie","14":"tag-smartphone"},"share_on_mastodon":{"url":"","error":""},"_links":{"self":[{"href":"https:\/\/www.europesays.com\/fr\/wp-json\/wp\/v2\/posts\/299213","targetHints":{"allow":["GET"]}}],"collection":[{"href":"https:\/\/www.europesays.com\/fr\/wp-json\/wp\/v2\/posts"}],"about":[{"href":"https:\/\/www.europesays.com\/fr\/wp-json\/wp\/v2\/types\/post"}],"author":[{"embeddable":true,"href":"https:\/\/www.europesays.com\/fr\/wp-json\/wp\/v2\/users\/2"}],"replies":[{"embeddable":true,"href":"https:\/\/www.europesays.com\/fr\/wp-json\/wp\/v2\/comments?post=299213"}],"version-history":[{"count":0,"href":"https:\/\/www.europesays.com\/fr\/wp-json\/wp\/v2\/posts\/299213\/revisions"}],"wp:featuredmedia":[{"embeddable":true,"href":"https:\/\/www.europesays.com\/fr\/wp-json\/wp\/v2\/media\/299214"}],"wp:attachment":[{"href":"https:\/\/www.europesays.com\/fr\/wp-json\/wp\/v2\/media?parent=299213"}],"wp:term":[{"taxonomy":"category","embeddable":true,"href":"https:\/\/www.europesays.com\/fr\/wp-json\/wp\/v2\/categories?post=299213"},{"taxonomy":"post_tag","embeddable":true,"href":"https:\/\/www.europesays.com\/fr\/wp-json\/wp\/v2\/tags?post=299213"}],"curies":[{"name":"wp","href":"https:\/\/api.w.org\/{rel}","templated":true}]}}