{"id":299215,"date":"2025-08-06T00:21:12","date_gmt":"2025-08-06T00:21:12","guid":{"rendered":"https:\/\/www.europesays.com\/fr\/299215\/"},"modified":"2025-08-06T00:21:12","modified_gmt":"2025-08-06T00:21:12","slug":"bill-et-hillary-clinton-assignes-a-comparaitre-au-congres-dans-laffaire-epstein-05-08-2025-a-1958","status":"publish","type":"post","link":"https:\/\/www.europesays.com\/fr\/299215\/","title":{"rendered":"Bill et Hillary Clinton assign\u00e9s \u00e0 compara\u00eetre au Congr\u00e8s dans l&rsquo;affaire Epstein &#8211; 05\/08\/2025 \u00e0 19:58"},"content":{"rendered":"<p>        <img fetchpriority=\"high\" decoding=\"async\" src=\"https:\/\/www.europesays.com\/fr\/wp-content\/uploads\/2025\/08\/fba60bcca806295da2b4fee0430337cf-760x507.jpg\" alt=\"L'ex-pr\u00e9sident am\u00e9ricain Bill Clinton, et son \u00e9pouse, l'ancienne cheffe de la diplomatie am\u00e9ricaine Hillary Clinton arrivent pour l'investiture de Donald Trump au Capitole de Washington, le 20 janvier 2025  ( POOL \/ Kenny Holston\/The New York Times )\" loading=\"eager\" width=\"760\" height=\"507\" style=\"max-width: 100%!important; height: auto;\"\/><\/p>\n<p class=\"c-image-news__legend\">L&rsquo;ex-pr\u00e9sident am\u00e9ricain Bill Clinton, et son \u00e9pouse, l&rsquo;ancienne cheffe de la diplomatie am\u00e9ricaine Hillary Clinton arrivent pour l&rsquo;investiture de Donald Trump au Capitole de Washington, le 20 janvier 2025  ( POOL \/ Kenny Holston\/The New York Times )<\/p>\n<p>\n Une puissante commission du Congr\u00e8s am\u00e9ricain, \u00e0 majorit\u00e9 r\u00e9publicaine, a annonc\u00e9 mardi avoir assign\u00e9 \u00e0 compara\u00eetre l&rsquo;ex-pr\u00e9sident d\u00e9mocrate Bill Clinton et son \u00e9pouse, l&rsquo;ancienne cheffe de la diplomatie Hillary Clinton, dans le cadre de son enqu\u00eate parlementaire sur l&rsquo;affaire du d\u00e9linquant sexuel Jeffrey Epstein.\n<\/p>\n<p>\n Alors que Donald Trump se trouve accus\u00e9 depuis plusieurs semaines, jusque dans sa base \u00e9lectorale, de manque de transparence dans le dossier de ce financier mort en prison avant son proc\u00e8s pour crimes sexuels, le responsable r\u00e9publicain James Comer a d\u00e9clar\u00e9 avoir convoqu\u00e9 l&rsquo;ancien pr\u00e9sident le 14 octobre, et l&rsquo;ancienne cheffe de la diplomatie am\u00e9ricaine le 9 octobre, pour r\u00e9pondre de leurs liens avec Jeffrey Epstein.\n<\/p>\n<p>\n Six ex-ministres de la Justice ainsi que deux anciens chefs de la police f\u00e9d\u00e9rale, le FBI, ont \u00e9galement \u00e9t\u00e9 assign\u00e9s \u00e0 compara\u00eetre pour des auditions allant de mi-ao\u00fbt \u00e0 mi-octobre sur le d\u00e9roul\u00e9 de l&rsquo;enqu\u00eate judiciaire sur le financier.\n<\/p>\n<p>\n \u00ab\u00a0De votre propre aveu, vous avez voyag\u00e9 \u00e0 bord de l&rsquo;avion priv\u00e9 de Jeffrey Epstein \u00e0 quatre reprises en 2002 et 2003\u00a0\u00bb, affirme la lettre adress\u00e9e \u00e0 Bill Clinton par James Comer, chef de la puissante commission parlementaire de supervision.\n<\/p>\n<p>\n Sollicit\u00e9s par l&rsquo;AFP, les services de l&rsquo;ancien pr\u00e9sident d\u00e9mocrate de 78 ans n&rsquo;ont pas r\u00e9pondu dans l&rsquo;imm\u00e9diat.\n<\/p>\n<p>\n En ce qui concerne Hillary Clinton, qui fut candidate d\u00e9mocrate \u00e0 la pr\u00e9sidentielle de 2016, remport\u00e9e par Donald Trump, l&rsquo;\u00e9lu explique: \u00ab\u00a0Votre famille semble avoir eu des liens proches avec \u00e0 la fois Jeffrey Epstein et sa complice Ghislaine Maxwell\u00a0\u00bb, condamn\u00e9e \u00e0 20 ans de prison pour exploitation sexuelle.\n<\/p>\n<p> &#8211; Retour de flamme &#8211;<\/p>\n<p>\n Pour le moment, on ne sait pas si le couple Clinton se pliera \u00e0 cette assignation, hautement inhabituelle aux Etats-Unis.\n<\/p>\n<p>\n Parmi les personnalit\u00e9s convoqu\u00e9es, figure notamment James Comey, ancien chef du FBI entre 2013 et 2017 et devenu b\u00eate noire de Donald Trump, qui l&rsquo;a qualifi\u00e9 de \u00ab\u00a0crapule\u00a0\u00bb pour son r\u00f4le dans l&rsquo;enqu\u00eate sur l&rsquo;ing\u00e9rence russe dans la pr\u00e9sidentielle de 2016.\n<\/p>\n<p>\n La mort de Jeffrey Epstein, retrouv\u00e9 pendu dans sa cellule \u00e0 New York le 10 ao\u00fbt 2019 avant son proc\u00e8s pour crimes sexuels, a aliment\u00e9 d&rsquo;innombrables th\u00e9ories du complot selon lesquelles il aurait \u00e9t\u00e9 assassin\u00e9 pour \u00e9touffer un scandale \u00e9claboussant des personnalit\u00e9s de premier plan.\n<\/p>\n<p>\n Donald Trump, qui pendant sa campagne a promis \u00e0 sa base des r\u00e9v\u00e9lations fracassantes sur ce dossier, subit un retour de flamme, y compris parmi ses plus fervents partisans, apr\u00e8s que son gouvernement a annonc\u00e9 d\u00e9but juillet n&rsquo;avoir d\u00e9couvert aucun \u00e9l\u00e9ment nouveau qui justifierait la publication de documents suppl\u00e9mentaires.\n<\/p>\n<p>\n Depuis la Maison Blanche tente d&rsquo;\u00e9teindre la pol\u00e9mique.\n<\/p>\n<p>\n Le num\u00e9ro deux du minist\u00e8re de la Justice, Todd Blanche, ancien avocat personnel de Donald Trump, a notamment rencontr\u00e9 Ghislaine Maxwell fin juillet dans un tribunal de Floride, afin de l&rsquo;interroger pendant une journ\u00e9e et demie.\n<\/p>\n<p>\n L&rsquo;ancienne mondaine new-yorkaise a ensuite \u00e9t\u00e9 transf\u00e9r\u00e9e dans une prison aux conditions de d\u00e9tention moins strictes au Texas, une d\u00e9cision critiqu\u00e9e par les d\u00e9mocrates qui ont accus\u00e9 l&rsquo;administration Trump d&rsquo;accorder des faveurs \u00e0 celle qui a \u00e9t\u00e9 condamn\u00e9e pour exploitation sexuelle.\n<\/p>\n<p> &#8211; \u00ab\u00a0Tordu\u00a0\u00bb &#8211;<\/p>\n<p>\n Alors que la commission dirig\u00e9e par James Comer devait interroger Ghislaine Maxwell le 11 ao\u00fbt, l&rsquo;\u00e9lu a indiqu\u00e9 que l&rsquo;audition avait finalement \u00e9t\u00e9 report\u00e9e sine die.\n<\/p>\n<p>\n Donald Trump a demand\u00e9 \u00e0 plusieurs reprises \u00e0 ses partisans de l\u00e2cher l&rsquo;affaire Epstein. Il a \u00e9galement tent\u00e9 de rediriger l&rsquo;attention du public en ciblant son pr\u00e9d\u00e9cesseur d\u00e9mocrate Barack Obama, accus\u00e9 par la Maison Blanche d&rsquo;avoir orchestr\u00e9 les accusations d&rsquo;ing\u00e9rence russe dans l&rsquo;\u00e9lection pr\u00e9sidentielle de 2016.\n<\/p>\n<p>\n Figure comme Jeffrey Epstein de la jet-set new-yorkaise dans les ann\u00e9es 1990 et 2000, le r\u00e9publicain a cependant relanc\u00e9 les d\u00e9bats r\u00e9cemment sur la nature de sa propre relation avec le financier en fournissant une nouvelle version de leur rupture dans les ann\u00e9es 2000.\n<\/p>\n<p>\n Il a affirm\u00e9 fin juillet que le litige portait sur des employ\u00e9es de son club Mar-a-Lago, en Floride, que Jeffrey Epstein aurait \u00ab\u00a0prises\u00a0\u00bb.\n<\/p>\n<p>\n La Maison Blanche assurait jusqu&rsquo;\u00e0 pr\u00e9sent que Donald Trump avait chass\u00e9 le financier de son club il y a une vingtaine d&rsquo;ann\u00e9es, apr\u00e8s en avoir \u00e9t\u00e9 tr\u00e8s proche, pour s&rsquo;\u00eatre \u00ab\u00a0comport\u00e9 comme un tordu\u00a0\u00bb.\n<\/p>\n<p>\n Mi-juillet, le Wall Street Journal avait en outre fait \u00e9tat d&rsquo;une lettre salace attribu\u00e9e \u00e0 Donald Trump \u00e0 l&rsquo;intention de Jeffrey Epstein en 2003 pour le 50e anniversaire du financier. Le milliardaire d\u00e9ment en \u00eatre l&rsquo;auteur et a poursuivi le quotidien pour diffamation, lui r\u00e9clamant plusieurs milliards de dollars.<\/p>\n","protected":false},"excerpt":{"rendered":"L&rsquo;ex-pr\u00e9sident am\u00e9ricain Bill Clinton, et son \u00e9pouse, l&rsquo;ancienne cheffe de la diplomatie am\u00e9ricaine Hillary Clinton arrivent pour l&rsquo;investiture&hellip;\n","protected":false},"author":2,"featured_media":299216,"comment_status":"","ping_status":"","sticky":false,"template":"","format":"standard","meta":{"footnotes":""},"categories":[5],"tags":[400,11,398,408,405,1011,27,403,14,402,399,404,12,401,406,407,28],"class_list":{"0":"post-299215","1":"post","2":"type-post","3":"status-publish","4":"format-standard","5":"has-post-thumbnail","7":"category-international","8":"tag-action-cac-40","9":"tag-actualites","10":"tag-bourse-de-paris","11":"tag-boursorama","12":"tag-cotations","13":"tag-fr","14":"tag-france","15":"tag-indices-devises","16":"tag-international","17":"tag-investir","18":"tag-investissement","19":"tag-marche-boursier","20":"tag-news","21":"tag-sicav","22":"tag-trackers","23":"tag-warrants","24":"tag-world"},"share_on_mastodon":{"url":"","error":""},"_links":{"self":[{"href":"https:\/\/www.europesays.com\/fr\/wp-json\/wp\/v2\/posts\/299215","targetHints":{"allow":["GET"]}}],"collection":[{"href":"https:\/\/www.europesays.com\/fr\/wp-json\/wp\/v2\/posts"}],"about":[{"href":"https:\/\/www.europesays.com\/fr\/wp-json\/wp\/v2\/types\/post"}],"author":[{"embeddable":true,"href":"https:\/\/www.europesays.com\/fr\/wp-json\/wp\/v2\/users\/2"}],"replies":[{"embeddable":true,"href":"https:\/\/www.europesays.com\/fr\/wp-json\/wp\/v2\/comments?post=299215"}],"version-history":[{"count":0,"href":"https:\/\/www.europesays.com\/fr\/wp-json\/wp\/v2\/posts\/299215\/revisions"}],"wp:featuredmedia":[{"embeddable":true,"href":"https:\/\/www.europesays.com\/fr\/wp-json\/wp\/v2\/media\/299216"}],"wp:attachment":[{"href":"https:\/\/www.europesays.com\/fr\/wp-json\/wp\/v2\/media?parent=299215"}],"wp:term":[{"taxonomy":"category","embeddable":true,"href":"https:\/\/www.europesays.com\/fr\/wp-json\/wp\/v2\/categories?post=299215"},{"taxonomy":"post_tag","embeddable":true,"href":"https:\/\/www.europesays.com\/fr\/wp-json\/wp\/v2\/tags?post=299215"}],"curies":[{"name":"wp","href":"https:\/\/api.w.org\/{rel}","templated":true}]}}