{"id":299218,"date":"2025-08-06T00:23:11","date_gmt":"2025-08-06T00:23:11","guid":{"rendered":"https:\/\/www.europesays.com\/fr\/299218\/"},"modified":"2025-08-06T00:23:11","modified_gmt":"2025-08-06T00:23:11","slug":"six-choses-a-savoir-sur-przemyslaw-frankowski-la-recrue-du-stade-rennais","status":"publish","type":"post","link":"https:\/\/www.europesays.com\/fr\/299218\/","title":{"rendered":"Six choses \u00e0 savoir sur Przemyslaw Frankowski, la recrue du Stade Rennais"},"content":{"rendered":"<p>1 Un ancien de la MLS<\/p>\n<p>Apr\u00e8s un beau d\u00e9but de carri\u00e8re en Pologne (deux fois vice-champion de Pologne en 2017 et 2017 avec le Jagillonia Bialystok qu\u2019il avait rejoint en 2013 en provenance du Lechia Gdansk, son club formateur) qui lui a permis de conna\u00eetre les joies de la s\u00e9lection nationale, Frankowski a fait le choix, plut\u00f4t curieux, \u00e0 son \u00e2ge de traverser l\u2019Atlantique. Direction l\u2019Illinois et le Chicago Fire. En MLS de janvier 2019 \u00e0 ao\u00fbt 2021, le piston a jou\u00e9 63 matchs, marqu\u00e9 dix buts et dix passes d\u00e9cisives. Un beau double-double comme pourraient le dire les fans des Bulls, la franchise majeure de \u00ab\u00a0The Windy City\u00a0\u00bb\u2026 <\/p>\n<p>2 Une valeur s\u00fbre du RC Lens de Franck Haise<\/p>\n<p>Le r\u00eave am\u00e9ricain termin\u00e9, Frankoswki revient en Europe. Au RC Lens, il remplace num\u00e9riquement Cl\u00e9ment Michelin, parti \u00e0 l\u2019AEK Ath\u00e8nes, mais apportera bien plus que l\u2019ancien Toulousain. D\u00e9sign\u00e9 Surprise de la saison 2021-2022 en Ligue 1, le Polonais au num\u00e9ro 29 (aucun lien avec le Finist\u00e8re \u00e0 notre connaissance) a jou\u00e9 trois saisons pleines\u00a0: 37 matchs, six buts et cinq passes d\u00e9cisives la premi\u00e8re saison, autant de matchs, cinq buts et trois passes d\u00e9cisives la suivante puis 30 rencontres, trois r\u00e9alisations et deux caviars pour le cru 2023-2024. Frankowski \u00e9tait bel et bien l\u2019un des tauliers de Frank Haise (coach de Lens de f\u00e9vrier 2020 \u00e0 mai 2024). Avec lui, Lens s\u2019est qualifi\u00e9 pour la Ligue des champions en 2023 et a notamment battu Arsenal (<a href=\"https:\/\/www.letelegramme.fr\/sports\/football\/le-rc-lens-cree-lexploit-contre-arsenal-pour-le-retour-de-la-ligue-des-champions-a-bollaert-6441466.php\" title=\"www.letelegramme.fr\" rel=\"nofollow noopener\" target=\"_blank\">2-1<\/a>) l\u2019automne suivant. Frankowski avait bien s\u00fbr jou\u00e9 tout le match. Sous Will Still, Frankowski a fait une demi-saison avant son d\u00e9part pour la Turquie, cumulant 18 matchs de Ligue 1, dont 16 comme titulaire pour quatre buts et deux passes d\u00e9cisives.<\/p>\n<p>3 Un premier match en Ligue 1\u2026 contre Rennes<\/p>\n<p>Arriv\u00e9 dans l\u2019Artois \u00e0 l\u2019\u00e9t\u00e9 2021, Przemyslaw Frankowski a jou\u00e9 son premier match officiel sous le maillot Sang et Or contre le Stade Rennais. Entr\u00e9 en jeu \u00e0 24 minutes de la fin, il n\u2019a pas fait basculer la rencontrer du c\u00f4t\u00e9 du RCL qui est reparti du Roazhon Park avec le point du nul (1-1). Apr\u00e8s une passe d\u00e9cisive lors de chacune des deux rencontres suivantes, il a gagn\u00e9 ses galons de titulaire \u00e9trenn\u00e9s en position de milieu gauche lors de la r\u00e9ception de Lorient (2-2) lors de la quatri\u00e8me journ\u00e9e.<\/p>\n<p>4 Un joueur polyvalent<\/p>\n<p>Frankowski est un joueur polyvalent. Arri\u00e8re droit de formation, il peut jouer un cran plus haut mais aussi voltiger \u00e0 gauche, comme d\u00e9fenseur lat\u00e9ral ou comme milieu. De quoi donner plusieurs solutions \u00e0 Habib Beye en fonction de l\u2019adversaire ou des absents c\u00f4t\u00e9 Rennais. La saison derni\u00e8re, Frankowski avait surtout pench\u00e9 \u00e0 droite : \u00e0 Lens, il a commenc\u00e9 la saison comme milieu droit avant de descendre d\u2019un cran \u00e0 partir du 29 novembre. En S\u00fcperLig, le championnat turc, ce n\u2019est que le premier match (lors duquel il a d\u00e9livr\u00e9 sa seule passe d\u00e9cisive sous les couleurs stambouliotes) qu\u2019il a jou\u00e9 au poste de milieu droit. Son coach, Okan Buruk, le pr\u00e9f\u00e9rait comme arri\u00e8re droit. En s\u00e9lection, il a jou\u00e9 son dernier match en tant que milieu gauche. C\u2019\u00e9tait lors d\u2019une victoire 1-0 contre la Lituanie. Lors de l\u2019avant-dernier, il \u00e9tait\u2026 milieu droit. L\u00e0 aussi, les Aigles ont gagn\u00e9 (2-0). En m\u00eame temps, c\u2019\u00e9tait contre Malte\u2026<\/p>\n<p>5 Une saison en Turquie couronn\u00e9e de succ\u00e8s<\/p>\n<p>Apr\u00e8s ses belles ann\u00e9es lensoises, Przemyslaw Frankowski a \u00e9t\u00e9 transf\u00e9r\u00e9 \u00e0 Galatasaray. Le club stambouliote, v\u00e9ritable monument en Turquie, lui a permis d\u2019inaugurer son armoire \u00e0 troph\u00e9es puisque le Polonais a fait le doubl\u00e9 Coupe-championnat en Turquie.<\/p>\n<p>6 Rien \u00e0 voir avec Krzysztof Frankowski<\/p>\n<p>Enfin, il n\u2019a aucun lien de parent\u00e9 avec Krzysztof Frankowski, lui aussi international polonais (quatre matchs) et ancien d\u00e9fenseur du FC Nantes (1983-1987). Tant mieux quand on conna\u00eet la rivalit\u00e9 entre les \u00ab Rouge et Noir \u00bb et les Canaris, <a href=\"https:\/\/www.letelegramme.fr\/sports\/football\/stade-rennais\/valentin-rongier-je-ne-regrette-pas-ces-propos-et-maintenant-je-suis-ici-pour-representer-le-stade-rennais-6859487.php\" title=\"www.letelegramme.fr\" rel=\"nofollow noopener\" target=\"_blank\">Valentin Rongier peut en t\u00e9moigner<\/a>.<\/p>\n","protected":false},"excerpt":{"rendered":"1 Un ancien de la MLS Apr\u00e8s un beau d\u00e9but de carri\u00e8re en Pologne (deux fois vice-champion de&hellip;\n","protected":false},"author":2,"featured_media":299219,"comment_status":"","ping_status":"","sticky":false,"template":"","format":"standard","meta":{"footnotes":""},"categories":[2],"tags":[11,63,1011,27,24138,12,584,60,3087],"class_list":{"0":"post-299218","1":"post","2":"type-post","3":"status-publish","4":"format-standard","5":"has-post-thumbnail","7":"category-actualites","8":"tag-actualites","9":"tag-football","10":"tag-fr","11":"tag-france","12":"tag-mercato-stade-rennais","13":"tag-news","14":"tag-rennes","15":"tag-sports","16":"tag-stade-rennais"},"share_on_mastodon":{"url":"https:\/\/pubeurope.com\/@fr\/114978973451727874","error":""},"_links":{"self":[{"href":"https:\/\/www.europesays.com\/fr\/wp-json\/wp\/v2\/posts\/299218","targetHints":{"allow":["GET"]}}],"collection":[{"href":"https:\/\/www.europesays.com\/fr\/wp-json\/wp\/v2\/posts"}],"about":[{"href":"https:\/\/www.europesays.com\/fr\/wp-json\/wp\/v2\/types\/post"}],"author":[{"embeddable":true,"href":"https:\/\/www.europesays.com\/fr\/wp-json\/wp\/v2\/users\/2"}],"replies":[{"embeddable":true,"href":"https:\/\/www.europesays.com\/fr\/wp-json\/wp\/v2\/comments?post=299218"}],"version-history":[{"count":0,"href":"https:\/\/www.europesays.com\/fr\/wp-json\/wp\/v2\/posts\/299218\/revisions"}],"wp:featuredmedia":[{"embeddable":true,"href":"https:\/\/www.europesays.com\/fr\/wp-json\/wp\/v2\/media\/299219"}],"wp:attachment":[{"href":"https:\/\/www.europesays.com\/fr\/wp-json\/wp\/v2\/media?parent=299218"}],"wp:term":[{"taxonomy":"category","embeddable":true,"href":"https:\/\/www.europesays.com\/fr\/wp-json\/wp\/v2\/categories?post=299218"},{"taxonomy":"post_tag","embeddable":true,"href":"https:\/\/www.europesays.com\/fr\/wp-json\/wp\/v2\/tags?post=299218"}],"curies":[{"name":"wp","href":"https:\/\/api.w.org\/{rel}","templated":true}]}}