{"id":299220,"date":"2025-08-06T00:25:37","date_gmt":"2025-08-06T00:25:37","guid":{"rendered":"https:\/\/www.europesays.com\/fr\/299220\/"},"modified":"2025-08-06T00:25:37","modified_gmt":"2025-08-06T00:25:37","slug":"deux-stephanois-arretes-alors-quils-livraient-des-prisonniers-par-drone","status":"publish","type":"post","link":"https:\/\/www.europesays.com\/fr\/299220\/","title":{"rendered":"Deux st\u00e9phanois arr\u00eat\u00e9s alors qu&rsquo;ils livraient des prisonniers par dr\u00f4ne"},"content":{"rendered":"\n<p>Depuis quelques temps, de nombreux drones tentent d&rsquo;approcher la prison de la Talaudi\u00e8re. La surveillance a donc \u00e9t\u00e9 renforc\u00e9e et justement : dans la nuit du jeudi 31 juillet au vendredi 1er ao\u00fbt, les policers de la BAC et de la brigade canine ont rep\u00e9r\u00e9 un drone. Le lieu de d\u00e9collage est \u00e0 Saint-Jean-Bonnefonds, pr\u00e8s d&rsquo;une voiture. Ils prennent donc les deux individus sur le fait.<\/p>\n<p>Une interpellation difficile<\/p>\n<p>Alors que l&rsquo;un des policiers d&rsquo;avance vers le v\u00e9hicule pour interpeller les deux st\u00e9phanois de 23 et 24 ans, la voiture d\u00e9marre et l&rsquo;un des suspects le bras de l&rsquo;officier, qui se fait donc tra\u00eener sur quelques m\u00e8tres. Il ne sera pas bless\u00e9, mais il portera plainte contre l&rsquo;individu. Il sera finalement interpell\u00e9 et place en garde \u00e0 vue ainsi que son complice. L&rsquo;un a \u00e9t\u00e9 plac\u00e9 sous contr\u00f4le judiciaire dans l&rsquo;attente de son jugement, l&rsquo;autre devrait \u00eatre jug\u00e9 prochainement pour violence aggrav\u00e9e sur personne d\u00e9positaire de l&rsquo;autorit\u00e9, conduite de dr\u00f4ne sans autorisation et remise irr\u00e9guli\u00e8re d&rsquo;objets \u00e0 des d\u00e9tenus. Le drone, ainsi que les objets en question (canabis, tabac, t\u00e9l\u00e9phones portables) ont \u00e9t\u00e9 saisis.<\/p>\n","protected":false},"excerpt":{"rendered":"Depuis quelques temps, de nombreux drones tentent d&rsquo;approcher la prison de la Talaudi\u00e8re. La surveillance a donc \u00e9t\u00e9&hellip;\n","protected":false},"author":2,"featured_media":202675,"comment_status":"","ping_status":"","sticky":false,"template":"","format":"standard","meta":{"footnotes":""},"categories":[9653],"tags":[1111,11,2430,1777,674,1011,27,11272,12,1072,43954,25,4001],"class_list":{"0":"post-299220","1":"post","2":"type-post","3":"status-publish","4":"format-standard","5":"has-post-thumbnail","7":"category-saint-etienne","8":"tag-actu","9":"tag-actualites","10":"tag-auvergne-rhone-alpes","11":"tag-eu","12":"tag-europe","13":"tag-fr","14":"tag-france","15":"tag-interpellation","16":"tag-news","17":"tag-police","18":"tag-prison-de-la-talaudiere","19":"tag-republique-francaise","20":"tag-saint-etienne"},"share_on_mastodon":{"url":"https:\/\/pubeurope.com\/@fr\/114978981334165296","error":""},"_links":{"self":[{"href":"https:\/\/www.europesays.com\/fr\/wp-json\/wp\/v2\/posts\/299220","targetHints":{"allow":["GET"]}}],"collection":[{"href":"https:\/\/www.europesays.com\/fr\/wp-json\/wp\/v2\/posts"}],"about":[{"href":"https:\/\/www.europesays.com\/fr\/wp-json\/wp\/v2\/types\/post"}],"author":[{"embeddable":true,"href":"https:\/\/www.europesays.com\/fr\/wp-json\/wp\/v2\/users\/2"}],"replies":[{"embeddable":true,"href":"https:\/\/www.europesays.com\/fr\/wp-json\/wp\/v2\/comments?post=299220"}],"version-history":[{"count":0,"href":"https:\/\/www.europesays.com\/fr\/wp-json\/wp\/v2\/posts\/299220\/revisions"}],"wp:featuredmedia":[{"embeddable":true,"href":"https:\/\/www.europesays.com\/fr\/wp-json\/wp\/v2\/media\/202675"}],"wp:attachment":[{"href":"https:\/\/www.europesays.com\/fr\/wp-json\/wp\/v2\/media?parent=299220"}],"wp:term":[{"taxonomy":"category","embeddable":true,"href":"https:\/\/www.europesays.com\/fr\/wp-json\/wp\/v2\/categories?post=299220"},{"taxonomy":"post_tag","embeddable":true,"href":"https:\/\/www.europesays.com\/fr\/wp-json\/wp\/v2\/tags?post=299220"}],"curies":[{"name":"wp","href":"https:\/\/api.w.org\/{rel}","templated":true}]}}