{"id":299225,"date":"2025-08-06T00:32:31","date_gmt":"2025-08-06T00:32:31","guid":{"rendered":"https:\/\/www.europesays.com\/fr\/299225\/"},"modified":"2025-08-06T00:32:31","modified_gmt":"2025-08-06T00:32:31","slug":"mercato-simon-ngapandouetnbu-va-resilier-avec-lom-et-rallier-montpellier","status":"publish","type":"post","link":"https:\/\/www.europesays.com\/fr\/299225\/","title":{"rendered":"[Mercato] Simon Ngapandouetnbu va r\u00e9silier avec l\u2019OM et rallier Montpellier"},"content":{"rendered":"<p>Selon les informations de <strong><a href=\"https:\/\/www.lequipe.fr\/Football\/Actualites\/Mercato-simon-ngapandouetnbu-va-resilier-avec-l-om-et-rallier-montpellier\/1583159\" target=\"_blank\" rel=\"noopener nofollow\" title=\"\">l\u2019Equipe<\/a><\/strong>, <strong>Simon Ngapandouetnbu<\/strong>, grand espoir du centre de formation de l\u2019<strong>Olympique de Marseille,<\/strong> s\u2019appr\u00eate \u00e0 tourner la page phoc\u00e9enne. \u00c0 <strong>22 ans<\/strong>, le gardien n\u2019a jamais r\u00e9ussi \u00e0 s\u2019imposer dans l\u2019\u00e9quipe premi\u00e8re, n\u2019ayant disput\u00e9 aucun match officiel sous le maillot olympien.<\/p>\n<p><img loading=\"lazy\" title=\"Nimes Olympique v Aubagne FC - National 1 20242025 | AllezPaillade.com\" decoding=\"async\" width=\"1024\" height=\"681\" src=\"https:\/\/www.europesays.com\/fr\/wp-content\/uploads\/2025\/08\/ICONSPORT_259703_0059-1024x681.jpg\" alt=\"\" class=\"wp-image-184852\"  \/>Cr\u00e9dits Iconsport<\/p>\n<p>Recrut\u00e9 tr\u00e8s jeune, \u00e0 seulement <strong>16 ans<\/strong>, par <strong>Andoni<\/strong> <strong>Zubizarreta<\/strong> en <strong>octobre<\/strong> <strong>2019<\/strong>, Ngapandouetnbu semblait promis \u00e0 un avenir radieux. Pourtant, le chemin vers l\u2019\u00e9lite s\u2019est av\u00e9r\u00e9 plus compliqu\u00e9 que pr\u00e9vu. La saison derni\u00e8re, il avait \u00e9t\u00e9 pr\u00eat\u00e9 \u00e0 <strong>N\u00eemes<\/strong> en National, o\u00f9 il a pu s\u2019aguerrir en encha\u00eenant 26 matchs.<\/p>\n<p>Aujourd\u2019hui, l\u2019OM a d\u00e9cid\u00e9 de mettre un terme \u00e0 leur collaboration en <strong>r\u00e9siliant son contrat.<\/strong> Libre, le portier va rapidement s\u2019engager avec Montpellier. Le club Pailladin, qui avait tent\u00e9 de recruter <strong>Yann Li\u00e9nard <\/strong>(<strong>Monaco<\/strong>) sans succ\u00e8s cet \u00e9t\u00e9, mise donc sur ce jeune gardien pour renforcer ses cages.<\/p>\n<p>Pour Ngapandouetnbu, c\u2019est une nouvelle chance de faire ses preuves et de lancer v\u00e9ritablement sa carri\u00e8re professionnelle, cette fois en Ligue 2. Montpellier pourrait \u00eatre le tremplin id\u00e9al pour ce gardien au potentiel encore largement sous-exploit\u00e9 \u00e0 en croire certains avis.<\/p>\n","protected":false},"excerpt":{"rendered":"Selon les informations de l\u2019Equipe, Simon Ngapandouetnbu, grand espoir du centre de formation de l\u2019Olympique de Marseille, s\u2019appr\u00eate&hellip;\n","protected":false},"author":2,"featured_media":299226,"comment_status":"","ping_status":"","sticky":false,"template":"","format":"standard","meta":{"footnotes":""},"categories":[9599],"tags":[328,1111,11,1777,674,1011,27,1434,2208,12,2680,25],"class_list":{"0":"post-299225","1":"post","2":"type-post","3":"status-publish","4":"format-standard","5":"has-post-thumbnail","7":"category-montpellier","8":"tag-a-la-une","9":"tag-actu","10":"tag-actualites","11":"tag-eu","12":"tag-europe","13":"tag-fr","14":"tag-france","15":"tag-mercato","16":"tag-montpellier","17":"tag-news","18":"tag-occitanie","19":"tag-republique-francaise"},"share_on_mastodon":{"url":"https:\/\/pubeurope.com\/@fr\/114979008893915642","error":""},"_links":{"self":[{"href":"https:\/\/www.europesays.com\/fr\/wp-json\/wp\/v2\/posts\/299225","targetHints":{"allow":["GET"]}}],"collection":[{"href":"https:\/\/www.europesays.com\/fr\/wp-json\/wp\/v2\/posts"}],"about":[{"href":"https:\/\/www.europesays.com\/fr\/wp-json\/wp\/v2\/types\/post"}],"author":[{"embeddable":true,"href":"https:\/\/www.europesays.com\/fr\/wp-json\/wp\/v2\/users\/2"}],"replies":[{"embeddable":true,"href":"https:\/\/www.europesays.com\/fr\/wp-json\/wp\/v2\/comments?post=299225"}],"version-history":[{"count":0,"href":"https:\/\/www.europesays.com\/fr\/wp-json\/wp\/v2\/posts\/299225\/revisions"}],"wp:featuredmedia":[{"embeddable":true,"href":"https:\/\/www.europesays.com\/fr\/wp-json\/wp\/v2\/media\/299226"}],"wp:attachment":[{"href":"https:\/\/www.europesays.com\/fr\/wp-json\/wp\/v2\/media?parent=299225"}],"wp:term":[{"taxonomy":"category","embeddable":true,"href":"https:\/\/www.europesays.com\/fr\/wp-json\/wp\/v2\/categories?post=299225"},{"taxonomy":"post_tag","embeddable":true,"href":"https:\/\/www.europesays.com\/fr\/wp-json\/wp\/v2\/tags?post=299225"}],"curies":[{"name":"wp","href":"https:\/\/api.w.org\/{rel}","templated":true}]}}