{"id":299265,"date":"2025-08-06T01:01:15","date_gmt":"2025-08-06T01:01:15","guid":{"rendered":"https:\/\/www.europesays.com\/fr\/299265\/"},"modified":"2025-08-06T01:01:15","modified_gmt":"2025-08-06T01:01:15","slug":"nous-sommes-prets-a-rester-le-temps-quil-faudra-a-paris-quelque-200-migrants-veulent-dormir-devant-lhotel-de-ville","status":"publish","type":"post","link":"https:\/\/www.europesays.com\/fr\/299265\/","title":{"rendered":"\u00ab\u00a0Nous sommes pr\u00eats \u00e0 rester le temps qu\u2019il faudra\u00a0\u00bb\u00a0: \u00e0 Paris, quelque 200 migrants veulent dormir devant l\u2019H\u00f4tel de Ville"},"content":{"rendered":"<p class=\"paragraph text_align_left lp-f-body-02\">Quelque 200 personnes migrantes sans abri, dont 80 enfants, s\u2019appr\u00eataient \u00e0 passer la nuit sur le parvis de l\u2019H\u00f4tel de Ville de Paris faute de place dans les h\u00e9bergements d\u2019urgence, a indiqu\u00e9 mardi soir l\u2019association Utopia 56 qui avait appel\u00e9 \u00e0 un rassemblement.<\/p>\n<p class=\"paragraph text_align_left lp-f-body-02\">Principalement des femmes avec de jeunes enfants, mais aussi quelques hommes, s\u2019\u00e9taient rassembl\u00e9es d\u00e8s 19h30, couvertures de survie \u00e0 la main, devant les grilles de l\u2019H\u00f4tel de Ville pour demander de ne plus dormir dans la rue. Le rassemblement d\u2019une centaine de personnes, selon les constatations de l\u2019AFP, a doubl\u00e9 dans la soir\u00e9e selon l\u2019association de soutien aux migrants.<\/p>\n<p>Une situation \u00ab tendue \u00bb l\u2019\u00e9t\u00e9<\/p>\n<p class=\"paragraph text_align_left lp-f-body-02\">Des couvertures et des duvets ont \u00e9t\u00e9 distribu\u00e9s aux familles qui s\u2019appr\u00eataient, apr\u00e8s 22 heures, \u00e0 passer la nuit sur place alors que la temp\u00e9rature dans la capitale demeurait fra\u00eeche. De l\u2019eau, des compotes et quelques vivres ont \u00e9galement \u00e9t\u00e9 distribu\u00e9s, tandis que des policiers ont \u00e9t\u00e9 d\u00e9ploy\u00e9s sur place, a constat\u00e9 l\u2019AFP.<\/p>\n<p class=\"paragraph text_align_left lp-f-body-02\">\u00ab Nous sommes pr\u00eats \u00e0 rester le temps qu\u2019il faudra, tant que nous n\u2019aurons pas de solution d\u2019h\u00e9bergement \u00bb, a indiqu\u00e9 Nathan Lequeux, repr\u00e9sentant d\u2019Utopia 56 \u00e0 Paris. Tout au long de l\u2019ann\u00e9e, l\u2019association tient chaque soir une permanence sur le parvis de la mairie de Paris pour tenter de trouver in extremis un h\u00e9bergement d\u2019urgence aux plus pr\u00e9caires, refoul\u00e9s des habituelles structures d\u2019accueil.<\/p>\n<p class=\"paragraph text_align_left lp-f-body-02\">L\u2019\u00e9t\u00e9, la situation \u00ab est particuli\u00e8rement tendue \u00bb, d\u00e9nonce l\u2019association qui voit depuis plus d\u2019une semaine affluer quelque 200 personnes avec des enfants \u00e0 la recherche d\u2019un toit pour la nuit. Services publics au ralenti, b\u00e9n\u00e9voles associatifs en vacances, \u00e9coles et gymnases ferm\u00e9s et ne pouvant donc plus \u00eatre utilis\u00e9s en ultime recours : les raisons de la p\u00e9nurie de logements en \u00e9t\u00e9 sont multiples.<\/p>\n<p>La mairie assure qu\u2019il y a des solutions<\/p>\n<p class=\"paragraph text_align_left lp-f-body-02\">La Ville de Paris a assur\u00e9 \u00e0 l\u2019AFP continuer d\u2019ouvrir \u00ab \u00e9t\u00e9 comme hiver, des centres pour mettre \u00e0 l\u2019abri des personnes en famille \u00bb. \u00ab Au total plus de 1000 personnes relevant d\u2019une prise en charge par l\u2019\u00c9tat sont actuellement mises \u00e0 l\u2019abri dans des lieux municipaux transform\u00e9s ou des gymnases, en plus de la prise en charge de plus de 3000 personnes en famille \u00bb, a ajout\u00e9 la mairie mardi soir.<\/p>\n<p class=\"paragraph text_align_left lp-f-body-02\">\u00ab Ce soir la Ville de Paris demande la prise en charge de ces personnes par l\u2019\u00c9tat \u00bb, a-t-elle poursuivi. La pr\u00e9fecture d\u2019\u00cele-de-France \u00e9galement charg\u00e9e de l\u2019accueil, assure pour sa part qu\u2019il \u00ab n\u2019y a pas de fermeture de places d\u2019h\u00e9bergement li\u00e9e \u00e0 la p\u00e9riode estivale \u00bb.<\/p>\n","protected":false},"excerpt":{"rendered":"Quelque 200 personnes migrantes sans abri, dont 80 enfants, s\u2019appr\u00eataient \u00e0 passer la nuit sur le parvis de&hellip;\n","protected":false},"author":2,"featured_media":299266,"comment_status":"","ping_status":"","sticky":false,"template":"","format":"standard","meta":{"footnotes":""},"categories":[1888],"tags":[11,1777,674,1011,27,1944,12,626,25],"class_list":{"0":"post-299265","1":"post","2":"type-post","3":"status-publish","4":"format-standard","5":"has-post-thumbnail","7":"category-paris","8":"tag-actualites","9":"tag-eu","10":"tag-europe","11":"tag-fr","12":"tag-france","13":"tag-ma-ville","14":"tag-news","15":"tag-paris","16":"tag-republique-francaise"},"share_on_mastodon":{"url":"https:\/\/pubeurope.com\/@fr\/114979122921660752","error":""},"_links":{"self":[{"href":"https:\/\/www.europesays.com\/fr\/wp-json\/wp\/v2\/posts\/299265","targetHints":{"allow":["GET"]}}],"collection":[{"href":"https:\/\/www.europesays.com\/fr\/wp-json\/wp\/v2\/posts"}],"about":[{"href":"https:\/\/www.europesays.com\/fr\/wp-json\/wp\/v2\/types\/post"}],"author":[{"embeddable":true,"href":"https:\/\/www.europesays.com\/fr\/wp-json\/wp\/v2\/users\/2"}],"replies":[{"embeddable":true,"href":"https:\/\/www.europesays.com\/fr\/wp-json\/wp\/v2\/comments?post=299265"}],"version-history":[{"count":0,"href":"https:\/\/www.europesays.com\/fr\/wp-json\/wp\/v2\/posts\/299265\/revisions"}],"wp:featuredmedia":[{"embeddable":true,"href":"https:\/\/www.europesays.com\/fr\/wp-json\/wp\/v2\/media\/299266"}],"wp:attachment":[{"href":"https:\/\/www.europesays.com\/fr\/wp-json\/wp\/v2\/media?parent=299265"}],"wp:term":[{"taxonomy":"category","embeddable":true,"href":"https:\/\/www.europesays.com\/fr\/wp-json\/wp\/v2\/categories?post=299265"},{"taxonomy":"post_tag","embeddable":true,"href":"https:\/\/www.europesays.com\/fr\/wp-json\/wp\/v2\/tags?post=299265"}],"curies":[{"name":"wp","href":"https:\/\/api.w.org\/{rel}","templated":true}]}}