{"id":29927,"date":"2025-04-16T20:34:09","date_gmt":"2025-04-16T20:34:09","guid":{"rendered":"https:\/\/www.europesays.com\/fr\/29927\/"},"modified":"2025-04-16T20:34:09","modified_gmt":"2025-04-16T20:34:09","slug":"le-patron-de-la-banque-centrale-alerte-sur-linflation-wall-street-et-les-semi-conducteurs-plongent-liberation","status":"publish","type":"post","link":"https:\/\/www.europesays.com\/fr\/29927\/","title":{"rendered":"le patron de la banque centrale alerte sur l\u2019inflation, Wall Street et les semi-conducteurs plongent \u2013 Lib\u00e9ration"},"content":{"rendered":"<p class=\"sc-cPiKLX AiZTS text-element\">Les secousses de <a href=\"https:\/\/www.liberation.fr\/international\/amerique\/droits-de-douane-quels-sont-les-secteurs-pour-linstant-epargnes-par-trump-et-pourquoi-20250415_IWL3MV72XBHIRCI2Z2CTEURAC4\/?redirected=1\" target=\"_blank\" rel=\"nofollow noopener\">la guerre commerciale lanc\u00e9e par Donald Trump<\/a> continuent \u00e0 se faire sentir. La Bourse de New York a fortement recul\u00e9 ce mercredi 16\u00a0avril. A la cl\u00f4ture, l\u2019indice Nasdaq, o\u00f9 se concentre le secteur technologique, plongeait de 3,07\u00a0%, tandis que le Dow Jones perdait 1,73\u00a0%. <a href=\"https:\/\/www.liberation.fr\/economie\/petrole-dollar-croissance-mondiale-ces-autres-valeurs-affectees-par-la-guerre-commerciale-20250408_GUDSLGWUFRHY5LG7B5YEWIUBUY\/\" target=\"_blank\" rel=\"nofollow noopener\">Le dollar aussi <\/a>reflue, chutant de 1,02\u00a0% face \u00e0 l\u2019euro, \u00e0 1,1398 dollar.<\/p>\n<p class=\"sc-cPiKLX AiZTS text-element\">D\u00e9j\u00e0 dans le rouge \u00e0 l\u2019ouverture, la place am\u00e9ricaine a \u00e9t\u00e9 plomb\u00e9e par la poursuite des tensions entre P\u00e9kin et Washington, ainsi que par les propos du patron de la banque centrale am\u00e9ricaine (Fed), <a href=\"https:\/\/www.liberation.fr\/economie\/le-patron-de-la-banque-centrale-americaine-ne-veut-pas-etre-un-decideur-climatique-20230110_TICYXMERPJBWDBETMBQST5DIPA\/\" target=\"_blank\" rel=\"nofollow noopener\">Jerome Powell.<\/a> Lors d\u2019un \u00e9v\u00e9nement du club de l\u2019\u00e9conomie de Chicago, celui-ci a jug\u00e9 que \u00ables droits de douane vont tr\u00e8s certainement entra\u00eener au moins une hausse temporaire de l\u2019inflation\u00bb, avec la possibilit\u00e9 que \u00ables effets inflationnistes soient \u00e9galement persistants\u00bb.<\/p>\n<p class=\"sc-cPiKLX AiZTS text-element\">Jerome Powell a aussi estim\u00e9 que<a href=\"https:\/\/www.liberation.fr\/idees-et-debats\/tribunes\/reduire-le-protectionnisme-aux-droits-de-douane-serait-une-erreur-20250413_FF7LZRIA4VEVBJ2KWM66TKU7A4\/\" target=\"_blank\" rel=\"nofollow noopener\"> la strat\u00e9gie protectionniste de Donald Trump<\/a> place la banque centrale face \u00e0 une situation \u00abcompliqu\u00e9e dans laquelle nos deux objectifs sont en tension\u00bb. La Fed est charg\u00e9e d\u2019un double mandat, sans priorit\u00e9, entre le maintien de l\u2019inflation proche de sa cible de long terme de 2\u00a0% de hausse en rythme annuel, tout en assurant les conditions \u00e9conomiques propices au plein-emploi.<\/p>\n<p class=\"sc-cPiKLX AiZTS text-element\">Le pr\u00e9sident r\u00e9publicain a fortement augment\u00e9 les droits de douane s\u2019appliquant aux produits entrant aux Etats-Unis, impos\u00e9s d\u00e9sormais au minimum \u00e0 10\u00a0%, avec jusque 145\u00a0% en plus sur de nombreux produits chinois. P\u00e9kin et Washington continuent de se renvoyer la balle sur les droits de douane, alimentant l\u2019incertitude quant \u00e0 l\u2019issue de la guerre commerciale qui devrait provoquer un recul des \u00e9changes mondiaux cette ann\u00e9e, a pr\u00e9venu l\u2019OMC ce mercredi.<\/p>\n<p class=\"sc-cPiKLX AiZTS text-element\"><a href=\"https:\/\/www.liberation.fr\/international\/asie-pacifique\/semi-conducteurs-trump-veut-tordre-le-bras-des-fabricants-de-puces-de-la-planete-20250305_77IJKFOK4RCSXBAZCL2HWTUHPA\/\" target=\"_blank\" rel=\"nofollow noopener\">Le secteur des semi-conducteurs<\/a>, d\u00e9j\u00e0 min\u00e9 par la guerre commerciale lanc\u00e9e par Trump, s\u2019enfon\u00e7ait aussi de plus belle apr\u00e8s le discours de Powell. En fin de journ\u00e9e, Nvidia plongeait de 10,01\u00a0% et AMD de 10,38\u00a0%, tandis que Taiwan Semiconductor Manufacturing (TSMC) perdait 4,40\u00a0% et Broadcom 4,10\u00a0%.<\/p>\n<p class=\"sc-cPiKLX AiZTS text-element\">Le g\u00e9ant <a href=\"https:\/\/www.liberation.fr\/international\/amerique\/nvidia-penalise-par-la-guerre-commerciale-et-technologique-entre-les-etats-unis-et-la-chine-20250416_ZPMX6FZ4INGQNDRB37NX2JXB4E\/\" target=\"_blank\" rel=\"nofollow noopener\">Nvidia avait d\u00e9j\u00e0 annonc\u00e9 mardi soir que ses r\u00e9sultats du premier trimestre d\u00e9cal\u00e9<\/a> (f\u00e9vrier \u00e0 avril) devraient inclure jusqu\u2019\u00e0 environ 5,5\u00a0milliards de dollars de charges exceptionnelles. Dans un document \u00e0 la SEC, le groupe a pr\u00e9cis\u00e9 que le gouvernement am\u00e9ricain l\u2019a inform\u00e9 la semaine derni\u00e8re qu\u2019il devrait d\u00e9sormais obtenir une licence pour exporter certaines puces utilis\u00e9es pour l\u2019intelligence artificielle (IA) vers la Chine et d\u2019autres pays.<\/p>\n<p class=\"sc-cPiKLX AiZTS text-element\"><b>Mise \u00e0 jour\u00a0: <\/b>\u00e0 22\u00a0h\u00a007, avec l\u2019ajout des cours du Nasdaq et du Dow Jones \u00e0 la cl\u00f4ture.<\/p>\n","protected":false},"excerpt":{"rendered":"Les secousses de la guerre commerciale lanc\u00e9e par Donald Trump continuent \u00e0 se faire sentir. La Bourse de&hellip;\n","protected":false},"author":2,"featured_media":29928,"comment_status":"","ping_status":"","sticky":false,"template":"","format":"standard","meta":{"footnotes":""},"categories":[1589],"tags":[11,75,73,1866,1074,12,1864,1865,1863,308,6901],"class_list":{"0":"post-29927","1":"post","2":"type-post","3":"status-publish","4":"format-standard","5":"has-post-thumbnail","7":"category-etats-unis","8":"tag-actualites","9":"tag-donald-trump","10":"tag-etats-unis","11":"tag-etats-unis-damerique","12":"tag-guerre-commerciale","13":"tag-news","14":"tag-united-states","15":"tag-united-states-of-america","16":"tag-us","17":"tag-usa","18":"tag-wall-street"},"share_on_mastodon":{"url":"https:\/\/pubeurope.com\/@fr\/114349556686902192","error":""},"_links":{"self":[{"href":"https:\/\/www.europesays.com\/fr\/wp-json\/wp\/v2\/posts\/29927","targetHints":{"allow":["GET"]}}],"collection":[{"href":"https:\/\/www.europesays.com\/fr\/wp-json\/wp\/v2\/posts"}],"about":[{"href":"https:\/\/www.europesays.com\/fr\/wp-json\/wp\/v2\/types\/post"}],"author":[{"embeddable":true,"href":"https:\/\/www.europesays.com\/fr\/wp-json\/wp\/v2\/users\/2"}],"replies":[{"embeddable":true,"href":"https:\/\/www.europesays.com\/fr\/wp-json\/wp\/v2\/comments?post=29927"}],"version-history":[{"count":0,"href":"https:\/\/www.europesays.com\/fr\/wp-json\/wp\/v2\/posts\/29927\/revisions"}],"wp:featuredmedia":[{"embeddable":true,"href":"https:\/\/www.europesays.com\/fr\/wp-json\/wp\/v2\/media\/29928"}],"wp:attachment":[{"href":"https:\/\/www.europesays.com\/fr\/wp-json\/wp\/v2\/media?parent=29927"}],"wp:term":[{"taxonomy":"category","embeddable":true,"href":"https:\/\/www.europesays.com\/fr\/wp-json\/wp\/v2\/categories?post=29927"},{"taxonomy":"post_tag","embeddable":true,"href":"https:\/\/www.europesays.com\/fr\/wp-json\/wp\/v2\/tags?post=29927"}],"curies":[{"name":"wp","href":"https:\/\/api.w.org\/{rel}","templated":true}]}}