{"id":299271,"date":"2025-08-06T01:04:09","date_gmt":"2025-08-06T01:04:09","guid":{"rendered":"https:\/\/www.europesays.com\/fr\/299271\/"},"modified":"2025-08-06T01:04:09","modified_gmt":"2025-08-06T01:04:09","slug":"quebecois-a-la-une-du-usa-today-cest-quand-meme-special","status":"publish","type":"post","link":"https:\/\/www.europesays.com\/fr\/299271\/","title":{"rendered":"Qu\u00e9b\u00e9cois \u00e0 la Une du \u00abUSA Today\u00bb: \u00abC\u2019est quand m\u00eame sp\u00e9cial\u00bb"},"content":{"rendered":"<p>        Qu\u00e9b\u00e9cois \u00e0 la Une du \u00abUSA Today\u00bb: \u00abC\u2019est quand m\u00eame sp\u00e9cial\u00bb | Noovo Info<\/p>\n<p>    &#13;<\/p>\n<p>    <a href=\"#main\" class=\"u-screen-reader-focus-only\">Passer au contenu principal<\/a><\/p>\n<p id=\"main\" tabindex=\"-1\" class=\"u-screen-reader-only\">D\u00e9but du contenu principal.<\/p>\n<p>Le m\u00e9dia am\u00e9ricain a sond\u00e9 des restaurateurs et des commer\u00e7ants de la r\u00e9gion m\u00e9tropolitaine au sujet de leurs impressions face \u00e0 cette mesure \u00e9conomique et aux gestes qu\u2019ils posaient pour protester.<\/p>\n<p>M. Bazergui, qui poss\u00e8de le magasin de drapeaux Flag Shop, a confi\u00e9 au micro de Noovo Info qu\u2019il avait remarqu\u00e9 une r\u00e9ticence de ses clients par rapport aux produits fabriqu\u00e9s aux \u00c9tats-Unis. \u00abC\u2019est assez sp\u00e9cial de se ramasser sur la page couverture du USA Today\u00bb, a-t-il aussi mentionn\u00e9.<\/p>\n<p><b>\u00c0 voir dans la vid\u00e9o.<\/b><\/p>\n<p>    &#13;<\/p>\n","protected":false},"excerpt":{"rendered":"Qu\u00e9b\u00e9cois \u00e0 la Une du \u00abUSA Today\u00bb: \u00abC\u2019est quand m\u00eame sp\u00e9cial\u00bb | Noovo Info &#13; Passer au contenu&hellip;\n","protected":false},"author":2,"featured_media":299272,"comment_status":"","ping_status":"","sticky":false,"template":"","format":"standard","meta":{"footnotes":""},"categories":[1589],"tags":[11,73,1866,12,1864,1865,1863,308],"class_list":{"0":"post-299271","1":"post","2":"type-post","3":"status-publish","4":"format-standard","5":"has-post-thumbnail","7":"category-etats-unis","8":"tag-actualites","9":"tag-etats-unis","10":"tag-etats-unis-damerique","11":"tag-news","12":"tag-united-states","13":"tag-united-states-of-america","14":"tag-us","15":"tag-usa"},"share_on_mastodon":{"url":"https:\/\/pubeurope.com\/@fr\/114979134716020345","error":""},"_links":{"self":[{"href":"https:\/\/www.europesays.com\/fr\/wp-json\/wp\/v2\/posts\/299271","targetHints":{"allow":["GET"]}}],"collection":[{"href":"https:\/\/www.europesays.com\/fr\/wp-json\/wp\/v2\/posts"}],"about":[{"href":"https:\/\/www.europesays.com\/fr\/wp-json\/wp\/v2\/types\/post"}],"author":[{"embeddable":true,"href":"https:\/\/www.europesays.com\/fr\/wp-json\/wp\/v2\/users\/2"}],"replies":[{"embeddable":true,"href":"https:\/\/www.europesays.com\/fr\/wp-json\/wp\/v2\/comments?post=299271"}],"version-history":[{"count":0,"href":"https:\/\/www.europesays.com\/fr\/wp-json\/wp\/v2\/posts\/299271\/revisions"}],"wp:featuredmedia":[{"embeddable":true,"href":"https:\/\/www.europesays.com\/fr\/wp-json\/wp\/v2\/media\/299272"}],"wp:attachment":[{"href":"https:\/\/www.europesays.com\/fr\/wp-json\/wp\/v2\/media?parent=299271"}],"wp:term":[{"taxonomy":"category","embeddable":true,"href":"https:\/\/www.europesays.com\/fr\/wp-json\/wp\/v2\/categories?post=299271"},{"taxonomy":"post_tag","embeddable":true,"href":"https:\/\/www.europesays.com\/fr\/wp-json\/wp\/v2\/tags?post=299271"}],"curies":[{"name":"wp","href":"https:\/\/api.w.org\/{rel}","templated":true}]}}