{"id":299275,"date":"2025-08-06T01:06:18","date_gmt":"2025-08-06T01:06:18","guid":{"rendered":"https:\/\/www.europesays.com\/fr\/299275\/"},"modified":"2025-08-06T01:06:18","modified_gmt":"2025-08-06T01:06:18","slug":"un-cadre-sur-le-depart-vers-lallemagne","status":"publish","type":"post","link":"https:\/\/www.europesays.com\/fr\/299275\/","title":{"rendered":"un cadre sur le d\u00e9part vers l\u2019Allemagne"},"content":{"rendered":"<p>Le mercato estival continue de s\u00a0\u00bbanimer du c\u00f4t\u00e9 du Stade Rennais avec le dossier <strong>Warmed Omari<\/strong>, d\u00e9fenseur central de 25 ans dont l&rsquo;avenir semble s&rsquo;\u00e9crire loin de la Bretagne. Apr\u00e8s une saison compliqu\u00e9e en pr\u00eat \u00e0 l&rsquo;Olympique Lyonnais o\u00f9 il n&rsquo;a disput\u00e9 que <strong>trois rencontres en Ligue 1<\/strong>, le Franco-Comorien se retrouve dans une situation d\u00e9licate \u00e0 son retour au club. Malgr\u00e9 un contrat qui le lie au Stade Rennais <strong>jusqu&rsquo;en 2027<\/strong>, sa position dans l&rsquo;effectif rouge et noir appara\u00eet fragile, ouvrant la voie \u00e0 un d\u00e9part lors de cette fen\u00eatre de transferts. Les dirigeants rennais semblent dispos\u00e9s \u00e0 \u00e9tudier les offres pour un joueur qui peine \u00e0 s&rsquo;imposer durablement dans le projet sportif du club. Cette situation attire d\u00e9sormais l&rsquo;attention de formations europ\u00e9ennes en qu\u00eate de renforcements d\u00e9fensifs, notamment en Allemagne o\u00f9 un club fra\u00eechement promu manifeste un int\u00e9r\u00eat concret.<\/p>\n<p>                                <img decoding=\"async\" src=\"https:\/\/www.europesays.com\/fr\/wp-content\/uploads\/2025\/04\/1744123449_543_logo.png\" alt=\"Logo\"\/><\/p>\n<p>100\u20ac offerts sur ton 1er pari !<\/p>\n<p>                            <a href=\"https:\/\/bit.ly\/4j5wl4k\" class=\"headband-button\" rel=\"nofollow noopener\" target=\"_blank\">J&rsquo;en profite<\/a><\/p>\n<p>                                                                <img loading=\"lazy\" decoding=\"async\" src=\"https:\/\/www.europesays.com\/fr\/wp-content\/uploads\/2025\/08\/mercato-rennes-un-cadre-sur-le-depart-vers-l-allemagne.jpg\" alt=\"Illustration : &quot;Mercato Rennes : un cadre sur le d\u00e9part vers l\u2019Allemagne&quot;\" class=\"figure-img img-fluid\" width=\"780\" height=\"478\"\/><\/p>\n<p>                                    \u00a9 Site officiel du Stade Rennais                                <\/p>\n<p>L&rsquo;int\u00e9r\u00eat concret du Hambourg SV<\/p>\n<p>Le <strong>Hambourg SV<\/strong>, tout juste remont\u00e9 en Bundesliga apr\u00e8s plusieurs ann\u00e9es d&rsquo;absence, a jet\u00e9 son d\u00e9volu sur Warmed Omari pour renforcer sa d\u00e9fense centrale. Le club allemand, conscient des d\u00e9fis qui l&rsquo;attendent dans l&rsquo;\u00e9lite du football germanique, cherche activement \u00e0 se renforcer et voit dans le d\u00e9fenseur rennais un profil int\u00e9ressant pour stabiliser son arri\u00e8re-garde. Les <strong>n\u00e9gociations sont actuellement en cours<\/strong> entre les dirigeants hambourgeois et le Stade Rennais, t\u00e9moignant de la volont\u00e9 s\u00e9rieuse du club allemand de boucler ce transfert. Cette piste allemande repr\u00e9sente une opportunit\u00e9 de relance pour Omari, qui pourrait retrouver du temps de jeu et de la confiance dans un championnat r\u00e9put\u00e9 pour sa solidit\u00e9 d\u00e9fensive. L&rsquo;exp\u00e9rience en Bundesliga constituerait \u00e9galement une \u00e9tape importante dans la carri\u00e8re du joueur, lui permettant de d\u00e9couvrir un nouveau style de jeu et de s&rsquo;aguerrir face \u00e0 des attaquants de haut niveau.<\/p>\n<p>Une situation contractuelle favorable aux n\u00e9gociations<\/p>\n<p>La position du Stade Rennais dans ce dossier appara\u00eet claire : <strong>Warmed Omari ne sera pas retenu en cas de proposition satisfaisante<\/strong>. Cette ouverture des dirigeants bretons facilite grandement les discussions avec Hambourg et t\u00e9moigne de la volont\u00e9 du club de trouver une solution qui convienne \u00e0 toutes les parties. Le fait que le d\u00e9fenseur soit encore li\u00e9 contractuellement jusqu&rsquo;en 2027 permet \u00e0 Rennes de n\u00e9gocier dans de bonnes conditions, sans la pression d&rsquo;une fin de contrat imminente. Cette situation contractuelle solide offre \u00e9galement des garanties au club allemand, qui peut envisager un investissement sur la dur\u00e9e sans craindre de voir le joueur partir libre rapidement. Les modalit\u00e9s du transfert restent \u00e0 d\u00e9finir, mais l&rsquo;accord de principe entre les diff\u00e9rentes parties semble faciliter les n\u00e9gociations. Le profil du joueur, \u00e2g\u00e9 de <strong>25 ans<\/strong>, correspond parfaitement aux attentes d&rsquo;un club comme Hambourg qui cherche \u00e0 allier exp\u00e9rience et potentiel de progression.<\/p>\n<p>Un nouveau d\u00e9part n\u00e9cessaire apr\u00e8s Lyon<\/p>\n<p>L&rsquo;exp\u00e9rience lyonnaise de Warmed Omari, marqu\u00e9e par un temps de jeu tr\u00e8s limit\u00e9 avec seulement <strong>trois apparitions en Ligue 1<\/strong>, illustre les difficult\u00e9s rencontr\u00e9es par le d\u00e9fenseur pour s&rsquo;imposer au plus haut niveau. Ce passage compliqu\u00e9 chez les Gones a n\u00e9anmoins permis au joueur de prendre conscience de ses points d&rsquo;am\u00e9lioration et de sa n\u00e9cessit\u00e9 de retrouver un environnement o\u00f9 il pourra s&rsquo;\u00e9panouir pleinement. Le retour \u00e0 Rennes n&rsquo;ayant pas d\u00e9bouch\u00e9 sur une r\u00e9int\u00e9gration dans les plans de l&rsquo;entra\u00eeneur, un d\u00e9part vers Hambourg repr\u00e9senterait l&rsquo;opportunit\u00e9 de repartir sur de nouvelles bases. Cette perspective allemande pourrait permettre au <strong>Franco-Comorien<\/strong> de retrouver la confiance et le rythme de comp\u00e9tition indispensables \u00e0 sa progression, dans un championnat o\u00f9 la rigueur tactique et l&rsquo;engagement physique sont particuli\u00e8rement valoris\u00e9s.<\/p>\n<p>Vendredi 15 ao\u00fbt, la Ligue 1 reprend ses droits avec un choc entre le Stade Rennais et l\u2019Olympique de Marseille au Roazhon Park. \u00c0 cette occasion, profitez de 100\u20ac offerts pour votre premi\u00e8re inscription sur Parions Sport en Ligne. <a href=\"http:\/\/bit.ly\/4hgs1yE\" rel=\"nofollow noopener\" target=\"_blank\"><strong>Une victoire du Stade Rennais devant son public face \u00e0 l\u2019OM vous rapporte jusqu\u2019\u00e0 315\u20ac !<\/strong><\/a><\/p>\n<p><strong>Pour en profiter, c\u2019est tr\u00e8s simple :<\/strong><\/p>\n<p>&#8211;              Cr\u00e9ez votre compte joueur en seulement 2 \u00e9tapes <a href=\"http:\/\/bit.ly\/4hgs1yE\" rel=\"nofollow noopener\" target=\"_blank\"><strong>ici<\/strong><\/a><\/p>\n<p>&#8211;              R\u00e9alisez votre 1er d\u00e9p\u00f4t puis placez votre 1er pari (Minimum 5\u20ac)<\/p>\n<p>&#8211;              Une fois votre 1er d\u00e9p\u00f4t et votre 1er pari r\u00e9alis\u00e9s, l\u2019int\u00e9gralit\u00e9 du montant de ce 1er pari sera cr\u00e9dit\u00e9e sur votre compte joueur dans la limite de 100\u20ac maximum et sous la forme de cr\u00e9dits de jeu non retirables. Le cr\u00e9dit s\u2019effectuera alors en une seule \u00e9tape et sous 3 jours<\/p>\n<p>Jouer comporte des risques : endettement, d\u00e9pendance\u2026 Appelez le 09 74 75 13 13 (appel non surtax\u00e9)<\/p>\n","protected":false},"excerpt":{"rendered":"Le mercato estival continue de s\u00a0\u00bbanimer du c\u00f4t\u00e9 du Stade Rennais avec le dossier Warmed Omari, d\u00e9fenseur central&hellip;\n","protected":false},"author":2,"featured_media":299276,"comment_status":"","ping_status":"","sticky":false,"template":"","format":"standard","meta":{"footnotes":""},"categories":[1587],"tags":[11,672,1804,1805,1803,1777,674,1801,12,1802],"class_list":{"0":"post-299275","1":"post","2":"type-post","3":"status-publish","4":"format-standard","5":"has-post-thumbnail","7":"category-allemagne","8":"tag-actualites","9":"tag-allemagne","10":"tag-bundesrepublik-deutschland","11":"tag-de","12":"tag-deutschland","13":"tag-eu","14":"tag-europe","15":"tag-germany","16":"tag-news","17":"tag-republique-federale-dallemagne"},"share_on_mastodon":{"url":"https:\/\/pubeurope.com\/@fr\/114979143018882848","error":""},"_links":{"self":[{"href":"https:\/\/www.europesays.com\/fr\/wp-json\/wp\/v2\/posts\/299275","targetHints":{"allow":["GET"]}}],"collection":[{"href":"https:\/\/www.europesays.com\/fr\/wp-json\/wp\/v2\/posts"}],"about":[{"href":"https:\/\/www.europesays.com\/fr\/wp-json\/wp\/v2\/types\/post"}],"author":[{"embeddable":true,"href":"https:\/\/www.europesays.com\/fr\/wp-json\/wp\/v2\/users\/2"}],"replies":[{"embeddable":true,"href":"https:\/\/www.europesays.com\/fr\/wp-json\/wp\/v2\/comments?post=299275"}],"version-history":[{"count":0,"href":"https:\/\/www.europesays.com\/fr\/wp-json\/wp\/v2\/posts\/299275\/revisions"}],"wp:featuredmedia":[{"embeddable":true,"href":"https:\/\/www.europesays.com\/fr\/wp-json\/wp\/v2\/media\/299276"}],"wp:attachment":[{"href":"https:\/\/www.europesays.com\/fr\/wp-json\/wp\/v2\/media?parent=299275"}],"wp:term":[{"taxonomy":"category","embeddable":true,"href":"https:\/\/www.europesays.com\/fr\/wp-json\/wp\/v2\/categories?post=299275"},{"taxonomy":"post_tag","embeddable":true,"href":"https:\/\/www.europesays.com\/fr\/wp-json\/wp\/v2\/tags?post=299275"}],"curies":[{"name":"wp","href":"https:\/\/api.w.org\/{rel}","templated":true}]}}