{"id":299278,"date":"2025-08-06T01:08:11","date_gmt":"2025-08-06T01:08:11","guid":{"rendered":"https:\/\/www.europesays.com\/fr\/299278\/"},"modified":"2025-08-06T01:08:11","modified_gmt":"2025-08-06T01:08:11","slug":"droits-de-douane-lue-suspend-ses-mesures-de-riposte-apres-setre-fait-tordre-le-bras-par-donald-trump","status":"publish","type":"post","link":"https:\/\/www.europesays.com\/fr\/299278\/","title":{"rendered":"Droits de douane\u00a0: l\u2019UE suspend ses mesures de riposte apr\u00e8s s\u2019\u00eatre fait tordre le bras par Donald Trump"},"content":{"rendered":"<p>Apr\u00e8s des mois de n\u00e9gociations, Bruxelles et Washington ont scell\u00e9 fin juillet un accord commercial bas\u00e9 sur des droits de douane de 15\u00a0% sur les produits europ\u00e9ens qui arrivent aux \u00c9tats-Unis. <a href=\"https:\/\/www.humanite.fr\/politique\/droits-de-douane\/droits-de-douane-emmanuel-maurel-somme-le-gouvernement-de-sopposer-a-laccord-entre-lue-et-les-usa\" target=\"_blank\" rel=\"noopener\">L\u2019Union Europ\u00e9enne a ainsi capitul\u00e9<\/a> en acceptant de se trancher une main quand Donald Trump mena\u00e7ait de lui couper le bras.<\/p>\n<p>\u00ab\u00a0La Commission a adopt\u00e9 aujourd\u2019hui la proc\u00e9dure juridique n\u00e9cessaire pour suspendre la mise en \u0153uvre de nos contremesures europ\u00e9ennes\u00a0\u00bb, a d\u00e9clar\u00e9 mardi 5\u00a0ao\u00fbt un porte-parole de l\u2019ex\u00e9cutif europ\u00e9en, Olof Gill. En clair, il s\u2019agit de mettre de c\u00f4t\u00e9 la liste de produits am\u00e9ricains qui seraient tax\u00e9s si les \u00c9tats-Unis et l\u2019UE ne parvenaient pas \u00e0 un accord, pr\u00e9par\u00e9e par la Commission. Cette liste comprenait 93\u00a0milliards d\u2019euros de marchandises\u00a0: soja, avions, voitures,\u00a0etc.<\/p>\n<p>200\u00a0% pour les produits pharmaceutiques indiens\u00a0?<\/p>\n<p>L\u2019Union europ\u00e9enne n\u2019a toutefois pas exclu de r\u00e9activer ces mesures de riposte si jamais le bras de fer commercial avec l\u2019administration Trump venait \u00e0 conna\u00eetre de nouveaux rebondissements. \u00ab\u00a0Nous remettons (ces mesures) au cong\u00e9lateur mais nous pouvons toujours les ressortir\u00a0\u00bb, a ainsi expliqu\u00e9 \u00e0 l\u2019Agence France-Presse (AFP) un responsable europ\u00e9en, sous couvert d\u2019anonymat.<\/p>\n<p> Les droits de douane d\u00e9cid\u00e9s par Donald Trump et les \u00e9lites qui l\u2019accompagnent, concernant notamment <a href=\"https:\/\/www.humanite.fr\/monde\/amerique-latine\/droits-de-douane-le-bresil-attaque-frontalement-par-trump-et-ses-50-de-surtaxe-sans-aucune-raison-financiere\" target=\"_blank\" rel=\"noopener\">le Br\u00e9sil, l\u2019Inde, le Canada ou la Syrie<\/a>, doivent entrer en vigueur le 7\u00a0ao\u00fbt.<\/p>\n<p>L\u2019Inde, avec qui les \u00c9tats-Unis n\u2019ont toujours pas sign\u00e9 d\u2019accord commercial, devait jusqu\u2019ici voir ses produits \u00eatre <a href=\"https:\/\/www.humanite.fr\/monde\/donald-trump\/droits-de-douane-donald-trump-sort-la-sulfateuse-et-instaure-des-taxes-jusqua-41\" target=\"_blank\" rel=\"noopener\">surtax\u00e9s \u00e0 hauteur de 25\u00a0%<\/a>. Mais Donald Trump a menac\u00e9 d\u2019aller plus loin \u00ab\u00a0dans les prochaines 24\u00a0heures\u00a0\u00bb, reprochant notamment \u00e0 New Delhi de continuer \u00e0 acheter du p\u00e9trole russe. Quant aux produits pharmaceutiques, la Maison Blanche pr\u00e9voit de les viser par des droits de douane sectoriels, une annonce qui pourrait intervenir rapidement.<\/p>\n<p>D\u00e9but juillet, Donald Trump avait affirm\u00e9 qu\u2019il imposerait <a href=\"https:\/\/www.humanite.fr\/social-et-economie\/donald-trump\/droits-de-douane-il-y-aura-des-destructions-demplois-en-france-previent-leconomiste-david-cayla\" target=\"_blank\" rel=\"noopener\">une surtaxe<\/a> de 200\u00a0% sur les produits pharmaceutiques import\u00e9s aux \u00c9tats-Unis si la production n\u2019\u00e9tait pas rapidement rapatri\u00e9e sur le sol am\u00e9ricain. D\u00e9sormais, il anticipe dans un premier temps \u00ab\u00a0un droit de douane bas\u00a0\u00bb sur ces produits, mais \u00ab\u00a0dans un an, un an et demi maximum, cela sera 150\u00a0% et ensuite 250\u00a0%, parce que l\u2019on veut des m\u00e9dicaments fabriqu\u00e9s dans notre pays\u00a0\u00bb.<\/p>\n<p>Dans le m\u00eame temps, la pr\u00e9sidente de la Suisse et son ministre de l\u2019\u00c9conomie se rendent en urgence \u00e0 Washington pour tenter d\u2019infl\u00e9chir la position de Donald Trump avant l\u2019entr\u00e9e en vigueur de droits de douane de 39\u00a0% qui risquent de durement frapper les produits helv\u00e9tiques arrivant aux \u00c9tats-Unis.<\/p>\n<p><strong>Oui, on s\u2019en doute\u00a0: vous en avez assez<\/strong><\/p>\n<p>Voir ces messages d\u2019appel au don, \u00e7a peut \u00eatre p\u00e9nible. Nous le savons. Et on doit bien vous avouer que nous pr\u00e9f\u00e9rerions ne pas avoir \u00e0 les \u00e9crire\u2026<\/p>\n<p>Mais voil\u00e0\u00a0: c\u2019est crucial pour l\u2019Humanit\u00e9. Si ce titre existe toujours aujourd\u2019hui, c\u2019est gr\u00e2ce au financement r\u00e9gulier de nos lectrices et lecteurs.<\/p>\n<ul class=\"wp-block-list\">\n<li>C\u2019est gr\u00e2ce \u00e0 votre soutien que nous pouvons exercer notre m\u00e9tier avec passion. Nous ne d\u00e9pendons ni des int\u00e9r\u00eats d\u2019un propri\u00e9taire milliardaire, ni de pressions politiques : <strong>personne ne nous dicte ce que nous devons dire ou taire<\/strong>.<\/li>\n<\/ul>\n<ul class=\"wp-block-list\">\n<li>Votre engagement nous lib\u00e8re aussi de la course aux clics et \u00e0 l\u2019audience. <strong>Plut\u00f4t que de chercher \u00e0 capter l\u2019attention \u00e0 tout prix, nous choisissons de traiter les sujets que notre r\u00e9daction juge essentiels<\/strong>\u00a0: parce qu\u2019ils m\u00e9ritent d\u2019\u00eatre lus, compris, partag\u00e9s. Parce que nous estimons qu\u2019ils vous seront utiles<\/li>\n<\/ul>\n<p>\u00c0 l\u2019heure actuelle, <strong>moins d\u2019un quart des lectrices et lecteurs<\/strong> qui viennent plus de 3\u00a0fois sur le site par semaine nous aident \u00e0 financer notre travail, par leur abonnement ou par leurs dons. Si vous voulez prot\u00e9ger le journalisme ind\u00e9pendant, <strong>s\u2019il vous pla\u00eet, rejoignez-les<\/strong>.<\/p>\n","protected":false},"excerpt":{"rendered":"Apr\u00e8s des mois de n\u00e9gociations, Bruxelles et Washington ont scell\u00e9 fin juillet un accord commercial bas\u00e9 sur des&hellip;\n","protected":false},"author":2,"featured_media":299279,"comment_status":"","ping_status":"","sticky":false,"template":"","format":"standard","meta":{"footnotes":""},"categories":[1586],"tags":[11,75,2388,1777,674,1779,1011,27,5595,12,25,3067,770,1778,364,2475],"class_list":{"0":"post-299278","1":"post","2":"type-post","3":"status-publish","4":"format-standard","5":"has-post-thumbnail","7":"category-europe","8":"tag-actualites","9":"tag-donald-trump","10":"tag-droits-de-douane","11":"tag-eu","12":"tag-europe","13":"tag-european-union","14":"tag-fr","15":"tag-france","16":"tag-inde","17":"tag-news","18":"tag-republique-francaise","19":"tag-suisse","20":"tag-u00e9tats-unis","21":"tag-ue","22":"tag-union-europeenne","23":"tag-union-europu00e9enne"},"share_on_mastodon":{"url":"https:\/\/pubeurope.com\/@fr\/114979150423354135","error":""},"_links":{"self":[{"href":"https:\/\/www.europesays.com\/fr\/wp-json\/wp\/v2\/posts\/299278","targetHints":{"allow":["GET"]}}],"collection":[{"href":"https:\/\/www.europesays.com\/fr\/wp-json\/wp\/v2\/posts"}],"about":[{"href":"https:\/\/www.europesays.com\/fr\/wp-json\/wp\/v2\/types\/post"}],"author":[{"embeddable":true,"href":"https:\/\/www.europesays.com\/fr\/wp-json\/wp\/v2\/users\/2"}],"replies":[{"embeddable":true,"href":"https:\/\/www.europesays.com\/fr\/wp-json\/wp\/v2\/comments?post=299278"}],"version-history":[{"count":0,"href":"https:\/\/www.europesays.com\/fr\/wp-json\/wp\/v2\/posts\/299278\/revisions"}],"wp:featuredmedia":[{"embeddable":true,"href":"https:\/\/www.europesays.com\/fr\/wp-json\/wp\/v2\/media\/299279"}],"wp:attachment":[{"href":"https:\/\/www.europesays.com\/fr\/wp-json\/wp\/v2\/media?parent=299278"}],"wp:term":[{"taxonomy":"category","embeddable":true,"href":"https:\/\/www.europesays.com\/fr\/wp-json\/wp\/v2\/categories?post=299278"},{"taxonomy":"post_tag","embeddable":true,"href":"https:\/\/www.europesays.com\/fr\/wp-json\/wp\/v2\/tags?post=299278"}],"curies":[{"name":"wp","href":"https:\/\/api.w.org\/{rel}","templated":true}]}}