{"id":299304,"date":"2025-08-06T01:24:21","date_gmt":"2025-08-06T01:24:21","guid":{"rendered":"https:\/\/www.europesays.com\/fr\/299304\/"},"modified":"2025-08-06T01:24:21","modified_gmt":"2025-08-06T01:24:21","slug":"la-serie-de-france-2-revient-avec-un-episode-inedit-decouvrez-quand","status":"publish","type":"post","link":"https:\/\/www.europesays.com\/fr\/299304\/","title":{"rendered":"La s\u00e9rie de France 2 revient avec un \u00e9pisode in\u00e9dit, d\u00e9couvrez quand !"},"content":{"rendered":"<p>Bonne nouvelle pour les fans de la gendarme la plus atypique du petit \u00e9cran, Capitaine Marleau, incarn\u00e9e par Corinne Masiero : France 2 va diffuser l&rsquo;\u00e9pisode in\u00e9dit tourn\u00e9 \u00e0 Montpellier intitul\u00e9 Le secret d\u2019Alba. On vous donne la date de diffusion et les guests \u00e0 l&rsquo;affiche de cet opus.<\/p>\n<p><a href=\"https:\/\/www.programme-tv.net\/news\/series-tv\/205130-quand-marleau-rencontre-poirot-david-suchet-nous-devoile-les-coulisses-de-son-duo-avec-corinne-masiero-interview\/\" data-api-deeplink=\"teleloisirs:\/\/news\/205130\" target=\"_blank\" rel=\"noopener\">H\u00e9ro\u00efne incontournable du petit \u00e9cran<\/a>, <b>Capitaine Marleau<\/b>, l&rsquo;enqu\u00eatrice de <a href=\"https:\/\/www.programme-tv.net\/news\/quiz\/381569-quiz-capitaine-marleau-testez-vos-connaissances-sur-la-gendarme-la-plus-decalee-du-paf\/\" data-api-deeplink=\"teleloisirs:\/\/news\/381569\" target=\"_blank\" rel=\"noopener\">la s\u00e9rie cr\u00e9\u00e9e par Jos\u00e9e Dayan<\/a> et \u00e0 laquelle l&rsquo;incomparable <a href=\"https:\/\/www.programme-tv.net\/biographie\/51054-masiero-corinne\/\" data-link-people=\"7b584b1e-ed6a-489e-a70d-6f859487e64f\" target=\"_blank\" rel=\"noopener\"><b>Corinne Masiero<\/b><\/a> pr\u00eate ses traits et sa verve ac\u00e9r\u00e9e, revient avec un \u00e9pisode in\u00e9dit intitul\u00e9 Le secret d\u2019Alba. Et voici la date \u00e0 laquelle les fans de la fiction \u00e0 succ\u00e8s pourront suivre cette enqu\u00eate. Ce nouvel opus sera diffus\u00e9 sur France 2 le vendredi 29\u00a0ao\u00fbt 2025 en premi\u00e8re partie de soir\u00e9e, et sera \u00e9galement disponible en simultan\u00e9 sur france.tv, la plateforme de streaming de la cha\u00eene. Tourn\u00e9e entre le 30\u00a0septembre et le 18\u00a0octobre 2023 \u00e0 Montpellier, cette intrigue plonge une nouvelle fois le spectateur dans une enqu\u00eate entre crime et humour caustique, signature de l&rsquo;univers de Capitaine Marleau et de son actrice principale Corinne Masiero, qui rendu <a href=\"https:\/\/www.programme-tv.net\/news\/series-tv\/378298-elle-vous-donnait-lenvie-de-vivre-corinne-masiero-capitaine-marleau-evoque-avec-pudeur-et-emotion-son-tournage-avec-la-regrettee-emilie-dequenne\/\" data-api-deeplink=\"teleloisirs:\/\/news\/378298\" target=\"_blank\" rel=\"noopener\">hommage \u00e0 la regrett\u00e9e \u00c9milie Dequenne<\/a>. \u00c0 l\u2019affiche de cette nouvelle aventure, trois invit\u00e9s de marque\u00a0: <a href=\"https:\/\/www.programme-tv.net\/biographie\/21368-hiegel-catherine\/\" data-link-people=\"935c3067-1acc-4f3b-b40f-2496f7d65ed9\" target=\"_blank\" rel=\"noopener\">Catherine Hiegel<\/a>, doyenne du th\u00e9\u00e2tre fran\u00e7ais, <a href=\"https:\/\/www.programme-tv.net\/news\/people\/384594-philippe-bas-sest-marie-a-venise-il-devoile-une-photo-de-la-noce-avec-son-epouse-tout-en-blanc\/\" data-api-deeplink=\"teleloisirs:\/\/news\/384594\" target=\"_blank\" rel=\"noopener\">Philippe Bas, acteur fraichement mari\u00e9<\/a>, h\u00e9ros de Profilage et des deux volets de <a href=\"https:\/\/www.programme-tv.net\/news\/series-tv\/313401-le-saut-du-diable-2-tf1-y-aura-t-il-une-suite-a-la-fiction-portee-par-philippe-bas-et-benjamin-baroche\/\" data-api-deeplink=\"teleloisirs:\/\/news\/313401\" target=\"_blank\" rel=\"noopener\">la collection d&rsquo;action Le Saut du Diable<\/a>, ainsi que <a href=\"https:\/\/www.programme-tv.net\/news\/series-tv\/220910-plan-coeur-qui-est-marc-ruchmann-jules-le-beau-gosse-de-la-serie-netflix\/\" data-api-deeplink=\"teleloisirs:\/\/news\/220910\" target=\"_blank\" rel=\"noopener\">Marc Ruchmann r\u00e9v\u00e9l\u00e9 par la s\u00e9rie Netflix, Plan C\u0153ur<\/a>.<\/p>\n<p>                        Capitaine Marleau\u00a0: Quelle est l&rsquo;enqu\u00eate que va mener la gendarme incarn\u00e9e par Corinne Masiero dans ce nouvel \u00e9pisode in\u00e9dit de la s\u00e9rie\u00a0?<\/p>\n<p>Dans Le secret d\u2019Alba, Marleau est appel\u00e9e \u00e0 r\u00e9soudre l\u2019assassinat d\u2019\u00c9loi Solana, un jeune homme fra\u00eechement revenu dans sa r\u00e9gion natale. L\u2019enqu\u00eate, apparemment motiv\u00e9e par des raisons religieuses \u2014 la victime \u00e9tant catholique dans une r\u00e9gion historiquement protestante \u2014 m\u00e8ne la capitaine dans les m\u00e9andres d\u2019une ville encore marqu\u00e9e par les s\u00e9quelles des guerres de Religion. La comtesse Alba de Bernac, figure incontournable du protestantisme local, interpr\u00e9t\u00e9e par Catherine Hiegel, et son fils Martin, camp\u00e9 par <a href=\"https:\/\/www.programme-tv.net\/biographie\/19688-ruchmann-marc\/\" data-link-people=\"b5c93a94-c826-4eaf-9f7a-f98d08ac6115\" target=\"_blank\" rel=\"noopener\">Marc Ruchmann<\/a> sont au centre de ce drame. La capitaine va soulever de vieilles ranc\u0153urs ancestrales et des secrets de famille pour faire toute la lumi\u00e8re sur ce meurtre. Avec des audiences toujours solides \u2014 plus de 7\u00a0millions de t\u00e9l\u00e9spectateurs en moyenne par \u00e9pisode \u2014 Capitaine Marleau reste l\u2019une des valeurs s\u00fbres de la fiction fran\u00e7aise depuis sa premi\u00e8re diffusion en 2015. Son h\u00e9ro\u00efne qui va f\u00eater ses dix ans d&rsquo;enqu\u00eate septembre\u00a02025, reviendra encore pour de nouveaux in\u00e9dits prochainement sur la cha\u00eene.<\/p>\n<p>            Capitaine Marleau\u00a0: Qui seront les prochains guests ?<\/p>\n<p>On sait d\u00e9j\u00e0 que deux \u00e9pisodes ont \u00e9t\u00e9 tourn\u00e9s\u00a0: L&rsquo;Amiral avec en guest <a href=\"https:\/\/www.programme-tv.net\/biographie\/3295-deutsch-lorant\/\" data-link-people=\"d8eecc83-4b5c-409b-8abe-441c40065c79\" target=\"_blank\" rel=\"noopener\">Lor\u00e0nt Deutsch<\/a>, <a href=\"https:\/\/www.programme-tv.net\/news\/series-tv\/285254-commissaire-magellan-jacques-spiesser-jaurais-aime-que-magellan-meure\/\" data-api-deeplink=\"teleloisirs:\/\/news\/285254\" target=\"_blank\" rel=\"noopener\">Jacques Spiesser (Commissaire Magellan)<\/a>, <a href=\"https:\/\/www.programme-tv.net\/biographie\/4621-reali-cristiana\/\" data-link-people=\"10f3eb71-df0c-4260-8a1d-b8009a91cd92\" target=\"_blank\" rel=\"noopener\">Cristiana Reali<\/a>. L&rsquo;autre opus, Compagnon, mettra en sc\u00e8ne <a href=\"https:\/\/www.programme-tv.net\/biographie\/4002-fremont-thierry\/\" data-link-people=\"4acbb50c-d8ac-4b88-86a4-4a347754197a\" target=\"_blank\" rel=\"noopener\">Thierry Fr\u00e9mont<\/a> et <a href=\"https:\/\/www.programme-tv.net\/biographie\/2639-noguerra-helena\/\" data-link-people=\"46b39ece-cd89-4dae-82fb-4daf892a3a6b\" target=\"_blank\" rel=\"noopener\">Helena Noguerra<\/a>. Cette fois, Marleau enqu\u00eate dans le milieu de l&rsquo;artisanat alors qu&rsquo;un apprenti serrurier est assassin\u00e9 dans un centre de formation pour artisans.<\/p>\n","protected":false},"excerpt":{"rendered":"Bonne nouvelle pour les fans de la gendarme la plus atypique du petit \u00e9cran, Capitaine Marleau, incarn\u00e9e par&hellip;\n","protected":false},"author":2,"featured_media":299305,"comment_status":"","ping_status":"","sticky":false,"template":"","format":"standard","meta":{"footnotes":""},"categories":[1356],"tags":[19004,43961,244,19006,58,59,1011,27,43959,32826,252,1364,43960,1630],"class_list":{"0":"post-299304","1":"post","2":"type-post","3":"status-publish","4":"format-standard","5":"has-post-thumbnail","7":"category-television","8":"tag-capitaine-marleau","9":"tag-channel_zapping","10":"tag-commentaire","11":"tag-corinne-masiero","12":"tag-divertissement","13":"tag-entertainment","14":"tag-fr","15":"tag-france","16":"tag-guid_6188567147001","17":"tag-philippe-bas","18":"tag-television","19":"tag-tv","20":"tag-uuid_cc092fc0-8eae-4ffd-87d9-5205ce8d6495","21":"tag-zapping"},"share_on_mastodon":{"url":"https:\/\/pubeurope.com\/@fr\/114979213349776675","error":""},"_links":{"self":[{"href":"https:\/\/www.europesays.com\/fr\/wp-json\/wp\/v2\/posts\/299304","targetHints":{"allow":["GET"]}}],"collection":[{"href":"https:\/\/www.europesays.com\/fr\/wp-json\/wp\/v2\/posts"}],"about":[{"href":"https:\/\/www.europesays.com\/fr\/wp-json\/wp\/v2\/types\/post"}],"author":[{"embeddable":true,"href":"https:\/\/www.europesays.com\/fr\/wp-json\/wp\/v2\/users\/2"}],"replies":[{"embeddable":true,"href":"https:\/\/www.europesays.com\/fr\/wp-json\/wp\/v2\/comments?post=299304"}],"version-history":[{"count":0,"href":"https:\/\/www.europesays.com\/fr\/wp-json\/wp\/v2\/posts\/299304\/revisions"}],"wp:featuredmedia":[{"embeddable":true,"href":"https:\/\/www.europesays.com\/fr\/wp-json\/wp\/v2\/media\/299305"}],"wp:attachment":[{"href":"https:\/\/www.europesays.com\/fr\/wp-json\/wp\/v2\/media?parent=299304"}],"wp:term":[{"taxonomy":"category","embeddable":true,"href":"https:\/\/www.europesays.com\/fr\/wp-json\/wp\/v2\/categories?post=299304"},{"taxonomy":"post_tag","embeddable":true,"href":"https:\/\/www.europesays.com\/fr\/wp-json\/wp\/v2\/tags?post=299304"}],"curies":[{"name":"wp","href":"https:\/\/api.w.org\/{rel}","templated":true}]}}