{"id":299310,"date":"2025-08-06T01:28:10","date_gmt":"2025-08-06T01:28:10","guid":{"rendered":"https:\/\/www.europesays.com\/fr\/299310\/"},"modified":"2025-08-06T01:28:10","modified_gmt":"2025-08-06T01:28:10","slug":"un-berger-allemand-et-un-golden-retriever-ont-un-chiot-cette-nouvelle-race-nest-pas-au-gout-de-tout-le-monde","status":"publish","type":"post","link":"https:\/\/www.europesays.com\/fr\/299310\/","title":{"rendered":"un berger allemand et un golden retriever ont un chiot, cette nouvelle race n\u2019est pas au go\u00fbt de tout le monde"},"content":{"rendered":"<p>Cet amoureux des animaux ne s&rsquo;attendait s\u00fbrement pas \u00e0 \u00e7a en<br \/>\nd\u00e9voilant sur la toile les photos de ses chiots n\u00e9s d&rsquo;un croisement<br \/>\nentre un <strong>berger allemand<\/strong> et un <strong>golden<br \/>\nretriever<\/strong>. Si beaucoup d&rsquo;internautes ont craqu\u00e9 <a href=\"https:\/\/www.mariefrance.fr\/animaux\/chiens-savent-personne-digne-confiance-selon-etude-1192853.html\" rel=\"noopener\" target=\"_blank\">devant ces adorables boules de poils<\/a>, tous ne sont pas<br \/>\ndu m\u00eame avis. Et certains ont fustig\u00e9 cette <strong>\u00ab\u00a0soi-disant\u00a0\u00bb<br \/>\nrace<\/strong> qui serait contraire \u00e0 l&rsquo;\u00e9thique, comme l&rsquo;a racont\u00e9<br \/>\nle journal britannique <a href=\"https:\/\/www.mirror.co.uk\/news\/weird-news\/german-shepherd-retriever-puppies-not-35653227\" target=\"_blank\" rel=\"nofollow noopener\">Mirror<\/a>.<\/p>\n<p>\u00ab\u00a0Race ? C&rsquo;est un chien. Arr\u00eatez d&rsquo;\u00e9lever volontairement des<br \/>\nchiens et de les appeler races. Adoptez, n&rsquo;achetez pas ; quiconque<br \/>\n\u00e9l\u00e8ve des chiens comme \u00e7a <strong>devrait avoir<br \/>\nhonte<\/strong>.\u00a0\u00bb, a d&rsquo;ailleurs d\u00e9clar\u00e9 un anonyme. Il<br \/>\ns&rsquo;exprimait en commentaire de la <strong>publication<\/strong> du<br \/>\ncompte @lifewithgoldenshepherds qui est consacr\u00e9 aux aventures de<br \/>\nBear et Nala, deux chiots <strong>golden shepherds<\/strong>. Il<br \/>\ns&rsquo;agit l\u00e0 d&rsquo;un <strong>croisement<\/strong> qui est apparu il y a<br \/>\nquelques ann\u00e9es entre un berger allemand et un golden<br \/>\nretriever.<\/p>\n<p>Croisement entre un golden retriever et un berger allemand, le<br \/>\ngolden shepherd n&rsquo;a pas que des amis<\/p>\n<p>Les golden shepherds sont de plus en plus<br \/>\n<strong>populaires<\/strong> dans les pays anglo-saxons et en<br \/>\nparticulier aux \u00c9tats-Unis.\u00a0 Et cela ne fait pas que des<br \/>\nheureux comme il est possible de le constater. \u00ab\u00a0Ce n&rsquo;est pas<br \/>\nune race(&#8230;). Les \u00e9leveurs \u00e9thiques ne font pas de<br \/>\n<strong>b\u00e2tards<\/strong>.\u00a0\u00bb, a l\u00e2ch\u00e9 un internaute. Vite<br \/>\nrejoint par un autre : \u00ab\u00a0Il n&rsquo;y a absolument rien de mal \u00e0 aimer<br \/>\nses chiots, mais ne promouvons pas de pratiques d&rsquo;\u00e9levage<br \/>\n<strong>contraires \u00e0 l&rsquo;\u00e9thique<\/strong>.\u00a0\u00bb<\/p>\n<p>Certains font remarquer que de nombreux chiens crois\u00e9s sont<br \/>\ndisponibles \u00e0 l&rsquo;adoption dans les <strong>refuges<\/strong>. Pour<br \/>\neux, ce genre de publication ne fait qu&rsquo;encourager des \u00e9leveurs peu<br \/>\nscrupuleux \u00e0 exploiter encore plus les animaux. En fait, le d\u00e9bat<br \/>\nfait rage autour de la publication <strong>(voir la vid\u00e9o<br \/>\nci-dessous)<\/strong> qui est vite devenue virale en cumulant plus<br \/>\nde <strong>2,4 millions de vues<\/strong> et plus de 90 000 mentions<br \/>\n\u00ab\u00a0J&rsquo;aime\u00a0\u00bb. En effet, beaucoup sont tomb\u00e9s <a href=\"https:\/\/www.mariefrance.fr\/faits-divers\/pouvant-compter-compagnie-animaux-desherite-enfants-legue-26-millions-euros-chiens-chats-1175542.html\" rel=\"noopener\" target=\"_blank\">sous le charme de ces boules de poils<\/a> qui ont tout du<br \/>\ncompagnon id\u00e9al. \u00ab\u00a0Loyal comme un berger allemand, affectueux<br \/>\ncomme un golden retriever\u00a0\u00bb, a d&rsquo;ailleurs r\u00e9sum\u00e9 le<br \/>\npropri\u00e9taire de Bear et Nala.<\/p>\n<blockquote class=\"instagram-media\" style=\"background: #ffffff;border: 0;margin: 1px;width: 100%;padding: 0;max-width: 500px;\" data-instgrm-permalink=\"https:\/\/www.instagram.com\/p\/DM1kDjmuk8S\" data-instgrm-version=\"14\"\/><p>\nLe golden shepherd a tout de la<br \/>\ncombinaison parfaite<\/p>\n<p>Il n&rsquo;h\u00e9site pas \u00e0 mettre en avant cette \u00ab\u00a0race\u00a0\u00bb qui, pour lui,<br \/>\nest \u00ab\u00a0une <strong>combinaison parfaite<\/strong> de loyaut\u00e9,<br \/>\nd&rsquo;alerte, de protection et de douceur.\u00a0\u00bb Et visiblement, il<br \/>\nn&rsquo;est pas le premier \u00e0 \u00eatre convaincu par ce croisement original.<br \/>\nD&rsquo;ailleurs, parmi les commentaires, certains avouent sans g\u00eane<br \/>\navoir \u00e9t\u00e9 conquis par le golden shepherd. \u00ab\u00a0J&rsquo;ai l&rsquo;impression<br \/>\nque le mien, que j&rsquo;ai adopt\u00e9 \u00e0 9 mois, a l&rsquo;\u00e9nergie d\u00e9bordante d&rsquo;un<br \/>\nberger, l&rsquo;intelligence d&rsquo;un golden et le <strong>courage d&rsquo;une<br \/>\npoule<\/strong>.\u00a0\u00bb, a racont\u00e9 un internaute \u00e0 propos de son<br \/>\nfid\u00e8le compagnon.<\/p>\n<p>Si le golden shepherd fait le bonheur de nombreux ma\u00eetres, il ne<br \/>\ns&rsquo;agit en fait que d&rsquo;un croisement. En effet, la<br \/>\n<strong>reconnaissance<\/strong> d&rsquo;une race par la F\u00e9d\u00e9ration<br \/>\nCynologique Internationale est un processus long et complexe. Les<br \/>\ncaract\u00e9ristiques doivent \u00eatre stabilis\u00e9es sur plusieurs<br \/>\ng\u00e9n\u00e9rations. La FCI se charge d&rsquo;\u00e9tablir les standards qui<br \/>\npermettront de diff\u00e9rencier <a href=\"https:\/\/www.mariefrance.fr\/astro\/voici-quelle-race-chien-adopter-selon-signe-astrologique-1100953.html\" rel=\"noopener\" target=\"_blank\">les chiens appartenant \u00e0 cette race<\/a>. La toute premi\u00e8re \u00e0<br \/>\navoir \u00e9t\u00e9 reconnue est le <strong>bulldog anglais<\/strong>. Et<br \/>\nderni\u00e8rement, de nouvelles races de chiens ont \u00e9t\u00e9 ajout\u00e9es comme<br \/>\nle ratier valencien ou le bulldog continental par exemple.<\/p>\n<blockquote class=\"twitter-tweet\"><p><a class=\"twitter-link\" rel=\"noindex, nofollow noopener\" href=\"https:\/\/twitter.com\/mariefrancemag\/status\/1764533700216119444\" target=\"_blank\"><\/p><\/blockquote>\n<p><script async src=\"https:\/\/platform.twitter.com\/widgets.js\" charset=\"utf-8\"><\/script><script async src=\"\/\/www.instagram.com\/embed.js\"><\/script><\/p>\n","protected":false},"excerpt":{"rendered":"Cet amoureux des animaux ne s&rsquo;attendait s\u00fbrement pas \u00e0 \u00e7a en d\u00e9voilant sur la toile les photos de&hellip;\n","protected":false},"author":2,"featured_media":299311,"comment_status":"","ping_status":"","sticky":false,"template":"","format":"standard","meta":{"footnotes":""},"categories":[10],"tags":[21303,4850,1011,27,72,71],"class_list":{"0":"post-299310","1":"post","2":"type-post","3":"status-publish","4":"format-standard","5":"has-post-thumbnail","7":"category-sante","8":"tag-buzz_nonli","9":"tag-chien","10":"tag-fr","11":"tag-france","12":"tag-health","13":"tag-sante"},"share_on_mastodon":{"url":"","error":""},"_links":{"self":[{"href":"https:\/\/www.europesays.com\/fr\/wp-json\/wp\/v2\/posts\/299310","targetHints":{"allow":["GET"]}}],"collection":[{"href":"https:\/\/www.europesays.com\/fr\/wp-json\/wp\/v2\/posts"}],"about":[{"href":"https:\/\/www.europesays.com\/fr\/wp-json\/wp\/v2\/types\/post"}],"author":[{"embeddable":true,"href":"https:\/\/www.europesays.com\/fr\/wp-json\/wp\/v2\/users\/2"}],"replies":[{"embeddable":true,"href":"https:\/\/www.europesays.com\/fr\/wp-json\/wp\/v2\/comments?post=299310"}],"version-history":[{"count":0,"href":"https:\/\/www.europesays.com\/fr\/wp-json\/wp\/v2\/posts\/299310\/revisions"}],"wp:featuredmedia":[{"embeddable":true,"href":"https:\/\/www.europesays.com\/fr\/wp-json\/wp\/v2\/media\/299311"}],"wp:attachment":[{"href":"https:\/\/www.europesays.com\/fr\/wp-json\/wp\/v2\/media?parent=299310"}],"wp:term":[{"taxonomy":"category","embeddable":true,"href":"https:\/\/www.europesays.com\/fr\/wp-json\/wp\/v2\/categories?post=299310"},{"taxonomy":"post_tag","embeddable":true,"href":"https:\/\/www.europesays.com\/fr\/wp-json\/wp\/v2\/tags?post=299310"}],"curies":[{"name":"wp","href":"https:\/\/api.w.org\/{rel}","templated":true}]}}