{"id":299316,"date":"2025-08-06T01:31:10","date_gmt":"2025-08-06T01:31:10","guid":{"rendered":"https:\/\/www.europesays.com\/fr\/299316\/"},"modified":"2025-08-06T01:31:10","modified_gmt":"2025-08-06T01:31:10","slug":"en-australie-la-grande-barriere-de-corail-enregistre-le-plus-grand-blanchissement-de-son-histoire","status":"publish","type":"post","link":"https:\/\/www.europesays.com\/fr\/299316\/","title":{"rendered":"En Australie, la Grande Barri\u00e8re de corail enregistre le plus grand blanchissement de son histoire"},"content":{"rendered":"<p>D\u2019apr\u00e8s l\u2019institut australien des sciences marines, la \u00abcause num\u00e9ro un\u00bb de ce blanchissement \u00abest le changement climatique\u00bb.<\/p>\n<p class=\"fig-paragraph\">C\u2019est un cri d\u2019alarme pour l\u2019un des joyaux naturels de la plan\u00e8te. La\u00a0<a href=\"https:\/\/www.lefigaro.fr\/tag\/grande-barriere-de-corail\" target=\"_blank\" rel=\"sponsored noopener\" data-gtm-custom-categorie=\"navigation\" data-gtm-custom-action=\"crossclick\" data-gtm-custom-label=\"Contextuel\" data-gtm-event=\"customEventSPE\">Grande Barri\u00e8re de corail<\/a>, situ\u00e9e en\u00a0<a href=\"https:\/\/www.lefigaro.fr\/tag\/australie\" target=\"_blank\" rel=\"sponsored noopener\" data-gtm-custom-categorie=\"navigation\" data-gtm-custom-action=\"crossclick\" data-gtm-custom-label=\"Contextuel\" data-gtm-event=\"customEventSPE\">Australie<\/a>, subit le plus grand blanchissement jamais observ\u00e9, selon un rapport gouvernemental publi\u00e9 mardi 5 ao\u00fbt, qui avertit que ce tr\u00e9sor naturel est en mauvais \u00e9tat. Les scientifiques ont rapport\u00e9 le blanchissement \u00able plus \u00e9tendu\u00bb provoqu\u00e9 par des temp\u00e9ratures oc\u00e9aniques \u00e9touffantes en 2024 qui ont engendr\u00e9 \u00abdes niveaux de stress thermique sans pr\u00e9c\u00e9dent\u00bb depuis les premiers relev\u00e9s, il y a pr\u00e8s de 40 ans.<\/p>\n<p class=\"fig-paragraph\">L\u2019institut australien des sciences marines a \u00e9tudi\u00e9 la sant\u00e9 de 124 r\u00e9cifs coralliens au sein de ce r\u00e9cif tentaculaire, que l\u2019on surnomme souvent \u00abla plus grande structure vivante au monde\u00bb, entre ao\u00fbt 2024 et mai 2025. Les r\u00e9sultats montrent que les branches sud et nord du r\u00e9cif ont vu le \u00abplus gros d\u00e9clin annuel\u00bb jamais enregistr\u00e9. Les r\u00e9cifs avaient \u00e9t\u00e9 frapp\u00e9s par des cyclones tropicaux et des invasions d\u2019\u00e9toiles de mer couronne d\u2019\u00e9pines, une esp\u00e8ce qui se nourrit de corail.<\/p>\n<p>                                    <a class=\"fig-a11y-skip a11y-hidden\" href=\"#fig-a11y-skip-main-inarticle\"><br \/>\n        Passer la publicit\u00e9<br \/>\n    <\/a><\/p>\n<p>Le changement climatique en cause<\/p>\n<p class=\"fig-paragraph\">Mais la \u00abcause num\u00e9ro un est le changement climatique\u00bb, a d\u00e9clar\u00e9 Mike Emslie, responsable de la recherche de l\u2019institut. \u00abIl n\u2019y a aucun doute l\u00e0-dessus\u00bb, a-t-il confi\u00e9 \u00e0 l\u2019AFP.<\/p>\n<p class=\"fig-paragraph\">La Grande Barri\u00e8re de corail est une \u00e9tendue de 2300 kilom\u00e8tres de coraux tropicaux abritant une incroyable diversit\u00e9 biologique. Seulement, ces \u00e9pisodes r\u00e9p\u00e9t\u00e9s de blanchissement menacent de priver cette attraction touristique de sa splendeur, faisant virer des bancs de coraux autrefois riches en couleur au blanc maladif.<\/p>\n<p class=\"fig-paragraph\">Des eaux tropicales exceptionnellement chaudes ont d\u00e9clench\u00e9 un blanchissement g\u00e9n\u00e9ralis\u00e9 des coraux sur la Grande Barri\u00e8re de Corail en 2024 et au cours des premiers mois de 2025 &#8211; le sixi\u00e8me \u00e9v\u00e9nement de ce type au cours des neuf derni\u00e8res ann\u00e9es.<\/p>\n<p>\u00abStress thermique sans pr\u00e9c\u00e9dent\u00bb<\/p>\n<p class=\"fig-paragraph\">\u00abLa Grande Barri\u00e8re de corail a connu des niveaux de stress thermique sans pr\u00e9c\u00e9dent, provoquant le blanchissement le plus \u00e9tendu et le plus s\u00e9v\u00e8re jamais enregistr\u00e9 \u00e0 ce jour\u00bb, indique le rapport de l&rsquo;agence australienne. \u00abCela vaut encore la peine de se battre. Nous ne pouvons pas baisser les bras et abandonner\u00bb, d\u00e9clare Mike Emslie, pour qui la Grande Barri\u00e8re de corail reste un \u00ablieu incroyable\u00bb.<\/p>\n<p class=\"fig-paragraph\">Le rapport a r\u00e9v\u00e9l\u00e9 qu\u2019un type de corail en pleine croissance rapide, connu sous le nom d\u2019Acropora, \u00e9tait celui qui avait le plus souffert. Ce corail pousse rapidement, mais il est \u00e9galement l&rsquo;un des premiers \u00e0 blanchir.<\/p>\n<p>                                    <a class=\"fig-a11y-skip a11y-hidden\" href=\"#fig-a11y-skip-main-inarticle_mtf\"><br \/>\n        Passer la publicit\u00e9<br \/>\n    <\/a><\/p>\n<p class=\"fig-paragraph\">Richard Leck, du Fonds mondial pour la nature, compare la sant\u00e9 fluctuante de la Grande Barri\u00e8re de corail \u00e0 des \u00abmontagnes russes\u00bb. Il ajoute que certains r\u00e9cifs coralliens dans le monde \u00e9taient d\u00e9j\u00e0 au-del\u00e0 de toute r\u00e9cup\u00e9ration, avertissant que la Grande Barri\u00e8re de corail pourrait subir le m\u00eame sort sans une action climatique ambitieuse et rapide. \u00abC\u2019est le signe d\u2019un \u00e9cosyst\u00e8me mis sous une incroyable pression, et ce qui pr\u00e9occupe \u00e9norm\u00e9ment les scientifiques des r\u00e9cifs, c\u2019est lorsque le r\u00e9cif ne se remet pas comme il le faisait auparavant\u00bb, a-t-il d\u00e9clar\u00e9 \u00e0 l\u2019AFP.<\/p>\n<p>Record de la temp\u00e9rature de la surface de la mer<\/p>\n<p class=\"fig-paragraph\">Au cours des deux derni\u00e8res ann\u00e9es, un blanchissement massif dans le monde a \u00e9puis\u00e9 plus de 80% des r\u00e9cifs coralliens de la plan\u00e8te. Le blanchissement se produit lorsque les temp\u00e9ratures de l\u2019eau augmentent, for\u00e7ant les coraux \u00e0 expulser des algues microscopiques connues sous le nom de zooxanthelles.<\/p>\n<p class=\"fig-paragraph\">Si les temp\u00e9ratures \u00e9lev\u00e9es persistent, les coraux peuvent finir par blanchir et mourir. La temp\u00e9rature moyenne de la surface de la mer autour de l\u2019Australie a \u00e9t\u00e9 la \u00abplus \u00e9lev\u00e9e jamais enregistr\u00e9e\u00bb en 2024, selon l\u2019Universit\u00e9 nationale australienne.<\/p>\n<p class=\"fig-paragraph\">L\u2019Australie pr\u00e9pare actuellement son prochain cycle d\u2019objectifs de r\u00e9duction des \u00e9missions, une obligation cl\u00e9 dans le cadre de l\u2019accord climatique historique de Paris. La superpuissance mini\u00e8re reste toutefois l\u2019un des plus grands exportateurs de charbon au monde et continue de subventionner largement ses combustibles fossiles.<\/p>\n","protected":false},"excerpt":{"rendered":"D\u2019apr\u00e8s l\u2019institut australien des sciences marines, la \u00abcause num\u00e9ro un\u00bb de ce blanchissement \u00abest le changement climatique\u00bb. C\u2019est&hellip;\n","protected":false},"author":2,"featured_media":299317,"comment_status":"","ping_status":"","sticky":false,"template":"","format":"standard","meta":{"footnotes":""},"categories":[7],"tags":[5035,1129,1011,27,43962,43,40,41,39,42,44],"class_list":{"0":"post-299316","1":"post","2":"type-post","3":"status-publish","4":"format-standard","5":"has-post-thumbnail","7":"category-sciences-et-technologies","8":"tag-australie","9":"tag-climat","10":"tag-fr","11":"tag-france","12":"tag-grande-barriere-de-corail","13":"tag-science","14":"tag-science-and-technology","15":"tag-sciences","16":"tag-sciences-et-technologies","17":"tag-technologies","18":"tag-technology"},"share_on_mastodon":{"url":"https:\/\/pubeurope.com\/@fr\/114979240906299194","error":""},"_links":{"self":[{"href":"https:\/\/www.europesays.com\/fr\/wp-json\/wp\/v2\/posts\/299316","targetHints":{"allow":["GET"]}}],"collection":[{"href":"https:\/\/www.europesays.com\/fr\/wp-json\/wp\/v2\/posts"}],"about":[{"href":"https:\/\/www.europesays.com\/fr\/wp-json\/wp\/v2\/types\/post"}],"author":[{"embeddable":true,"href":"https:\/\/www.europesays.com\/fr\/wp-json\/wp\/v2\/users\/2"}],"replies":[{"embeddable":true,"href":"https:\/\/www.europesays.com\/fr\/wp-json\/wp\/v2\/comments?post=299316"}],"version-history":[{"count":0,"href":"https:\/\/www.europesays.com\/fr\/wp-json\/wp\/v2\/posts\/299316\/revisions"}],"wp:featuredmedia":[{"embeddable":true,"href":"https:\/\/www.europesays.com\/fr\/wp-json\/wp\/v2\/media\/299317"}],"wp:attachment":[{"href":"https:\/\/www.europesays.com\/fr\/wp-json\/wp\/v2\/media?parent=299316"}],"wp:term":[{"taxonomy":"category","embeddable":true,"href":"https:\/\/www.europesays.com\/fr\/wp-json\/wp\/v2\/categories?post=299316"},{"taxonomy":"post_tag","embeddable":true,"href":"https:\/\/www.europesays.com\/fr\/wp-json\/wp\/v2\/tags?post=299316"}],"curies":[{"name":"wp","href":"https:\/\/api.w.org\/{rel}","templated":true}]}}