{"id":299320,"date":"2025-08-06T01:34:13","date_gmt":"2025-08-06T01:34:13","guid":{"rendered":"https:\/\/www.europesays.com\/fr\/299320\/"},"modified":"2025-08-06T01:34:13","modified_gmt":"2025-08-06T01:34:13","slug":"une-coulee-de-boue-devastatrice-ravage-cette-vallee-dans-lhimalaya","status":"publish","type":"post","link":"https:\/\/www.europesays.com\/fr\/299320\/","title":{"rendered":"Une coul\u00e9e de boue d\u00e9vastatrice ravage cette vall\u00e9e dans l\u2019Himalaya"},"content":{"rendered":"<p>        <img decoding=\"async\" loading=\"lazy\" src=\"https:\/\/www.europesays.com\/fr\/wp-content\/uploads\/2025\/08\/f89dfdd_upload-1-lmrl11rh2yge-afp-20250805-aa-05082025-2359921-v1-highres-himalayanlandslidekills4in.jpeg\"  width=\"728\" height=\"410\" alt=\"Une coul\u00e9e de boue meurtri\u00e8re a touch\u00e9 mardi la localit\u00e9 de Dharali, en Inde.\"\/>  <\/p>\n<p>UTTARAKHAND POLICE \/ HANDOUT \/ Anadolu via AFP<\/p>\n<p>Une coul\u00e9e de boue meurtri\u00e8re a touch\u00e9 mardi la localit\u00e9 de Dharali, en Inde.<\/p>\n<p class=\"asset asset-text\">INDE &#8211; Un \u00ab\u00a0signal d\u2019alarme\u00a0\u00bb des effets du r\u00e9chauffement climatique. Cent personnes sont port\u00e9es disparues, quatre ont p\u00e9ri et des immeubles ont \u00e9t\u00e9 d\u00e9truits apr\u00e8s <a href=\"https:\/\/www.huffingtonpost.fr\/france\/article\/apres-un-violent-orage-en-savoie-un-torrent-de-boue-inonde-les-villes-de-modane-et-fourneaux_252027.html\" target=\"_blank\" rel=\"noopener\">une coul\u00e9e de boue<\/a> massive dans une localit\u00e9 indienne de l\u2019<a href=\"https:\/\/www.huffingtonpost.fr\/environnement\/article\/en-himalaya-le-faible-enneigement-menace-fortement-l-approvisionnement-en-eau_235598.html\" target=\"_blank\" rel=\"noopener\">Himalaya<\/a> touch\u00e9e par des crues subites.<\/p>\n<p class=\"asset asset-text\">\u00ab\u00a0La situation est grave\u00a0\u00bb, a d\u00e9clar\u00e9 Sanjay Seth, ministre d\u2019\u00c9tat de la D\u00e9fense indien, \u00e0 l\u2019agence de presse Press Trust of India (PTI). \u00ab\u00a0Nous avons re\u00e7u des informations faisant \u00e9tat de quatre d\u00e9c\u00e8s et environ cent personnes port\u00e9es disparues. Nous prions pour leur s\u00e9curit\u00e9\u00a0\u00bb, a-t-il ajout\u00e9.<\/p>\n<p class=\"asset asset-text\">Le Premier ministre <a href=\"https:\/\/www.huffingtonpost.fr\/international\/article\/en-inde-la-victoire-de-narendra-aux-elections-legislatives-cache-en-realite-une-lourde-defaite_234963.html\" target=\"_blank\" rel=\"noopener\">Narendra Modi<\/a> a exprim\u00e9 ses condol\u00e9ances dans un communiqu\u00e9, assurant que \u00ab\u00a0tout est mis en oeuvre pour apporter de l\u2019aide\u00a0\u00bb.<\/p>\n<p class=\"asset asset-text\">Des vid\u00e9os diffus\u00e9es par les m\u00e9dias indiens montrent des torrents d\u2019eaux boueuses emporter des immeubles d\u2019habitation \u00e0 Dharali, un lieu touristique de l\u2019\u00c9tat d\u2019Uttarakhand, au nord du pays. On y voit plusieurs personnes en train de courir avant d\u2019\u00eatre englouties par des vagues sombres encombr\u00e9es de d\u00e9bris d\u00e9truisant des b\u00e2timents entiers.<\/p>\n<p> La lecture de ce contenu est susceptible d\u2019entra\u00eener un d\u00e9p\u00f4t de cookies de la part de l\u2019op\u00e9rateur tiers qui l\u2019h\u00e9berge. Compte-tenu des choix que vous avez exprim\u00e9s en mati\u00e8re de d\u00e9p\u00f4t de cookies, nous avons bloqu\u00e9 l\u2019affichage de ce contenu. Si vous souhaitez y acc\u00e9der, vous devez accepter la cat\u00e9gorie de cookies \u201cContenus tiers\u201d en cliquant sur le bouton ci-dessous. <\/p>\n<p> Lire la Vid\u00e9o           <\/p>\n<p> La lecture de ce contenu est susceptible d\u2019entra\u00eener un d\u00e9p\u00f4t de cookies de la part de l\u2019op\u00e9rateur tiers qui l\u2019h\u00e9berge. Compte-tenu des choix que vous avez exprim\u00e9s en mati\u00e8re de d\u00e9p\u00f4t de cookies, nous avons bloqu\u00e9 l\u2019affichage de ce contenu. Si vous souhaitez y acc\u00e9der, vous devez accepter la cat\u00e9gorie de cookies \u201cContenus tiers\u201d en cliquant sur le bouton ci-dessous. <\/p>\n<p> Lire la Vid\u00e9o        \u00ab\u00a0Cocktail mortel\u00a0\u00bb    <\/p>\n<p class=\"asset asset-text\">L\u2019arm\u00e9e indienne a indiqu\u00e9 que 150 militaires, d\u00e9p\u00each\u00e9s \u00e0 Dharali, avaient contribu\u00e9 \u00e0 secourir une vingtaine de personnes ayant surv\u00e9cu \u00e0 la coul\u00e9e de boue. \u00ab\u00a0Un \u00e9norme glissement de terrain a frapp\u00e9 Dharali\u2026 D\u00e9clenchant un flot soudain d\u2019eau et de d\u00e9bris\u00a0\u00bb, a indiqu\u00e9 l\u2019arm\u00e9e.<\/p>\n<p class=\"asset asset-text\">Une grande partie de la ville a \u00e9t\u00e9 submerg\u00e9e, et par endroits, la boue a atteint les toits des maisons. \u00ab\u00a0Les efforts de recherche et de sauvetage sont en cours, et tous les moyens disponibles d\u00e9ploy\u00e9s pour localiser et \u00e9vacuer les personnes toujours prises au pi\u00e8ge\u00a0\u00bb, a d\u00e9clar\u00e9 le porte-parole de l\u2019arm\u00e9e Suneel Bartwal.<\/p>\n<p class=\"asset asset-text\">Le chef du gouvernement r\u00e9gional Pushkar Singh Dhami a pr\u00e9cis\u00e9 que l\u2019inondation \u00e9tait due \u00e0 des pr\u00e9cipitations soudaines et intenses. Les services m\u00e9t\u00e9orologiques indiens avaient \u00e9mis une alerte en raison de fortes pluies dans l\u2019Uttarakhand, pr\u00e9cisant avoir enregistr\u00e9 21\u00a0cm de pr\u00e9cipitations dans des zones isol\u00e9es de cet \u00c9tat.<\/p>\n<p class=\"asset asset-text\">Les inondations meurtri\u00e8res et les glissements de terrain sont courants lors de la saison de la mousson de juin \u00e0 septembre en Inde. Les experts affirment que le changement climatique accro\u00eet leur intensit\u00e9 et leur fr\u00e9quence.<\/p>\n<p class=\"asset asset-text\">\u00ab\u00a0Ces pertes d\u00e9vastatrice (&#8230;) doivent \u00eatre notre ultime signal d\u2019alarme\u00a0\u00bb, a d\u00e9clar\u00e9 le militant Harjeet Singh, de la Satat Sampada Climate Foundation, \u00e0 New Delhi. \u00ab\u00a0Le r\u00e9chauffement climatique intensifie nos moussons avec des pluies extr\u00eames, tandis que sur le terrain, nos politiques de d\u00e9forestation des collines, de construction non-scientifiques et non durables et d\u2019\u00e9touffement des rivi\u00e8res au nom d\u2019un pr\u00e9tendu +d\u00e9veloppement+ d\u00e9truisent nos d\u00e9fenses naturelles\u00a0\u00bb, selon lui. \u00ab\u00a0Cette trag\u00e9die est un cocktail mortel\u00a0\u00bb, soutient-il.<\/p>\n<p class=\"asset asset-text\">L\u2019agence m\u00e9t\u00e9orologique des Nations unies (OMM) indiquait l\u2019ann\u00e9e derni\u00e8re que les inondations et s\u00e9cheresses de plus en plus intenses sont \u00ab\u00a0un signal d\u2019alarme\u00a0\u00bb de ce qui attend les populations \u00e0 l\u2019heure du changement climatique, qui rend le cycle de l\u2019eau de la plan\u00e8te plus impr\u00e9visible.<\/p>\n","protected":false},"excerpt":{"rendered":"UTTARAKHAND POLICE \/ HANDOUT \/ Anadolu via AFP Une coul\u00e9e de boue meurtri\u00e8re a touch\u00e9 mardi la localit\u00e9&hellip;\n","protected":false},"author":2,"featured_media":299321,"comment_status":"","ping_status":"","sticky":false,"template":"","format":"standard","meta":{"footnotes":""},"categories":[5],"tags":[11,1129,436,1011,27,43963,5595,14,12,28],"class_list":{"0":"post-299320","1":"post","2":"type-post","3":"status-publish","4":"format-standard","5":"has-post-thumbnail","7":"category-international","8":"tag-actualites","9":"tag-climat","10":"tag-environnement","11":"tag-fr","12":"tag-france","13":"tag-himalaya","14":"tag-inde","15":"tag-international","16":"tag-news","17":"tag-world"},"share_on_mastodon":{"url":"https:\/\/pubeurope.com\/@fr\/114979252713773390","error":""},"_links":{"self":[{"href":"https:\/\/www.europesays.com\/fr\/wp-json\/wp\/v2\/posts\/299320","targetHints":{"allow":["GET"]}}],"collection":[{"href":"https:\/\/www.europesays.com\/fr\/wp-json\/wp\/v2\/posts"}],"about":[{"href":"https:\/\/www.europesays.com\/fr\/wp-json\/wp\/v2\/types\/post"}],"author":[{"embeddable":true,"href":"https:\/\/www.europesays.com\/fr\/wp-json\/wp\/v2\/users\/2"}],"replies":[{"embeddable":true,"href":"https:\/\/www.europesays.com\/fr\/wp-json\/wp\/v2\/comments?post=299320"}],"version-history":[{"count":0,"href":"https:\/\/www.europesays.com\/fr\/wp-json\/wp\/v2\/posts\/299320\/revisions"}],"wp:featuredmedia":[{"embeddable":true,"href":"https:\/\/www.europesays.com\/fr\/wp-json\/wp\/v2\/media\/299321"}],"wp:attachment":[{"href":"https:\/\/www.europesays.com\/fr\/wp-json\/wp\/v2\/media?parent=299320"}],"wp:term":[{"taxonomy":"category","embeddable":true,"href":"https:\/\/www.europesays.com\/fr\/wp-json\/wp\/v2\/categories?post=299320"},{"taxonomy":"post_tag","embeddable":true,"href":"https:\/\/www.europesays.com\/fr\/wp-json\/wp\/v2\/tags?post=299320"}],"curies":[{"name":"wp","href":"https:\/\/api.w.org\/{rel}","templated":true}]}}