{"id":299324,"date":"2025-08-06T01:36:12","date_gmt":"2025-08-06T01:36:12","guid":{"rendered":"https:\/\/www.europesays.com\/fr\/299324\/"},"modified":"2025-08-06T01:36:12","modified_gmt":"2025-08-06T01:36:12","slug":"deux-routes-des-pyrenees-orientales-fermees-par-la-prefecture","status":"publish","type":"post","link":"https:\/\/www.europesays.com\/fr\/299324\/","title":{"rendered":"deux routes des Pyr\u00e9n\u00e9es-Orientales ferm\u00e9es par la pr\u00e9fecture"},"content":{"rendered":"<p>            Par<br \/>\n        <strong><br \/>\n            <a href=\"https:\/\/actu.fr\/auteur\/emilien-vicens\" title=\"Consulter tous les articles de Emilien Vicens\" rel=\"nofollow noopener\" target=\"_blank\">Emilien Vicens<\/a><br \/>\n        <\/strong><\/p>\n<p>        Publi\u00e9 le<\/p>\n<p>            5 ao\u00fbt 2025 \u00e0 23h18<br \/>\n        ; mis \u00e0 jour le 5 ao\u00fbt 2025 \u00e0 23h29    <\/p>\n<p><strong>Un incendie impressionnant<\/strong> s\u2019est d\u00e9clar\u00e9 ce mardi 5\u00a0ao\u00fbt <strong>dans l\u2019Aude.<\/strong> Malgr\u00e9 des moyens colossaux, les flammes, attis\u00e9es par la tramontane sont toujours hors de contr\u00f4le, en fin de soir\u00e9e, et <a href=\"https:\/\/actu.fr\/occitanie\/ribaute_11311\/catastrophe-dans-l-aude-un-incendie-tres-virulent-est-en-cours-la-tramontane-attise-les-flammes_63000925.html\" rel=\"nofollow noopener\" target=\"_blank\">au moins 8\u2009000 hectares ont \u00e9t\u00e9 ravag\u00e9s<\/a> par le feu. Dans les <strong>Pyr\u00e9n\u00e9es-Orientales,<\/strong> un immense nuage de fum\u00e9e a envahi une grande partie du d\u00e9partement. Et la pr\u00e9fecture vient d\u2019annoncer <strong>la fermeture de plusieurs routes.<\/strong><\/p>\n<p>Deux routes d\u00e9partementales ferm\u00e9es<\/p>\n<p class=\" wall-content\">Depuis 23h, ce mardi, \u00ab\u2009la route d\u00e9partementale <strong>RD 900<\/strong> est ferm\u00e9e <strong>\u00e0 partir de Claira<\/strong> direction Narbonne\u2009\u00bb et \u00ab\u2009la <strong>RD83<\/strong> est ferm\u00e9e apr\u00e8s la sortie 15 <strong>Le Barcar\u00e8s<\/strong>, en direction de Leucate\u2009\u00bb, informent les services de l\u2019\u00c9tat, dans un communiqu\u00e9.<\/p>\n<p class=\" wall-content\">Pour rappel, <strong>l\u2019autoroute A9 est \u00e9galement ferm\u00e9e<\/strong> dans les deux sens, entre Perpignan et Narbonne\u2009:<\/p>\n<ul class=\" wall-content\">\n<li>Sens Espagne-France\u2009: sortie obligatoire \u00e0 Perpignan Nord<\/li>\n<li>Sens France-Espagne\u2009: sortie obligatoire \u00e0 Narbonne et pas d\u2019entr\u00e9e possible avant Perpignan Nord<\/li>\n<\/ul>\n<p>    <a href=\"https:\/\/www.facebook.com\/plugins\/post.php?href=https%3A%2F%2Fwww.facebook.com%2FPrefet66%2Fposts%2Fpfbid025TEZ9oMCzXKorr3efi4p1pHQaS8QNwyHggDDewmHPUqUL2PneQaVxCLtQsN5gtXWl&amp;show_text=true&amp;width=350\" title=\"Ouvrie le lien\" rel=\"nofollow noopener\" target=\"_blank\">Cliquez ici pour visualiser le contenu<\/a><\/p>\n<p class=\" wall-content\">Plus d\u2019informations \u00e0 venir\u2026<\/p>\n<p class=\" wall-content\">Suivez toute l\u2019actualit\u00e9 de vos villes et m\u00e9dias favoris en vous inscrivant \u00e0 <a href=\"https:\/\/moncompte.actu.fr\" title=\"D\u00e9couvez Mon Actu\" rel=\"nofollow noopener\" data-trk=\"{&quot;cta&quot;:{&quot;action&quot;:&quot;https:\\\/\\\/moncompte.actu.fr&quot;,&quot;category&quot;:&quot;mon compte&quot;,&quot;from&quot;:&quot;article footer&quot;,&quot;name&quot;:&quot;Mon actu&quot;,&quot;type&quot;:&quot;cta&quot;}}\" target=\"_blank\">Mon Actu<\/a>.<\/p>\n","protected":false},"excerpt":{"rendered":"Par Emilien Vicens Publi\u00e9 le 5 ao\u00fbt 2025 \u00e0 23h18 ; mis \u00e0 jour le 5 ao\u00fbt 2025&hellip;\n","protected":false},"author":2,"featured_media":299325,"comment_status":"","ping_status":"","sticky":false,"template":"","format":"standard","meta":{"footnotes":""},"categories":[2],"tags":[11,1011,27,1310,12,1311,104],"class_list":{"0":"post-299324","1":"post","2":"type-post","3":"status-publish","4":"format-standard","5":"has-post-thumbnail","7":"category-actualites","8":"tag-actualites","9":"tag-fr","10":"tag-france","11":"tag-incendie","12":"tag-news","13":"tag-pompiers","14":"tag-societe"},"share_on_mastodon":{"url":"https:\/\/pubeurope.com\/@fr\/114979260506904512","error":""},"_links":{"self":[{"href":"https:\/\/www.europesays.com\/fr\/wp-json\/wp\/v2\/posts\/299324","targetHints":{"allow":["GET"]}}],"collection":[{"href":"https:\/\/www.europesays.com\/fr\/wp-json\/wp\/v2\/posts"}],"about":[{"href":"https:\/\/www.europesays.com\/fr\/wp-json\/wp\/v2\/types\/post"}],"author":[{"embeddable":true,"href":"https:\/\/www.europesays.com\/fr\/wp-json\/wp\/v2\/users\/2"}],"replies":[{"embeddable":true,"href":"https:\/\/www.europesays.com\/fr\/wp-json\/wp\/v2\/comments?post=299324"}],"version-history":[{"count":0,"href":"https:\/\/www.europesays.com\/fr\/wp-json\/wp\/v2\/posts\/299324\/revisions"}],"wp:featuredmedia":[{"embeddable":true,"href":"https:\/\/www.europesays.com\/fr\/wp-json\/wp\/v2\/media\/299325"}],"wp:attachment":[{"href":"https:\/\/www.europesays.com\/fr\/wp-json\/wp\/v2\/media?parent=299324"}],"wp:term":[{"taxonomy":"category","embeddable":true,"href":"https:\/\/www.europesays.com\/fr\/wp-json\/wp\/v2\/categories?post=299324"},{"taxonomy":"post_tag","embeddable":true,"href":"https:\/\/www.europesays.com\/fr\/wp-json\/wp\/v2\/tags?post=299324"}],"curies":[{"name":"wp","href":"https:\/\/api.w.org\/{rel}","templated":true}]}}