{"id":299330,"date":"2025-08-06T01:50:42","date_gmt":"2025-08-06T01:50:42","guid":{"rendered":"https:\/\/www.europesays.com\/fr\/299330\/"},"modified":"2025-08-06T01:50:42","modified_gmt":"2025-08-06T01:50:42","slug":"en-images-hockey-sur-glace-du-monde-en-tribunes-des-sourires-les-debuts-des-recrues-revivez-la-reprise-des-bruleurs-de-loups","status":"publish","type":"post","link":"https:\/\/www.europesays.com\/fr\/299330\/","title":{"rendered":"En images &#8211; Hockey sur glace. Du monde en tribunes, des sourires, les d\u00e9buts des recrues : revivez la reprise des Br\u00fbleurs de loups"},"content":{"rendered":"<p>S&rsquo;il faisait un peu chaud ce lundi matin \u00e0 Grenoble, du c\u00f4t\u00e9 de la patinoire Polesud les temp\u00e9ratures \u00e9taient plus agr\u00e9ables, mais cela n&rsquo;a pas dur\u00e9 tr\u00e8s longtemps avec l&rsquo;arriv\u00e9e des Br\u00fbleurs de loups. Les hockeyeurs ont fait grimper le thermostat pour leur premier entrainement de la saison, pour le plus grand plaisir des fans pr\u00e9sents pour cette occasion. Retour en images.\u00a0<\/p>\n","protected":false},"excerpt":{"rendered":"S&rsquo;il faisait un peu chaud ce lundi matin \u00e0 Grenoble, du c\u00f4t\u00e9 de la patinoire Polesud les temp\u00e9ratures&hellip;\n","protected":false},"author":2,"featured_media":299331,"comment_status":"","ping_status":"","sticky":false,"template":"","format":"standard","meta":{"footnotes":""},"categories":[9566],"tags":[1111,11,2430,112,1777,674,107,1701,1011,27,329,5325,2798,9540,2731,2732,4133,10145,108,10146,1985,12,25,517,1947],"class_list":{"0":"post-299330","1":"post","2":"type-post","3":"status-publish","4":"format-standard","5":"has-post-thumbnail","7":"category-grenoble","8":"tag-actu","9":"tag-actualites","10":"tag-auvergne-rhone-alpes","11":"tag-edition-grenoble-agglomeration","12":"tag-eu","13":"tag-europe","14":"tag-fil-info","15":"tag-fil-info-sport","16":"tag-fr","17":"tag-france","18":"tag-france-monde","19":"tag-galerie-media","20":"tag-galerie-photo","21":"tag-galerie-sport","22":"tag-grenoble","23":"tag-grenoble-bassin","24":"tag-hockey-sur-glace","25":"tag-hockey-sur-glace-grenoble","26":"tag-isere","27":"tag-ligue-magnus-hockey-sur-glace","28":"tag-metropole-de-grenoble","29":"tag-news","30":"tag-republique-francaise","31":"tag-sport","32":"tag-sport-national"},"share_on_mastodon":{"url":"https:\/\/pubeurope.com\/@fr\/114979315559565317","error":""},"_links":{"self":[{"href":"https:\/\/www.europesays.com\/fr\/wp-json\/wp\/v2\/posts\/299330","targetHints":{"allow":["GET"]}}],"collection":[{"href":"https:\/\/www.europesays.com\/fr\/wp-json\/wp\/v2\/posts"}],"about":[{"href":"https:\/\/www.europesays.com\/fr\/wp-json\/wp\/v2\/types\/post"}],"author":[{"embeddable":true,"href":"https:\/\/www.europesays.com\/fr\/wp-json\/wp\/v2\/users\/2"}],"replies":[{"embeddable":true,"href":"https:\/\/www.europesays.com\/fr\/wp-json\/wp\/v2\/comments?post=299330"}],"version-history":[{"count":0,"href":"https:\/\/www.europesays.com\/fr\/wp-json\/wp\/v2\/posts\/299330\/revisions"}],"wp:featuredmedia":[{"embeddable":true,"href":"https:\/\/www.europesays.com\/fr\/wp-json\/wp\/v2\/media\/299331"}],"wp:attachment":[{"href":"https:\/\/www.europesays.com\/fr\/wp-json\/wp\/v2\/media?parent=299330"}],"wp:term":[{"taxonomy":"category","embeddable":true,"href":"https:\/\/www.europesays.com\/fr\/wp-json\/wp\/v2\/categories?post=299330"},{"taxonomy":"post_tag","embeddable":true,"href":"https:\/\/www.europesays.com\/fr\/wp-json\/wp\/v2\/tags?post=299330"}],"curies":[{"name":"wp","href":"https:\/\/api.w.org\/{rel}","templated":true}]}}