{"id":299340,"date":"2025-08-06T01:57:46","date_gmt":"2025-08-06T01:57:46","guid":{"rendered":"https:\/\/www.europesays.com\/fr\/299340\/"},"modified":"2025-08-06T01:57:46","modified_gmt":"2025-08-06T01:57:46","slug":"en-images-lincendie-dun-chateau-desaffecte-pres-de-nantes-mobilise-les-pompiers-toute-la-maville","status":"publish","type":"post","link":"https:\/\/www.europesays.com\/fr\/299340\/","title":{"rendered":"EN IMAGES. L\u2019incendie d\u2019un ch\u00e2teau d\u00e9saffect\u00e9 pr\u00e8s de Nantes mobilise les pompiers toute la &#8211; Maville"},"content":{"rendered":"<ol>\n<li><a href=\"https:\/\/news.google.com\/rss\/articles\/CBMi4gFBVV95cUxPOFlmaUdYZTJaeHZzcUpmQWd1Y2kxX2xGMV9wV1JfbHFzbV9iRUpFZXJYODB0eUcyVDlNdklwbDRJWmp5M3FXUmZKMlA5Ny1uMVgzZTJQaC1QOG90YXB2ZTJXS0phdWVuemhpV0Uwc1R6bEVnZDZrdTVYRWZabG9LU1FoLTRDVmg5bWcyLXAyNWt2cE8wOHk2MGxjcmh2UUVVQ013V1piUmNrSGRhMS1yOUo3eWtfNFFrazlwd2xZU01UWHQtQTNEc1VOdDZNWGZ0RDFYdVdPbEhKYTBBTDQzU1pR?oc=5\" target=\"_blank\" rel=\"noopener\">EN IMAGES. L\u2019incendie d\u2019un ch\u00e2teau d\u00e9saffect\u00e9 pr\u00e8s de Nantes mobilise les pompiers toute la<\/a>&nbsp;&nbsp;Maville<\/li>\n<li><a href=\"https:\/\/news.google.com\/rss\/articles\/CBMivwFBVV95cUxPTnFVUXhIRGFLRjZrVDlDUmtWOW9JTWpfUUxqbG5fWV9ybi02Y29PTk5QWHp3S3NBZWxtY2FvamRUWmNMRnRVSWd6TzA0bmhYcUxKSE5OeG9NaEpCYi1aeVotelhXUG9ST1FZTU1YbExGaEZacnB4M0pNc3lpSE5BOHJYOVNzTE9qUG1xSmF0d2Jsck1Ma2VkS0x6S2paV0RpcTVIbDJmaWZkb3lhSS1Ua0Q5Y0pwYmVvODhxRUlTbw?oc=5\" target=\"_blank\" rel=\"noopener\">Incendie dans un ch\u00e2teau du XIXe si\u00e8cle pr\u00e8s de Nantes : des rondes de surveillance pr\u00e9vues dans la soir\u00e9e<\/a>&nbsp;&nbsp;Le Figaro<\/li>\n<li><a href=\"https:\/\/news.google.com\/rss\/articles\/CBMiiAJBVV95cUxQTzBRX2hrNXJCY0dCSVVyTDR3YVo5LXVNbHJKa3p5ZmRnU1EwamdQbVlXZnVqZ2c5dEFQT3RWQmdzUW5qZ2hlbmZDUk1yT25fMUhka051SkZUZThvTTMxRWJkZV94Q3otM1VnV0FfSmFGMDhJRFB5aHpJeXFmNlZqd0E4cGdJRWRMaUhqX25ac0FYSEJ1SUU0OGZYQjVjSFBzMUxDSzl2ZWlRaTBUMWZwa1lLR3hZUXhneTBUQldiWW1mOEY0S1hCQ3JseWhCVXlBNGlIWUtpajdWSTRpQkVYSk5LTXJRSFdpOVhweDM2aERWNzdBZlFYOFVIMTZsYXFqcVBncFJhdmg?oc=5\" target=\"_blank\" rel=\"noopener\">Le ch\u00e2teau de Bougon \u00e0 Bouguenais a donn\u00e9 son premier nom \u00e0 l&rsquo;a\u00e9roport de Nantes, son acc\u00e8s est interdit apr\u00e8s un feu<\/a>&nbsp;&nbsp;francebleu.fr<\/li>\n<li><a href=\"https:\/\/news.google.com\/rss\/articles\/CBMigwJBVV95cUxQS0tEQzFsRDhvVVByc0I2X2hud0NiUWNheGh4eEozX1d2N0ZjcFNWNlduZWtPcXAxUjBsUFFzT3QzY2UxcTMzc3U5cy1QMWQzQXhsVEtCRXB5bXVOWkxzWHYzcF9IUnJzVVpMQmo4djRucXgyM0RneHcyTDZ6WmRWRnAtVFNuS3RmM2FCd3JsUldKcVk4d2JNTUdTbnhEc0F0NVB1Z1hCSXUxOTZuS252Rk5welZ1akdDQ0tRYnNObWJNbzhKZUJtTERhTl9CUEJJSWowMmFHWmQwRFgwZHpIODZGQ3JNcjN1Z3Z3d2pPcHpGWThMajYzaC1faHozTVdlc19F?oc=5\" target=\"_blank\" rel=\"noopener\">Le ch\u00e2teau pr\u00e8s de Nantes, ravag\u00e9 par le feu, attirait des photographes f\u00e9rus de lieux oubli\u00e9s<\/a>&nbsp;&nbsp;Ouest-France<\/li>\n<li><a href=\"https:\/\/news.google.com\/rss\/articles\/CBMipgJBVV95cUxNLWpuNUtoMHQ1Q20wSTRSbndSeGpNMDJGSzNsVnV6RzVLLUdheHFhZ1dVMWhFRGFxejY4Y1B4bkpDSXlTWDU3bTZMUDlJak5TQ014UzJCaUR1ZFN2ZGZGRUFNZ0hidWhMY2stbmhIRDdPY0VjMGRtLUplcFpmVHJ5aGhDVF9rOFBmbG92Y1RrVmtvcXhmd2RFVHp2ekItcC1sRkR1VFpWakVzSjBzOVcyQkViUW02eWFKaEV3UkNhcnNBTnVvMk40NTRUaHZZQTF3WGx5Q21vUjlrX2tJTmZqamNqLWloaGUxVlJteFA0NHZGd3pFZElqSkVLV3FJeUptbkNRTXVSZ0FBU251cWE2dEltMnc3SVFnQWg1ODl2RlJIOEhkUEE?oc=5\" target=\"_blank\" rel=\"noopener\">Apr\u00e8s son incendie, le ch\u00e2teau de Bougon, sur l&#8217;emprise de l&rsquo;a\u00e9roport Nantes-Atlantique, menace de s&rsquo;effondrer<\/a>&nbsp;&nbsp;France 3 R\u00e9gions<\/li>\n<\/ol>\n","protected":false},"excerpt":{"rendered":"EN IMAGES. L\u2019incendie d\u2019un ch\u00e2teau d\u00e9saffect\u00e9 pr\u00e8s de Nantes mobilise les pompiers toute la&nbsp;&nbsp;Maville Incendie dans un ch\u00e2teau&hellip;\n","protected":false},"author":2,"featured_media":299132,"comment_status":"","ping_status":"","sticky":false,"template":"","format":"standard","meta":{"footnotes":""},"categories":[2818],"tags":[1111,11,5492,4811,43943,1777,674,1011,27,4430,1310,9873,766,12,293,2636,1311,3762,25],"class_list":{"0":"post-299340","1":"post","2":"type-post","3":"status-publish","4":"format-standard","5":"has-post-thumbnail","7":"category-nantes","8":"tag-actu","9":"tag-actualites","10":"tag-caen","11":"tag-chateau","12":"tag-desaffecte","13":"tag-eu","14":"tag-europe","15":"tag-fr","16":"tag-france","17":"tag-images","18":"tag-incendie","19":"tag-mobilise","20":"tag-nantes","21":"tag-news","22":"tag-nuit","23":"tag-pays-de-la-loire","24":"tag-pompiers","25":"tag-pres","26":"tag-republique-francaise"},"share_on_mastodon":{"url":"https:\/\/pubeurope.com\/@fr\/114979347040797951","error":""},"_links":{"self":[{"href":"https:\/\/www.europesays.com\/fr\/wp-json\/wp\/v2\/posts\/299340","targetHints":{"allow":["GET"]}}],"collection":[{"href":"https:\/\/www.europesays.com\/fr\/wp-json\/wp\/v2\/posts"}],"about":[{"href":"https:\/\/www.europesays.com\/fr\/wp-json\/wp\/v2\/types\/post"}],"author":[{"embeddable":true,"href":"https:\/\/www.europesays.com\/fr\/wp-json\/wp\/v2\/users\/2"}],"replies":[{"embeddable":true,"href":"https:\/\/www.europesays.com\/fr\/wp-json\/wp\/v2\/comments?post=299340"}],"version-history":[{"count":0,"href":"https:\/\/www.europesays.com\/fr\/wp-json\/wp\/v2\/posts\/299340\/revisions"}],"wp:featuredmedia":[{"embeddable":true,"href":"https:\/\/www.europesays.com\/fr\/wp-json\/wp\/v2\/media\/299132"}],"wp:attachment":[{"href":"https:\/\/www.europesays.com\/fr\/wp-json\/wp\/v2\/media?parent=299340"}],"wp:term":[{"taxonomy":"category","embeddable":true,"href":"https:\/\/www.europesays.com\/fr\/wp-json\/wp\/v2\/categories?post=299340"},{"taxonomy":"post_tag","embeddable":true,"href":"https:\/\/www.europesays.com\/fr\/wp-json\/wp\/v2\/tags?post=299340"}],"curies":[{"name":"wp","href":"https:\/\/api.w.org\/{rel}","templated":true}]}}