{"id":299361,"date":"2025-08-06T02:12:14","date_gmt":"2025-08-06T02:12:14","guid":{"rendered":"https:\/\/www.europesays.com\/fr\/299361\/"},"modified":"2025-08-06T02:12:14","modified_gmt":"2025-08-06T02:12:14","slug":"un-terroriste-maintenu-en-detention-malgre-la-fin-de-sa-peine-une-situation-abusive-si-elle-dure-longtemps-estime-son-avocat","status":"publish","type":"post","link":"https:\/\/www.europesays.com\/fr\/299361\/","title":{"rendered":"Un terroriste maintenu en d\u00e9tention malgr\u00e9 la fin de sa peine, une situation \u00ab\u00a0abusive si elle dure longtemps\u00a0\u00bb estime son avocat"},"content":{"rendered":"<p class=\"article__intro\">Boualem Bensa\u00efd, emprisonn\u00e9 \u00e0 Ensisheim (Haut-Rhin) pour avoir pos\u00e9 une bombe dans le RER B en 1995, aurait d\u00fb \u00eatre lib\u00e9r\u00e9 le 1er ao\u00fbt. Mais sa lib\u00e9ration est conditionn\u00e9e \u00e0 la d\u00e9livrance d&rsquo;un laissez-passer consulaire, en pleines tensions diplomatiques avec Alger. Son avocat prend la parole.<\/p>\n<p>\n      La Quotidienne Soci\u00e9t\u00e9\n    <\/p>\n<p>\n      De la vie quotidienne aux grands enjeux, recevez tous les jours les sujets qui font la soci\u00e9t\u00e9 locale, comme la justice, l\u2019\u00e9ducation, la sant\u00e9 et la famille.\n    <\/p>\n<p>    France T\u00e9l\u00e9visions utilise votre adresse e-mail afin de vous envoyer la newsletter \u00ab\u00a0La Quotidienne Soci\u00e9t\u00e9\u00a0\u00bb. Vous pouvez vous d\u00e9sinscrire \u00e0 tout moment via le lien en bas de cette newsletter. <a target=\"_blank\" href=\"https:\/\/www.francetelevisions.fr\/groupe\/confidentialite\/politique-de-confidentialite\/politique-de-confidentialite-de-france-televisions-6503\" rel=\"nofollow noopener\">Notre politique de confidentialit\u00e9<\/a><\/p>\n<p>Le 25 juillet 1995, une bombe explosait dans le RER B \u00e0 la station Saint-Michel, faisant dix morts et pr\u00e8s de 190 bless\u00e9s. Un peu plus de 30 ans plus tard, celui qui est consid\u00e9r\u00e9 comme le coordinateur de l&rsquo;attentat pourrait sortir de prison d&rsquo;un jour \u00e0 l&rsquo;autre. L&rsquo;Alg\u00e9rien Boualem Bensa\u00efd, aujourd&rsquo;hui \u00e2g\u00e9 de 57 ans, avait certes \u00e9t\u00e9 condamn\u00e9 \u00e0 la prison \u00e0 perp\u00e9tuit\u00e9 en 2002, mais avec une p\u00e9riode de s\u00fbret\u00e9 de 22 ans. La cour d&rsquo;appel de Paris a donn\u00e9 son feu vert le 10 juillet pour une nouvelle demande de lib\u00e9ration, sous condition d&rsquo;expulsion vers l&rsquo;Alg\u00e9rie dans la foul\u00e9e de sa remise en libert\u00e9, avec interdiction de revenir en France.<\/p>\n<p>Mais depuis le 1er ao\u00fbt, date suppos\u00e9e de sa lib\u00e9ration, Boualem Bensa\u00efd reste derri\u00e8re les barreaux de la prison d&rsquo;Ensisheim, dans le Haut-Rhin. \u00ab\u00a0On attend la fum\u00e9e blanche d&rsquo;Alger\u00a0\u00bb, confirme aupr\u00e8s de France 3 Alsace Romain Ruiz, avocat du d\u00e9tenu. Il dit \u00ab\u00a0garder confiance dans la bonne volont\u00e9 des autorit\u00e9s alg\u00e9riennes\u00a0\u00bb et attendre d\u00e8s cette semaine le laissez-passer consulaire qui permettrait \u00e0 son client de sortir de prison et de regagner son pays d&rsquo;origine.<\/p>\n<p>Pourtant, les voyants ne sont pas forc\u00e9ment au vert pour une \u00e9ventuelle issue rapide. Les tensions diplomatiques entre la France et l&rsquo;Alg\u00e9rie pourraient retarder le processus. \u00ab\u00a0\u00c7a fait des mois qu&rsquo;Alger n&rsquo;accepte plus personne de la liste des individus que la France veut expulser vers l&rsquo;Alg\u00e9rie, <a href=\"https:\/\/www.franceinfo.fr\/politique\/retour-de-boualem-bensaid-en-algerie-c-est-une-obligation-qui-incombe-aux-autorites-algeriennes-affirme-le-ministre-des-affaires-etrangeres_7411588.html\" target=\"_blank\" rel=\"noopener nofollow\">expliquait sur France Info<\/a> le 1er ao\u00fbt le ministre des Affaires \u00e9trang\u00e8res Jean-No\u00ebl Barrot. Dans ce cas particulier, je crois que l&rsquo;Alg\u00e9rie montrerait son sens des responsabilit\u00e9s en reprenant son ressortissant.\u00a0\u00bb<\/p>\n<p>Conscient de ce contexte diplomatique potentiellement d\u00e9favorable pour son client, Romain Ruiz assure que si la situation n&rsquo;a pas boug\u00e9 d&rsquo;ici la fin de la semaine, \u00ab\u00a0il est possible que notre attitude \u00e9volue\u00a0\u00bb. \u00ab\u00a0Je pourrai poursuivre la pr\u00e9fecture du Haut-Rhin (repr\u00e9sentant de l&rsquo;Etat dans le d\u00e9partement o\u00f9 son client est d\u00e9tenu, NDLR) d&rsquo;un c\u00f4t\u00e9, et faire une nouvelle demande de lib\u00e9ration de l&rsquo;autre, tout en demandant \u00e0 ce qu&rsquo;il puisse quitter la France par ses propres moyens. Mais pour l&rsquo;instant, il est trop t\u00f4t. Nous sommes encore dans les d\u00e9lais normaux pour obtenir un laissez-passer.\u00a0\u00bb Selon lui, nous serions actuellement dans \u00ab\u00a0une situation de non-droit, o\u00f9 le diplomatique tient le juridique en otage, et o\u00f9 un homme reste en prison alors qu&rsquo;il n&rsquo;a rien \u00e0 faire l\u00e0.\u00a0\u00bb Le <a href=\"https:\/\/www.legifrance.gouv.fr\/codes\/article_lc\/LEGIARTI000032172294\" target=\"_blank\" rel=\"noopener nofollow\">code de proc\u00e9dure p\u00e9nale<\/a> pr\u00e9voit pourtant bien que lorsqu&rsquo;un d\u00e9tenu fait l&rsquo;objet d&rsquo;une interdiction du territoire fran\u00e7ais, comme c&rsquo;est le cas de Bensa\u00efd, sa lib\u00e9ration conditionnelle est li\u00e9e au fait qu&rsquo;il sera \u00e9loign\u00e9 du territoire fran\u00e7ais une fois lib\u00e9r\u00e9.<\/p>\n<p><a data-article-figure=\"\" href=\"https:\/\/france3-regions.franceinfo.fr\/image\/7jSf_IFlNNKLuOhhiLwk257TNWI\/2048x1525\/regions\/2025\/08\/05\/maxnewsworldtwo468687-6891df2b53e87978340243.jpg\" data-pswp-width=\"2048\" data-pswp-height=\"1525\" target=\"_blank\" rel=\"nofollow noopener\"><\/p>\n<p>          <img width=\"600\" height=\"400\" class=\"article-image lazy\" data-src=\"https:\/\/www.europesays.com\/fr\/wp-content\/uploads\/2025\/08\/maxnewsworldtwo468687-6891df2b53e87978340243.jpg\" alt=\"Le 25 juillet 1995 \u00e0 17 heures, une bombe explose dans la sixi\u00e8me voiture d'un train de la ligne du RER B, \u00e0 Paris (Photo d'archive)\" fetchpriority=\"high\" as=\"image\"\/><\/p>\n<p>\n            Le 25 juillet 1995 \u00e0 17 heures, une bombe explose dans la sixi\u00e8me voiture d&rsquo;un train de la ligne du RER B, \u00e0 Paris (Photo d&rsquo;archive)<br \/>\n                           \u2022<br \/>\n                                      \u00a9 A. ANDUREAU \/ MAXPPP\n                      <\/p>\n<p><\/a><\/p>\n<p>Avant la d\u00e9cision de la cour d&rsquo;appel de Paris, la justice fran\u00e7aise avait refus\u00e9 en 2020, puis en 2022, de lib\u00e9rer l&rsquo;auteur des attentats de 1995. Sa demande de 2025 avait d&rsquo;ailleurs d&rsquo;abord \u00e9t\u00e9 rejet\u00e9e par la Cour de Cassation le 7 mai. Le 1er ao\u00fbt,<a href=\"https:\/\/www.radiofrance.fr\/franceinfo\/podcasts\/les-documents-franceinfo\/attentats-de-1995-boualem-bensaid-est-sans-aucun-doute-le-chef-pas-un-executant-affirme-le-juge-instructeur-4170329\" target=\"_blank\" rel=\"noopener nofollow\"> interrog\u00e9 par France Info<\/a> pour r\u00e9agir \u00e0 cette lib\u00e9ration anticip\u00e9e, le juge instructeur du dossier des attentats de 1995 n&rsquo;a pas h\u00e9sit\u00e9 \u00e0 insister sur le caract\u00e8re \u00ab\u00a0violent\u00a0\u00bb de Boualem Bensa\u00efd. \u00ab\u00a0\u00c0 plusieurs reprises, j&rsquo;ai \u00e9chou\u00e9 \u00e0 le faire rentrer dans mon bureau, se souvient Jean-Fran\u00e7ois Ricard, eu \u00e9gard \u00e0 sa violence extr\u00eame, il fallait un nombre de gendarmes extr\u00eamement important pour simplement le faire rentrer dans ce bureau.\u00a0\u00bb<\/p>\n<p>Avant sa condamnation \u00e0 perp\u00e9tuit\u00e9 en 2022 pour l&rsquo;attentat du RER B, il avait d\u00e9j\u00e0 \u00e9t\u00e9 condamn\u00e9 \u00e0 30 ans de r\u00e9clusion criminelle pour une tentative d&rsquo;attentat en 1995 contre un TGV Lyon-Paris. Historiquement, Bensa\u00efd est celui qui a marqu\u00e9 l&rsquo;\u00e9mergence d&rsquo;une nouvelle forme de terrorisme en France, comme l&rsquo;explique Jean-Fran\u00e7ois Ricard. \u00ab\u00a0Le djihadisme est un ph\u00e9nom\u00e8ne nouveau [\u00e0 l&rsquo;\u00e9poque], en tout cas que nous connaissions depuis tr\u00e8s peu de temps en France. On a construit toute une s\u00e9rie d&rsquo;outils pour les attentats, pour les dossiers d&rsquo;instruction de malfaiteurs, pour les r\u00e9seaux, \u00e0 partir de cette p\u00e9riode.\u00a0\u00bb<\/p>\n<p>La perspective de voir Boualem Bensa\u00efd libre, m\u00eame hors du pays, ne r\u00e9jouit pas les survivants des attentats. \u00ab\u00a0J&rsquo;ai toujours le bruit de la bombe, confie Martine Boutros-Lescoat <a href=\"https:\/\/www.radiofrance.fr\/franceinter\/podcasts\/l-info-de-france-inter\/l-info-de-france-inter-6530171\" target=\"_blank\" rel=\"noopener nofollow\">\u00e0 nos confr\u00e8res de France Inter.<\/a> Je dors toujours qu&rsquo;avec des cachets. Je r\u00eave de Saint-Michel. Cette semaine encore, j&rsquo;ai r\u00eav\u00e9 de la RATP, parce que \u00e7a me r\u00e9veille&#8230; et puis des cauchemars\u00a0\u00bb, t\u00e9moigne-t-elle. Elle se dit \u00ab\u00a0\u00e9tonn\u00e9e\u00a0\u00bb par cette d\u00e9cision de justice. \u00ab\u00a0Je pensais qu&rsquo;il serait rest\u00e9 jusqu&rsquo;\u00e0 la fin de sa vie\u00a0\u00bb en prison.<\/p>\n<p>En France, la justice peut d\u00e9cider de la lib\u00e9ration conditionnelle d&rsquo;un d\u00e9tenu condamn\u00e9 \u00e0 perp\u00e9tuit\u00e9 une fois sa \u00ab\u00a0p\u00e9riode de s\u00fbret\u00e9\u00a0\u00bb expir\u00e9e. Celle-ci est fix\u00e9e aux deux tiers de la peine, et peut aller jusqu&rsquo;\u00e0 22 ans pour les personnes condamn\u00e9es \u00e0 la r\u00e9clusion \u00e0 perp\u00e9tuit\u00e9, comme Boualem Bensa\u00efd.<\/p>\n","protected":false},"excerpt":{"rendered":"Boualem Bensa\u00efd, emprisonn\u00e9 \u00e0 Ensisheim (Haut-Rhin) pour avoir pos\u00e9 une bombe dans le RER B en 1995, aurait&hellip;\n","protected":false},"author":2,"featured_media":299362,"comment_status":"","ping_status":"","sticky":false,"template":"","format":"standard","meta":{"footnotes":""},"categories":[1888],"tags":[1111,1928,11,1927,1777,674,1011,27,12,1926,626,1925,25],"class_list":{"0":"post-299361","1":"post","2":"type-post","3":"status-publish","4":"format-standard","5":"has-post-thumbnail","7":"category-paris","8":"tag-actu","9":"tag-actu-paris","10":"tag-actualites","11":"tag-actualites-paris","12":"tag-eu","13":"tag-europe","14":"tag-fr","15":"tag-france","16":"tag-news","17":"tag-news-paris","18":"tag-paris","19":"tag-paris-news","20":"tag-republique-francaise"},"share_on_mastodon":{"url":"https:\/\/pubeurope.com\/@fr\/114979402120813286","error":""},"_links":{"self":[{"href":"https:\/\/www.europesays.com\/fr\/wp-json\/wp\/v2\/posts\/299361","targetHints":{"allow":["GET"]}}],"collection":[{"href":"https:\/\/www.europesays.com\/fr\/wp-json\/wp\/v2\/posts"}],"about":[{"href":"https:\/\/www.europesays.com\/fr\/wp-json\/wp\/v2\/types\/post"}],"author":[{"embeddable":true,"href":"https:\/\/www.europesays.com\/fr\/wp-json\/wp\/v2\/users\/2"}],"replies":[{"embeddable":true,"href":"https:\/\/www.europesays.com\/fr\/wp-json\/wp\/v2\/comments?post=299361"}],"version-history":[{"count":0,"href":"https:\/\/www.europesays.com\/fr\/wp-json\/wp\/v2\/posts\/299361\/revisions"}],"wp:featuredmedia":[{"embeddable":true,"href":"https:\/\/www.europesays.com\/fr\/wp-json\/wp\/v2\/media\/299362"}],"wp:attachment":[{"href":"https:\/\/www.europesays.com\/fr\/wp-json\/wp\/v2\/media?parent=299361"}],"wp:term":[{"taxonomy":"category","embeddable":true,"href":"https:\/\/www.europesays.com\/fr\/wp-json\/wp\/v2\/categories?post=299361"},{"taxonomy":"post_tag","embeddable":true,"href":"https:\/\/www.europesays.com\/fr\/wp-json\/wp\/v2\/tags?post=299361"}],"curies":[{"name":"wp","href":"https:\/\/api.w.org\/{rel}","templated":true}]}}