{"id":299363,"date":"2025-08-06T02:13:20","date_gmt":"2025-08-06T02:13:20","guid":{"rendered":"https:\/\/www.europesays.com\/fr\/299363\/"},"modified":"2025-08-06T02:13:20","modified_gmt":"2025-08-06T02:13:20","slug":"paris-les-baignades-dans-la-seine-bien-perturbees-par-les-pluies-de-juillet","status":"publish","type":"post","link":"https:\/\/www.europesays.com\/fr\/299363\/","title":{"rendered":"Paris\u00a0: les baignades dans la Seine bien perturb\u00e9es par les pluies de juillet"},"content":{"rendered":"<p>Les trois espaces de baignade ouverts d\u00e9but juillet dans la Seine ont p\u00e2ti des pluies estivales mais ont accueilli plus de 35.000 personnes depuis leur ouverture, selon la mairie de Paris ce mardi.<\/p>\n<p>Il aura fallu attendre pr\u00e8s de quarante ans apr\u00e8s la premi\u00e8re annonce pour que ce soit faisable. La baignade dans la Seine est d\u00e9sormais possible depuis le 5 juillet. <strong>Les trois sites (Bras Marie, Grenelle, Bercy) ont d\u00e9j\u00e0 accueilli plus de 35000 personnes malgr\u00e9 les fortes pluies<\/strong>, \u00e0 plus de 20 mm, qui se sont abattues sur Paris au cours du mois de juillet. En raison de ces intemp\u00e9ries, les bassins ont \u00e9t\u00e9 ferm\u00e9es 13 jours et ouverts 18 jours. Le site de Bercy a \u00e9t\u00e9 le plus impact\u00e9, explique la mairie de Paris ce mardi.<\/p>\n<p>Fr\u00e9quent\u00e9s par des parisiens, mais aussi par des touristes, les bassins connaissent une forte affluence. Un syst\u00e8me de bracelets est d&rsquo;ores et d\u00e9j\u00e0 pr\u00e9vu en cas de file d&rsquo;attente. <strong>\u00c0<\/strong>\u00a0<strong>ce jour, la plus forte fr\u00e9quentation journali\u00e8re a \u00e9t\u00e9 de 5.700 personnes le 13 juillet.<\/strong> L&rsquo;ouverture \u00e0 la baignade dans la Seine gr\u00e2ce \u00e0 sa d\u00e9pollution \u00e9tait une promesse de la maire de Paris, Anne Hidalgo. Durant les JO de Paris 2024, plusieurs comp\u00e9titions s&rsquo;\u00e9taient tenues dans la Seine, inaugurant ainsi la possibilit\u00e9 de nager dans le fleuve.<\/p>\n<p>\u00c0 lire aussi   <img decoding=\"async\" src=\"https:\/\/www.europesays.com\/fr\/wp-content\/uploads\/2025\/08\/560x315_sc_maxnewsspecial893470.jpg\" alt=\"Tous les baigneurs devront tester leurs capacit\u00e9s \u00e0 nager dans la Seine avant d'acc\u00e9der au fleuve.\" style=\"--_image-preview:url('data:image\/jpeg;base64,\/9j\/2wBDACgcHiMeGSgjISMtKygwPGRBPDc3PHtYXUlkkYCZlo+AjIqgtObDoKrarYqMyP\/L2u71\/\/\/\/m8H\/\/\/\/6\/+b9\/\/j\/2wBDASstLTw1PHZBQXb4pYyl+Pj4+Pj4+Pj4+Pj4+Pj4+Pj4+Pj4+Pj4+Pj4+Pj4+Pj4+Pj4+Pj4+Pj4+Pj4+Pj4+Pj\/wAARCAAXACoDASIAAhEBAxEB\/8QAFwABAQEBAAAAAAAAAAAAAAAAAQACA\/\/EABgQAQEBAQEAAAAAAAAAAAAAAAABEhEC\/8QAFQEBAQAAAAAAAAAAAAAAAAAAAAH\/xAAUEQEAAAAAAAAAAAAAAAAAAAAA\/9oADAMBAAIRAxEAPwDjoactLQOlotY0LUG+jrGhpRjRnpID1dSAWjqQj\/\/Z');\" loading=\"lazy\" fetchpriority=\"low\" aria-hidden=\"true\" class=\"svelte-1pnmlwx rounded\" onload=\"this.__e=event\" onerror=\"this.__e=event\"\/>\u00c0 lire aussi   <img decoding=\"async\" src=\"https:\/\/www.europesays.com\/fr\/wp-content\/uploads\/2025\/08\/560x315_sc_img-7570.jpg\" alt=\"Depuis ce samedi 5 juillet, trois sites \u00e0 Paris permettent de se baigner dans la Seine apr\u00e8s 102 ans d'interdiction.\" style=\"--_image-preview:url('data:image\/jpeg;base64,\/9j\/2wBDACgcHiMeGSgjISMtKygwPGRBPDc3PHtYXUlkkYCZlo+AjIqgtObDoKrarYqMyP\/L2u71\/\/\/\/m8H\/\/\/\/6\/+b9\/\/j\/2wBDASstLTw1PHZBQXb4pYyl+Pj4+Pj4+Pj4+Pj4+Pj4+Pj4+Pj4+Pj4+Pj4+Pj4+Pj4+Pj4+Pj4+Pj4+Pj4+Pj4+Pj\/wAARCAAXACoDASIAAhEBAxEB\/8QAFwABAQEBAAAAAAAAAAAAAAAAAgADAf\/EABgQAQEBAQEAAAAAAAAAAAAAAAABAhIR\/8QAFgEBAQEAAAAAAAAAAAAAAAAAAQIA\/8QAFREBAQAAAAAAAAAAAAAAAAAAABH\/2gAMAwEAAhEDEQA\/ANJSlYylNLqWvrl0HQ3TMWtB2z1oOk0tJSlSIXo2pMWeqCSS\/9k=');\" loading=\"lazy\" fetchpriority=\"low\" aria-hidden=\"true\" class=\"svelte-1pnmlwx rounded\" onload=\"this.__e=event\" onerror=\"this.__e=event\"\/><\/p>\n","protected":false},"excerpt":{"rendered":"Les trois espaces de baignade ouverts d\u00e9but juillet dans la Seine ont p\u00e2ti des pluies estivales mais ont&hellip;\n","protected":false},"author":2,"featured_media":299364,"comment_status":"","ping_status":"","sticky":false,"template":"","format":"standard","meta":{"footnotes":""},"categories":[1888],"tags":[1111,1928,11,1927,1777,674,1011,27,12,1926,626,1925,25],"class_list":{"0":"post-299363","1":"post","2":"type-post","3":"status-publish","4":"format-standard","5":"has-post-thumbnail","7":"category-paris","8":"tag-actu","9":"tag-actu-paris","10":"tag-actualites","11":"tag-actualites-paris","12":"tag-eu","13":"tag-europe","14":"tag-fr","15":"tag-france","16":"tag-news","17":"tag-news-paris","18":"tag-paris","19":"tag-paris-news","20":"tag-republique-francaise"},"share_on_mastodon":{"url":"https:\/\/pubeurope.com\/@fr\/114979406317617219","error":""},"_links":{"self":[{"href":"https:\/\/www.europesays.com\/fr\/wp-json\/wp\/v2\/posts\/299363","targetHints":{"allow":["GET"]}}],"collection":[{"href":"https:\/\/www.europesays.com\/fr\/wp-json\/wp\/v2\/posts"}],"about":[{"href":"https:\/\/www.europesays.com\/fr\/wp-json\/wp\/v2\/types\/post"}],"author":[{"embeddable":true,"href":"https:\/\/www.europesays.com\/fr\/wp-json\/wp\/v2\/users\/2"}],"replies":[{"embeddable":true,"href":"https:\/\/www.europesays.com\/fr\/wp-json\/wp\/v2\/comments?post=299363"}],"version-history":[{"count":0,"href":"https:\/\/www.europesays.com\/fr\/wp-json\/wp\/v2\/posts\/299363\/revisions"}],"wp:featuredmedia":[{"embeddable":true,"href":"https:\/\/www.europesays.com\/fr\/wp-json\/wp\/v2\/media\/299364"}],"wp:attachment":[{"href":"https:\/\/www.europesays.com\/fr\/wp-json\/wp\/v2\/media?parent=299363"}],"wp:term":[{"taxonomy":"category","embeddable":true,"href":"https:\/\/www.europesays.com\/fr\/wp-json\/wp\/v2\/categories?post=299363"},{"taxonomy":"post_tag","embeddable":true,"href":"https:\/\/www.europesays.com\/fr\/wp-json\/wp\/v2\/tags?post=299363"}],"curies":[{"name":"wp","href":"https:\/\/api.w.org\/{rel}","templated":true}]}}