{"id":299369,"date":"2025-08-06T02:16:14","date_gmt":"2025-08-06T02:16:14","guid":{"rendered":"https:\/\/www.europesays.com\/fr\/299369\/"},"modified":"2025-08-06T02:16:14","modified_gmt":"2025-08-06T02:16:14","slug":"guerre-en-ukraine-la-mort-les-attend-a-la-maison-meme-blesses-les-soldats-russes-echanges-sont-renvoyes-sur-le-front-15-jours-plus-tard","status":"publish","type":"post","link":"https:\/\/www.europesays.com\/fr\/299369\/","title":{"rendered":"Guerre en Ukraine\u00a0: \u00ab\u00a0La mort les attend \u00e0 la maison\u00a0\u00bb\u2026 M\u00eame bless\u00e9s, les soldats russes \u00e9chang\u00e9s sont renvoy\u00e9s sur le front 15 jours plus tard"},"content":{"rendered":"<p>\n                                                                Des soldats russes ont \u00e9t\u00e9 captur\u00e9s plusieurs fois par les autorit\u00e9s ukrainiennes.\n                            <\/p>\n<p>Les \u00e9changes de prisonniers font l\u2019objet d\u2019intenses n\u00e9gociations entre <strong>Kyiv<\/strong> et le <strong>Kremlin<\/strong>. Dimanche dernier encore, le pr\u00e9sident ukrainien<strong> Volodymyr Zelensky <\/strong>annon\u00e7ait que le prochain concernerait 1200 prisonniers et que la liste \u00e9tait en cours d\u2019\u00e9laboration. Mais certains feraient-ils plusieurs fois l\u2019aller-retour entre la Russie, le champ de bataille et les prisons ukrainiennes\u00a0?<\/p>\n<p>C\u2019est ce que laisse penser l\u2019information publi\u00e9e par <a href=\"https:\/\/newsukraine.rbc.ua\/news\/ukraine-re-captures-russian-troops-who-were-1754360134.html\" target=\"_self\" rel=\"nofollow noopener\">l\u2019agence de presse RBC-Ukraine<\/a>. D\u2019apr\u00e8s nos confr\u00e8res qui citent<a href=\"https:\/\/t.me\/hochu_zhyt\/3717\" target=\"_self\" rel=\"nofollow\"> la cha\u00eene Telegram\u00a0Khokhu Zhyt<\/a>, plusieurs \u00ab\u00a0cas\u00a0\u00bb ont d\u00e9j\u00e0 \u00e9t\u00e9 constat\u00e9s.<\/p>\n<p>Bless\u00e9s mais renvoy\u00e9s sur le front<\/p>\n<p>Parmi eux, celui de\u00a0Saktaagai Shagaa. Originaire de la R\u00e9publique de Touva. Bless\u00e9 au mois de janvier apr\u00e8s un assaut sur Vovchansk, il s\u2019est rendu aux forces ukrainiennes. \u00c9chang\u00e9 le 20\u00a0juin alors qu\u2019il \u00e9tait toujours bless\u00e9, \u00ab\u00a0il a \u00e9t\u00e9 soumis \u00e0 deux semaines d\u2019interrogatoires, puis red\u00e9ploy\u00e9 au front, de nouveau pr\u00e8s de Vovchansk\u00a0\u00bb, raconte RBC-Ukraine.<\/p>\n<p>Deuxi\u00e8me exemple\u00a0: Dmitry Ivanov. Pour le soldat captur\u00e9 en 2024, m\u00eame combat. Envoy\u00e9 \u00e0 Vovchansk\u00a0bless\u00e9 aux bras et aux jambes, il a \u00e9t\u00e9 \u00e9chang\u00e9 plus t\u00f4t cette ann\u00e9e. Avant de se retrouver une nouvelle fois \u00e0 Vovchansk les armes \u00e0 la main et de se faire capturer \u00e0 nouveau.<\/p>\n<p>Le mois dernier, une liste de Russes renvoy\u00e9s sur le front apr\u00e8s avoir pourtant \u00e9t\u00e9 \u00e9chang\u00e9s\u00a0a \u00e9t\u00e9 publi\u00e9e. \u00c0 la diff\u00e9rence pr\u00e8s que ces soldats sont morts. \u00ab\u00a0C\u2019est une pratique courante dans l\u2019arm\u00e9e russe\u00a0\u00bb, poursuivent nos confr\u00e8res. \u00ab\u00a0Maintenant les m\u00e8res supplient de ne pas renvoyer leurs fils en Russie avant la fin des combats, car la mort les attend \u00e0 la maison\u00a0\u00bb.<\/p>\n","protected":false},"excerpt":{"rendered":"Des soldats russes ont \u00e9t\u00e9 captur\u00e9s plusieurs fois par les autorit\u00e9s ukrainiennes. Les \u00e9changes de prisonniers font l\u2019objet&hellip;\n","protected":false},"author":2,"featured_media":299370,"comment_status":"","ping_status":"","sticky":false,"template":"","format":"standard","meta":{"footnotes":""},"categories":[1591],"tags":[11,1887,12,1885,1886,132],"class_list":{"0":"post-299369","1":"post","2":"type-post","3":"status-publish","4":"format-standard","5":"has-post-thumbnail","7":"category-russie","8":"tag-actualites","9":"tag-federation-de-russie","10":"tag-news","11":"tag-russia","12":"tag-russian-federation","13":"tag-russie"},"share_on_mastodon":{"url":"https:\/\/pubeurope.com\/@fr\/114979417871340064","error":""},"_links":{"self":[{"href":"https:\/\/www.europesays.com\/fr\/wp-json\/wp\/v2\/posts\/299369","targetHints":{"allow":["GET"]}}],"collection":[{"href":"https:\/\/www.europesays.com\/fr\/wp-json\/wp\/v2\/posts"}],"about":[{"href":"https:\/\/www.europesays.com\/fr\/wp-json\/wp\/v2\/types\/post"}],"author":[{"embeddable":true,"href":"https:\/\/www.europesays.com\/fr\/wp-json\/wp\/v2\/users\/2"}],"replies":[{"embeddable":true,"href":"https:\/\/www.europesays.com\/fr\/wp-json\/wp\/v2\/comments?post=299369"}],"version-history":[{"count":0,"href":"https:\/\/www.europesays.com\/fr\/wp-json\/wp\/v2\/posts\/299369\/revisions"}],"wp:featuredmedia":[{"embeddable":true,"href":"https:\/\/www.europesays.com\/fr\/wp-json\/wp\/v2\/media\/299370"}],"wp:attachment":[{"href":"https:\/\/www.europesays.com\/fr\/wp-json\/wp\/v2\/media?parent=299369"}],"wp:term":[{"taxonomy":"category","embeddable":true,"href":"https:\/\/www.europesays.com\/fr\/wp-json\/wp\/v2\/categories?post=299369"},{"taxonomy":"post_tag","embeddable":true,"href":"https:\/\/www.europesays.com\/fr\/wp-json\/wp\/v2\/tags?post=299369"}],"curies":[{"name":"wp","href":"https:\/\/api.w.org\/{rel}","templated":true}]}}