{"id":299371,"date":"2025-08-06T02:17:10","date_gmt":"2025-08-06T02:17:10","guid":{"rendered":"https:\/\/www.europesays.com\/fr\/299371\/"},"modified":"2025-08-06T02:17:10","modified_gmt":"2025-08-06T02:17:10","slug":"donald-trump-espere-encore-un-geste-de-vladimir-poutine","status":"publish","type":"post","link":"https:\/\/www.europesays.com\/fr\/299371\/","title":{"rendered":"Donald Trump esp\u00e8re encore un geste de Vladimir Poutine"},"content":{"rendered":"<p><strong>D\u00c9CRYPTAGE &#8211;<\/strong> \u00c0 l\u2019approche de la fin de l\u2019ultimatum qu\u2019il a fix\u00e9 \u00e0 la Russie, il doit d\u00e9cider d\u2019appliquer des sanctions auxquelles il ne croit pas lui-m\u00eame.<\/p>\n<p class=\"fig-paragraph\">Trump voit se rapprocher\u00a0<a href=\"http:\/\/www.lefigaro.fr\/international\/10-a-12-jours-pour-mettre-fin-a-la-guerre-en-ukraine-quels-sont-les-leviers-de-donald-trump-contre-la-russie-20250803\" target=\"_blank\" data-fig-type=\"Article\" rel=\"noopener\" data-gtm-custom-categorie=\"navigation\" data-gtm-custom-action=\"crossclick\" data-gtm-custom-label=\"Contextuel\" data-gtm-event=\"customEventSPE\" data-fig-domain=\"LEFIGARO\">la fin de son ultimatum \u00e0 la Russie<\/a>, et la perspective de devoir infliger \u00e0 Moscou des sanctions auxquelles il ne croit gu\u00e8re. Apr\u00e8s avoir lui-m\u00eame fix\u00e9 au vendredi 8\u00a0ao\u00fbt la date limite pour obtenir de la Russie un engagement s\u00e9rieux \u00e0\u00a0<a href=\"http:\/\/www.lefigaro.fr\/international\/pourquoi-l-accord-de-paix-en-ukraine-promis-par-donald-trump-reste-hors-de-portee-a-court-terme-20250501\" target=\"_blank\" data-fig-type=\"Article\" rel=\"noopener\" data-gtm-custom-categorie=\"navigation\" data-gtm-custom-action=\"crossclick\" data-gtm-custom-label=\"Contextuel\" data-gtm-event=\"customEventSPE\" data-fig-domain=\"LEFIGARO\">suspendre les hostilit\u00e9s en Ukraine<\/a>, le pr\u00e9sident am\u00e9ricain attend toujours en vain un geste de la Russie.<\/p>\n<p class=\"fig-paragraph\">Son repr\u00e9sentant personnel,\u00a0<a href=\"http:\/\/www.lefigaro.fr\/international\/trump-annonce-une-visite-de-son-emissaire-witkoff-en-russie-mercredi-ou-jeudi-20250804\" target=\"_blank\" data-fig-type=\"NewsFlash\" rel=\"noopener\" data-gtm-custom-categorie=\"navigation\" data-gtm-custom-action=\"crossclick\" data-gtm-custom-label=\"Contextuel\" data-gtm-event=\"customEventSPE\" data-fig-domain=\"LEFIGARO\">Steve Witkoff<\/a>, est attendu mercredi \u00e0 Moscou, o\u00f9 il pourrait rencontrer une nouvelle fois Vladimir Poutine. Mais en l\u2019absence de r\u00e9ponse positive, le pr\u00e9sident am\u00e9ricain se retrouve dans la position de devoir mettre ses menaces \u00e0 ex\u00e9cution, ou de risquer de voir s\u2019\u00e9roder sa cr\u00e9dibilit\u00e9 diplomatique dans une guerre qu\u2019il avait promis d\u2019arr\u00eater d\u00e8s le d\u00e9but de son mandat.<\/p>\n<p>Importations de p\u00e9trole<\/p>\n<p class=\"fig-paragraph\">Un moyen de pression suppl\u00e9mentaire contre la Russie consisterait \u00e0 exercer des sanctions secondaires contre ses partenaires commerciaux. D\u00e9j\u00e0 soumise \u00e0 d\u2019importantes mesures de r\u00e9torsions \u00e9conomiques par les \u00c9tats-Unis et leurs alli\u00e9s\u2026<\/p>\n<p class=\"fig-premium-paywall__infos\">\n        Cet article est r\u00e9serv\u00e9 aux abonn\u00e9s.        Il vous reste 85% \u00e0 d\u00e9couvrir.\n    <\/p>\n<p>                <img  data- alt=\"Le Figaro\" class=\"fig-img--complete fig-img\"\/><\/p>\n<p class=\"fig-premium-paywall__title\">Vous avez envie de lire la suite ?<\/p>\n<p class=\"fig-premium-paywall__subtitle\">D\u00e9bloquez tous les articles imm\u00e9diatement.<\/p>\n<p class=\"fig-premium-paywall__connect\">\n                D\u00e9j\u00e0 abonn\u00e9\u00a0?                <a class=\"fig-premium-paywall__connect-link\" href=\"https:\/\/connect.lefigaro.fr\/login?client=horizon_web&amp;type=main&amp;redirect_uri=https%3A%2F%2Fwww.lefigaro.fr%2Finternational%2Fguerre-en-ukraine-donald-trump-espere-encore-un-geste-de-vladimir-poutine-20250805\" data-js-gtm=\"{&quot;customCategorie&quot;: &quot;conversion&quot;, &quot;customAction&quot;: &quot;before_Landing_Connexion_paywall_auto&quot;, &quot;customLabel&quot;: &quot;bGVmaWdhcm8uZnJfXzFmMDcyMDQwLTk3ODAtNmE3MC05ZmYzLTE3MDk0Yzc1ZmU3MF9fQXJ0aWNsZQ==_Guerre en Ukraine\u00a0: Donald Trump esp\u00e8re encore un geste de Vladimir Poutine_232&quot;, &quot;customIDSPE&quot;: &quot;bGVmaWdhcm8uZnJfXzFmMDcyMDQwLTk3ODAtNmE3MC05ZmYzLTE3MDk0Yzc1ZmU3MF9fQXJ0aWNsZQ==&quot;, &quot;event&quot;: &quot;customEventSPE&quot;}\" target=\"_blank\" rel=\"noopener\"><br \/>\n                    Connectez-vous<br \/>\n                <\/a>\n            <\/p>\n","protected":false},"excerpt":{"rendered":"D\u00c9CRYPTAGE &#8211; \u00c0 l\u2019approche de la fin de l\u2019ultimatum qu\u2019il a fix\u00e9 \u00e0 la Russie, il doit d\u00e9cider&hellip;\n","protected":false},"author":2,"featured_media":299372,"comment_status":"","ping_status":"","sticky":false,"template":"","format":"standard","meta":{"footnotes":""},"categories":[1590],"tags":[11,75,1777,674,131,12,220,135],"class_list":{"0":"post-299371","1":"post","2":"type-post","3":"status-publish","4":"format-standard","5":"has-post-thumbnail","7":"category-ukraine","8":"tag-actualites","9":"tag-donald-trump","10":"tag-eu","11":"tag-europe","12":"tag-guerre-en-ukraine","13":"tag-news","14":"tag-ukraine","15":"tag-vladimir-poutine"},"share_on_mastodon":{"url":"https:\/\/pubeurope.com\/@fr\/114979421791289124","error":""},"_links":{"self":[{"href":"https:\/\/www.europesays.com\/fr\/wp-json\/wp\/v2\/posts\/299371","targetHints":{"allow":["GET"]}}],"collection":[{"href":"https:\/\/www.europesays.com\/fr\/wp-json\/wp\/v2\/posts"}],"about":[{"href":"https:\/\/www.europesays.com\/fr\/wp-json\/wp\/v2\/types\/post"}],"author":[{"embeddable":true,"href":"https:\/\/www.europesays.com\/fr\/wp-json\/wp\/v2\/users\/2"}],"replies":[{"embeddable":true,"href":"https:\/\/www.europesays.com\/fr\/wp-json\/wp\/v2\/comments?post=299371"}],"version-history":[{"count":0,"href":"https:\/\/www.europesays.com\/fr\/wp-json\/wp\/v2\/posts\/299371\/revisions"}],"wp:featuredmedia":[{"embeddable":true,"href":"https:\/\/www.europesays.com\/fr\/wp-json\/wp\/v2\/media\/299372"}],"wp:attachment":[{"href":"https:\/\/www.europesays.com\/fr\/wp-json\/wp\/v2\/media?parent=299371"}],"wp:term":[{"taxonomy":"category","embeddable":true,"href":"https:\/\/www.europesays.com\/fr\/wp-json\/wp\/v2\/categories?post=299371"},{"taxonomy":"post_tag","embeddable":true,"href":"https:\/\/www.europesays.com\/fr\/wp-json\/wp\/v2\/tags?post=299371"}],"curies":[{"name":"wp","href":"https:\/\/api.w.org\/{rel}","templated":true}]}}