{"id":299373,"date":"2025-08-06T02:18:22","date_gmt":"2025-08-06T02:18:22","guid":{"rendered":"https:\/\/www.europesays.com\/fr\/299373\/"},"modified":"2025-08-06T02:18:22","modified_gmt":"2025-08-06T02:18:22","slug":"bill-et-hillary-clinton-assignes-a-comparaitre-au-congres-par-une-commission-republicaine-dans-le-cadre-de-laffaire-epstein","status":"publish","type":"post","link":"https:\/\/www.europesays.com\/fr\/299373\/","title":{"rendered":"Bill et Hillary Clinton assign\u00e9s \u00e0 compara\u00eetre au Congr\u00e8s par une commission r\u00e9publicaine dans le cadre de l\u2019affaire Epstein"},"content":{"rendered":"<p>Une puissante commission du Congr\u00e8s am\u00e9ricain, \u00e0 majorit\u00e9 r\u00e9publicaine, a annonc\u00e9 mardi avoir assign\u00e9 \u00e0 compara\u00eetre l\u2019ex-pr\u00e9sident d\u00e9mocrate Bill Clinton et son \u00e9pouse, l\u2019ancienne cheffe de la diplomatie Hillary Clinton, dans le cadre de son enqu\u00eate parlementaire sur l\u2019affaire du d\u00e9linquant sexuel Jeffrey Epstein.<\/p>\n<p>Alors que <a href=\"https:\/\/www.ledevoir.com\/donald-trump\" rel=\"nofollow noopener\" target=\"_blank\">Donald Trump<\/a> se trouve accus\u00e9 depuis plusieurs semaines, jusque dans sa base \u00e9lectorale, de manquer de transparence dans le dossier de ce financier mort en prison avant son proc\u00e8s pour crimes sexuels, le responsable r\u00e9publicain James Comer a d\u00e9clar\u00e9 avoir convoqu\u00e9 l\u2019ancien pr\u00e9sident le 14\u00a0octobre, et l\u2019ancienne cheffe de la diplomatie am\u00e9ricaine le 9\u00a0octobre, pour r\u00e9pondre de leurs liens avec Jeffrey Epstein.<\/p>\n<p>Six ex-procureurs g\u00e9n\u00e9raux ainsi que deux anciens chefs de la police f\u00e9d\u00e9rale, le FBI, ont \u00e9galement \u00e9t\u00e9 assign\u00e9s \u00e0 compara\u00eetre pour des auditions allant de la mi-ao\u00fbt \u00e0 la mi-octobre sur le d\u00e9roul\u00e9 de l\u2019enqu\u00eate judiciaire sur le financier.<\/p>\n<p>\u00ab\u00a0De votre propre aveu, vous avez voyag\u00e9 \u00e0 bord de l\u2019avion priv\u00e9 de Jeffrey Epstein \u00e0 quatre reprises en 2002 et 2003\u00a0\u00bb, affirme la lettre adress\u00e9e \u00e0 Bill Clinton par James Comer, chef de la puissante commission parlementaire de supervision.<\/p>\n<p>Sollicit\u00e9s par l\u2019Agence France-Presse, les services de l\u2019ancien pr\u00e9sident d\u00e9mocrate de 78\u00a0ans n\u2019ont pas r\u00e9pondu dans l\u2019imm\u00e9diat.<\/p>\n<p>En ce qui concerne son \u00e9pouse Hillary Clinton, cheffe de la diplomatie am\u00e9ricaine puis candidate \u00e0 la pr\u00e9sidentielle de 2016 remport\u00e9e par Donald Trump, l\u2019\u00e9lu explique: \u00ab Votre famille semble avoir eu des liens proches avec \u00e0 la fois Jeffrey Epstein et sa complice Ghislaine Maxwell \u00bb, condamn\u00e9e en 2021 \u00e0 20 ans de prison pour exploitation sexuelle.<\/p>\n<p> Retour de flamme<\/p>\n<p>Pour le moment, on ne sait pas si le couple Clinton se pliera \u00e0 cette assignation, hautement inhabituelle aux \u00c9tats-Unis.<\/p>\n<p>Parmi les personnalit\u00e9s convoqu\u00e9es figure notamment James Comey, ancien chef du FBI entre 2013 et 2017, devenu b\u00eate noire de Donald Trump, qui l\u2019a qualifi\u00e9 de \u00ab\u00a0crapule\u00a0\u00bb pour son r\u00f4le dans l\u2019enqu\u00eate sur l\u2019ing\u00e9rence russe dans la pr\u00e9sidentielle de 2016.<\/p>\n<p>La mort de Jeffrey Epstein, retrouv\u00e9 pendu dans sa cellule \u00e0 New York le 10\u00a0ao\u00fbt 2019 avant son proc\u00e8s pour crimes sexuels, a aliment\u00e9 d\u2019innombrables th\u00e9ories du complot selon lesquelles il aurait \u00e9t\u00e9 assassin\u00e9 pour \u00e9touffer un scandale \u00e9claboussant des personnalit\u00e9s de premier plan.<\/p>\n<p>Donald Trump, qui avait promis \u00e0 sa base pendant sa campagne des r\u00e9v\u00e9lations fracassantes sur ce dossier, subit un retour de flamme, y compris parmi ses plus fervents partisans, apr\u00e8s que son gouvernement a annonc\u00e9 d\u00e9but juillet n\u2019avoir d\u00e9couvert aucun \u00e9l\u00e9ment nouveau qui justifierait la publication de documents suppl\u00e9mentaires. Depuis, la Maison-Blanche tente de mettre fin \u00e0 la pol\u00e9mique.<\/p>\n<p>Le num\u00e9ro\u00a02 du d\u00e9partement de la Justice, Todd Blanche, ancien avocat personnel de Donald Trump, a notamment rencontr\u00e9 Ghislaine Maxwell fin juillet dans un tribunal de Floride <a href=\"https:\/\/www.ledevoir.com\/monde\/etats-unis\/903394\/justice-americaine-va-interroger-complice-epstein\" target=\"_blank\" rel=\"nofollow noopener\">afin de l\u2019interroger pendant une journ\u00e9e et demie<\/a>.<\/p>\n<p>L\u2019ancienne mondaine new-yorkaise <a href=\"https:\/\/www.ledevoir.com\/monde\/etats-unis\/906421\/ex-complice-epstein-est-transferee-camp-detenues-texas\" target=\"_blank\" rel=\"nofollow noopener\">a ensuite \u00e9t\u00e9 transf\u00e9r\u00e9e dans une prison aux conditions de d\u00e9tention moins strictes au Texas<\/a>, une d\u00e9cision critiqu\u00e9e par les d\u00e9mocrates, qui ont accus\u00e9 le gouvernement Trump d\u2019accorder des faveurs \u00e0 celle qui a \u00e9t\u00e9 condamn\u00e9e pour exploitation sexuelle.<\/p>\n<p>\u00ab\u00a0Tordu\u00a0\u00bb<\/p>\n<p>Alors que la commission dirig\u00e9e par James Comer devait interroger Ghislaine Maxwell le 11\u00a0ao\u00fbt, l\u2019\u00e9lu a indiqu\u00e9 que l\u2019audition avait finalement \u00e9t\u00e9 report\u00e9e sine die.<\/p>\n<p>Ses avocats ont m\u00eame demand\u00e9 mardi \u00e0 un juge f\u00e9d\u00e9ral de rejeter la requ\u00eate du minist\u00e8re de la Justice, qui r\u00e9clame la publication de toute l\u2019enqu\u00eate judiciaire ayant conduit \u00e0 son inculpation et \u00e0 son proc\u00e8s.<\/p>\n<p>\u00ab Jeffrey Epstein est mort, Ghislaine Maxwell ne l\u2019est pas \u00bb, ont-ils plaid\u00e9 en invoquant le respect du \u00ab secret \u00bb de l\u2019instruction.<\/p>\n<p>Donald Trump a demand\u00e9 \u00e0 plusieurs reprises \u00e0 ses partisans de l\u00e2cher l\u2019affaire Epstein. Il a \u00e9galement tent\u00e9 de rediriger l\u2019attention du public en ciblant son pr\u00e9d\u00e9cesseur d\u00e9mocrate, Barack Obama, accus\u00e9 par la Maison-Blanche d\u2019avoir orchestr\u00e9 les accusations d\u2019ing\u00e9rence russe dans l\u2019\u00e9lection pr\u00e9sidentielle de 2016.<\/p>\n<p>Figure, comme Jeffrey Epstein, de la jet-set new-yorkaise dans les ann\u00e9es 1990 et 2000, le r\u00e9publicain a cependant relanc\u00e9 les d\u00e9bats r\u00e9cemment sur la nature de sa propre relation avec le financier en fournissant une nouvelle version de leur rupture dans les ann\u00e9es 2000.<\/p>\n<p>Il a affirm\u00e9 fin juillet que le litige portait sur des employ\u00e9es de son club Mar-a-Lago, en Floride, <a href=\"https:\/\/www.ledevoir.com\/monde\/etats-unis\/905071\/ghislaine-maxwell-disposee-repondre-congres-si-elle-beneficie-immunite\" target=\"_blank\" rel=\"nofollow noopener\">que Jeffrey Epstein aurait \u00ab\u00a0prises\u00a0\u00bb<\/a>.<\/p>\n<p>La Maison-Blanche assurait jusqu\u2019\u00e0 pr\u00e9sent que Donald Trump avait chass\u00e9 le financier de son club il y a une vingtaine d\u2019ann\u00e9es, apr\u00e8s en avoir \u00e9t\u00e9 tr\u00e8s proche, pour s\u2019\u00eatre \u00ab\u00a0comport\u00e9 comme un tordu\u00a0\u00bb.<\/p>\n<p>\u00c0 la mi-juillet, <a href=\"https:\/\/www.ledevoir.com\/monde\/etats-unis\/902440\/maison-blanche-poursuit-represailles-contre-wall-street-journal\" target=\"_blank\" rel=\"nofollow noopener\">le Wall Street Journal avait en outre fait \u00e9tat d\u2019une lettre salace attribu\u00e9e \u00e0 Donald Trump<\/a> \u00e0 l\u2019intention de Jeffrey Epstein en 2003 pour le 50e\u00a0anniversaire du financier. Le milliardaire d\u00e9ment en \u00eatre l\u2019auteur et a poursuivi le quotidien pour diffamation, lui r\u00e9clamant plusieurs milliards de dollars.<\/p>\n<p>\n    \u00c0 voir en vid\u00e9o<\/p>\n","protected":false},"excerpt":{"rendered":"Une puissante commission du Congr\u00e8s am\u00e9ricain, \u00e0 majorit\u00e9 r\u00e9publicaine, a annonc\u00e9 mardi avoir assign\u00e9 \u00e0 compara\u00eetre l\u2019ex-pr\u00e9sident d\u00e9mocrate&hellip;\n","protected":false},"author":2,"featured_media":299374,"comment_status":"","ping_status":"","sticky":false,"template":"","format":"standard","meta":{"footnotes":""},"categories":[1589],"tags":[11,73,1866,12,1864,1865,1863,308],"class_list":{"0":"post-299373","1":"post","2":"type-post","3":"status-publish","4":"format-standard","5":"has-post-thumbnail","7":"category-etats-unis","8":"tag-actualites","9":"tag-etats-unis","10":"tag-etats-unis-damerique","11":"tag-news","12":"tag-united-states","13":"tag-united-states-of-america","14":"tag-us","15":"tag-usa"},"share_on_mastodon":{"url":"https:\/\/pubeurope.com\/@fr\/114979425733686574","error":""},"_links":{"self":[{"href":"https:\/\/www.europesays.com\/fr\/wp-json\/wp\/v2\/posts\/299373","targetHints":{"allow":["GET"]}}],"collection":[{"href":"https:\/\/www.europesays.com\/fr\/wp-json\/wp\/v2\/posts"}],"about":[{"href":"https:\/\/www.europesays.com\/fr\/wp-json\/wp\/v2\/types\/post"}],"author":[{"embeddable":true,"href":"https:\/\/www.europesays.com\/fr\/wp-json\/wp\/v2\/users\/2"}],"replies":[{"embeddable":true,"href":"https:\/\/www.europesays.com\/fr\/wp-json\/wp\/v2\/comments?post=299373"}],"version-history":[{"count":0,"href":"https:\/\/www.europesays.com\/fr\/wp-json\/wp\/v2\/posts\/299373\/revisions"}],"wp:featuredmedia":[{"embeddable":true,"href":"https:\/\/www.europesays.com\/fr\/wp-json\/wp\/v2\/media\/299374"}],"wp:attachment":[{"href":"https:\/\/www.europesays.com\/fr\/wp-json\/wp\/v2\/media?parent=299373"}],"wp:term":[{"taxonomy":"category","embeddable":true,"href":"https:\/\/www.europesays.com\/fr\/wp-json\/wp\/v2\/categories?post=299373"},{"taxonomy":"post_tag","embeddable":true,"href":"https:\/\/www.europesays.com\/fr\/wp-json\/wp\/v2\/tags?post=299373"}],"curies":[{"name":"wp","href":"https:\/\/api.w.org\/{rel}","templated":true}]}}