{"id":299381,"date":"2025-08-06T02:22:20","date_gmt":"2025-08-06T02:22:20","guid":{"rendered":"https:\/\/www.europesays.com\/fr\/299381\/"},"modified":"2025-08-06T02:22:20","modified_gmt":"2025-08-06T02:22:20","slug":"lunion-europeenne-suspend-ses-mesures-de-riposte-apres-laccord-avec-trump","status":"publish","type":"post","link":"https:\/\/www.europesays.com\/fr\/299381\/","title":{"rendered":"l\u2019Union europ\u00e9enne suspend ses mesures de riposte apr\u00e8s l\u2019accord avec Trump"},"content":{"rendered":"<p>La Commission europ\u00e9enne a annonc\u00e9, mardi 5\u00a0ao\u00fbt 2025, avoir d\u00e9cid\u00e9 de suspendre ses mesures de riposte aux droits de douane institu\u00e9s par le pr\u00e9sident am\u00e9ricain Donald Trump, en raison de <a target=\"_self\" href=\"https:\/\/www.lanouvellerepublique.fr\/a-la-une\/droits-de-douane-les-etats-unis-et-l-ue-ont-conclu-un-accord-annonce-donald-trump-1753638901\" rel=\"nofollow noopener\">l\u2019accord commercial de principe nou\u00e9 entre les \u00c9tats-Unis et l\u2019Union europ\u00e9enne<\/a> (UE), le 27\u00a0juillet \u00e0\u00a0Turnberry en \u00c9cosse.<\/p>\n<p>\u00ab\u00a0La Commission a adopt\u00e9 aujourd\u2019hui la proc\u00e9dure juridique n\u00e9cessaire pour suspendre la mise en \u0153uvre de nos contre-mesures europ\u00e9ennes\u00a0\u00bb, a d\u00e9clar\u00e9 mardi un de ses porte-paroles Olof Gill.<\/p>\n<p>\u00ab\u00a0Nous pouvons toujours les ressortir\u00a0\u00bb<\/p>\n<p>L\u2019Union europ\u00e9enne n\u2019exclut toutefois pas de r\u00e9activer ces mesures de riposte si jamais le bras de fer commercial avec l\u2019administration Trump venait \u00e0 conna\u00eetre de nouveaux rebondissements. \u00ab\u00a0Nous remettons [ces mesures] au cong\u00e9lateur, mais nous pouvons toujours les ressortir\u00a0\u00bb, a expliqu\u00e9 un responsable europ\u00e9en sous couvert d\u2019anonymat.<\/p>\n<p>Au cours des derniers mois, la Commission avait pr\u00e9par\u00e9 une liste de produits am\u00e9ricains qui seraient tax\u00e9s si les \u00c9tats-Unis et l\u2019UE ne parvenaient pas \u00e0 un accord. Cette liste comprenait 93\u00a0milliards d\u2019euros de marchandises\u00a0: soja, avions, voitures,\u00a0etc.<\/p>\n<p>Apr\u00e8s des mois de n\u00e9gociations tr\u00e8s \u00e2pres, Bruxelles et Washington ont scell\u00e9, fin juillet, un accord commercial de principe, <a target=\"_self\" href=\"https:\/\/www.lanouvellerepublique.fr\/a-la-une\/droits-de-douane-ce-que-l-on-sait-des-secteurs-impactes-ou-epargnes-et-des-investissements-annonces-1753726896\" rel=\"nofollow noopener\">bas\u00e9 sur des droits de douane de 15\u00a0%<\/a> sur les produits europ\u00e9ens import\u00e9s aux \u00c9tats-Unis.<\/p>\n","protected":false},"excerpt":{"rendered":"La Commission europ\u00e9enne a annonc\u00e9, mardi 5\u00a0ao\u00fbt 2025, avoir d\u00e9cid\u00e9 de suspendre ses mesures de riposte aux droits&hellip;\n","protected":false},"author":2,"featured_media":299382,"comment_status":"","ping_status":"","sticky":false,"template":"","format":"standard","meta":{"footnotes":""},"categories":[1586],"tags":[328,11,33,73,1777,674,1779,1011,27,329,74,12,316,25,1778,364],"class_list":{"0":"post-299381","1":"post","2":"type-post","3":"status-publish","4":"format-standard","5":"has-post-thumbnail","7":"category-europe","8":"tag-a-la-une","9":"tag-actualites","10":"tag-economie","11":"tag-etats-unis","12":"tag-eu","13":"tag-europe","14":"tag-european-union","15":"tag-fr","16":"tag-france","17":"tag-france-monde","18":"tag-monde","19":"tag-news","20":"tag-politique","21":"tag-republique-francaise","22":"tag-ue","23":"tag-union-europeenne"},"share_on_mastodon":{"url":"https:\/\/pubeurope.com\/@fr\/114979441741268767","error":""},"_links":{"self":[{"href":"https:\/\/www.europesays.com\/fr\/wp-json\/wp\/v2\/posts\/299381","targetHints":{"allow":["GET"]}}],"collection":[{"href":"https:\/\/www.europesays.com\/fr\/wp-json\/wp\/v2\/posts"}],"about":[{"href":"https:\/\/www.europesays.com\/fr\/wp-json\/wp\/v2\/types\/post"}],"author":[{"embeddable":true,"href":"https:\/\/www.europesays.com\/fr\/wp-json\/wp\/v2\/users\/2"}],"replies":[{"embeddable":true,"href":"https:\/\/www.europesays.com\/fr\/wp-json\/wp\/v2\/comments?post=299381"}],"version-history":[{"count":0,"href":"https:\/\/www.europesays.com\/fr\/wp-json\/wp\/v2\/posts\/299381\/revisions"}],"wp:featuredmedia":[{"embeddable":true,"href":"https:\/\/www.europesays.com\/fr\/wp-json\/wp\/v2\/media\/299382"}],"wp:attachment":[{"href":"https:\/\/www.europesays.com\/fr\/wp-json\/wp\/v2\/media?parent=299381"}],"wp:term":[{"taxonomy":"category","embeddable":true,"href":"https:\/\/www.europesays.com\/fr\/wp-json\/wp\/v2\/categories?post=299381"},{"taxonomy":"post_tag","embeddable":true,"href":"https:\/\/www.europesays.com\/fr\/wp-json\/wp\/v2\/tags?post=299381"}],"curies":[{"name":"wp","href":"https:\/\/api.w.org\/{rel}","templated":true}]}}