{"id":299383,"date":"2025-08-06T02:23:14","date_gmt":"2025-08-06T02:23:14","guid":{"rendered":"https:\/\/www.europesays.com\/fr\/299383\/"},"modified":"2025-08-06T02:23:14","modified_gmt":"2025-08-06T02:23:14","slug":"benyamin-netanyahou-veut-vaincre-totalement-le-hamas-lonu-demande-la-fin-de-la-fondation-humanitaire-pour-gaza-israel-autorise-lentree-de-marchandises-privees-dans-l","status":"publish","type":"post","link":"https:\/\/www.europesays.com\/fr\/299383\/","title":{"rendered":"Benyamin N\u00e9tanyahou veut \u00abvaincre totalement\u00bb le Hamas, l\u2019ONU demande la fin de la fondation humanitaire pour Gaza, Isra\u00ebl autorise l\u2019entr\u00e9e de marchandises priv\u00e9es dans l\u2019enclave\u2026 L\u2019actu du conflit au Proche-Orient ce mardi 5\u00a0ao\u00fbt \u2013 Lib\u00e9ration"},"content":{"rendered":"<p class=\"sc-ksZaOG ehjQrN text-element\">La r\u00e9daction de Lib\u00e9ration r\u00e9sume les principales actualit\u00e9s du jour sur le conflit au Proche-Orient. Le point pr\u00e9c\u00e9dent est \u00e0 lire <a href=\"https:\/\/www.liberation.fr\/international\/moyen-orient\/netanyahou-annonce-de-nouvelles-instructions-pour-larmee-le-sort-des-otages-au-menu-dune-reunion-du-conseil-de-securite-de-lonu-lactu-du-conflit-au-proche-orient-ce-lundi-4-aout-20250804_6UKNHSMQ5NHJDAVIOWHZDRZOCQ\/\" target=\"_blank\" rel=\"noreferrer nofollow noopener\" title=\"https:\/\/www.liberation.fr\/international\/moyen-orient\/netanyahou-annonce-de-nouvelles-instructions-pour-larmee-le-sort-des-otages-au-menu-dune-reunion-du-conseil-de-securite-de-lonu-lactu-du-conflit-au-proche-orient-ce-lundi-4-aout-20250804_6UKNHSMQ5NHJDAVIOWHZDRZOCQ\/\">ici<\/a>.<\/p>\n<p class=\"sc-ksZaOG ehjQrN text-element\">Le Premier ministre isra\u00e9lien, Benyamin N\u00e9tanyahou, a affirm\u00e9 ce mardi 5\u00a0ao\u00fbt qu\u2019Isra\u00ebl devait \u00abvaincre totalement\u00bb le Hamas \u00e0 Gaza pour assurer la lib\u00e9ration des otages, avant une r\u00e9union de son cabinet de s\u00e9curit\u00e9 visant \u00e0 enclencher une nouvelle \u00e9tape de la guerre dans le territoire palestinien d\u00e9vast\u00e9. La rencontre a finalement \u00e9t\u00e9 report\u00e9e, selon le quotidien Haaretz. Elle a \u00e9t\u00e9 remplac\u00e9e par une r\u00e9union restreinte de s\u00e9curit\u00e9, dirig\u00e9e par le directeur de cabinet du Premier ministre, sur les derniers d\u00e9veloppements \u00e0 Gaza. Pour la presse isra\u00e9lienne, le chef du gouvernement isra\u00e9lien souhaiterait que l\u2019arm\u00e9e prenne le contr\u00f4le de l\u2019ensemble du territoire palestinien. <a href=\"https:\/\/www.liberation.fr\/international\/moyen-orient\/en-israel-le-coup-de-pression-de-benyamin-netanyahou-pour-une-operation-de-grande-ampleur-a-gaza-20250805_35VRMLQBOVCCXKWGHOA253LLZY\/\" target=\"_blank\" rel=\"nofollow noopener\" title=\"https:\/\/www.liberation.fr\/international\/moyen-orient\/en-israel-le-coup-de-pression-de-benyamin-netanyahou-pour-une-operation-de-grande-ampleur-a-gaza-20250805_35VRMLQBOVCCXKWGHOA253LLZY\/\">Plus d\u2019infos ici<\/a>.<\/p>\n<p class=\"sc-ksZaOG ehjQrN text-element\">Isra\u00ebl a r\u00e9autoris\u00e9 l\u2019entr\u00e9e partielle des marchandises priv\u00e9es dans la bande de Gaza <a href=\"https:\/\/www.liberation.fr\/politique\/si-vous-nagissez-pas-vous-etes-complice-de-la-famine-a-gaza-les-ecologistes-demandent-a-macron-de-deployer-la-marine-nationale-20250803_OIZDLYMXYJABFFS6LL6K5RS3TQ\/\" target=\"_blank\" rel=\"nofollow noopener\" title=\"https:\/\/www.liberation.fr\/politique\/si-vous-nagissez-pas-vous-etes-complice-de-la-famine-a-gaza-les-ecologistes-demandent-a-macron-de-deployer-la-marine-nationale-20250803_OIZDLYMXYJABFFS6LL6K5RS3TQ\/\">assi\u00e9g\u00e9e et menac\u00e9e de famine<\/a>, a annonc\u00e9 ce mardi le Cogat, un organisme du minist\u00e8re de la D\u00e9fense en charge de l\u2019administration civile de ce territoire palestinien. \u00abUn m\u00e9canisme a \u00e9t\u00e9 approuv\u00e9 pour reprendre progressivement et de mani\u00e8re contr\u00f4l\u00e9e l\u2019entr\u00e9e de marchandises via le secteur priv\u00e9 \u00e0 Gaza\u00bb, indique un communiqu\u00e9 du Cogat. \u00abL\u2019objectif est d\u2019<a href=\"https:\/\/www.liberation.fr\/international\/moyen-orient\/a-gaza-la-famine-et-le-piege-mortel-des-distributions-daide-humanitaire-20250721_ZPHAOPPSLBGSTKGQBNQOS2F5EA\/\" target=\"_blank\" rel=\"nofollow noopener\" title=\"https:\/\/www.liberation.fr\/international\/moyen-orient\/a-gaza-la-famine-et-le-piege-mortel-des-distributions-daide-humanitaire-20250721_ZPHAOPPSLBGSTKGQBNQOS2F5EA\/\">augmenter le volume de l\u2019aide<\/a> entrant dans la bande de Gaza, tout en r\u00e9duisant la d\u00e9pendance \u00e0 l\u2019\u00e9gard de la collecte de l\u2019aide par l\u2019ONU et les organisations internationales\u00bb, selon la m\u00eame source. <a href=\"https:\/\/www.liberation.fr\/international\/moyen-orient\/israel-autorise-lentree-partielle-des-marchandises-privees-a-gaza-20250805_KOMRBVABJVC3DIVMJXIPRM2WPE\/\" target=\"_blank\" rel=\"nofollow noopener\" title=\"https:\/\/www.liberation.fr\/international\/moyen-orient\/israel-autorise-lentree-partielle-des-marchandises-privees-a-gaza-20250805_KOMRBVABJVC3DIVMJXIPRM2WPE\/\">Plus d\u2019infos ici.<\/a><\/p>\n<p class=\"sc-ksZaOG ehjQrN text-element\">Le fr\u00e8re de l\u2019otage isra\u00e9lien Evyatar David, retenu par le Hamas \u00e0 Gaza et apparu tr\u00e8s affaibli dans <a href=\"https:\/\/www.liberation.fr\/international\/moyen-orient\/otages-israeliens-a-gaza-londe-de-choc-apres-une-video-glacante-20250803_YRHW25TQQRGZRJBYQW233B5ARA\/\" target=\"_blank\" rel=\"nofollow noopener\" title=\"https:\/\/www.liberation.fr\/international\/moyen-orient\/otages-israeliens-a-gaza-londe-de-choc-apres-une-video-glacante-20250803_YRHW25TQQRGZRJBYQW233B5ARA\/\">une vid\u00e9o qui a choqu\u00e9 Isra\u00ebl<\/a>, a appel\u00e9 \u00able monde \u00e0 s\u2019unir maintenant\u00bb pour \u00abexiger sa lib\u00e9ration\u00bb. Evyatar David, 24\u00a0ans, est l\u2019un des 251 otages captur\u00e9s par le Hamas et ses partisans lors de l\u2019attaque sanglante du 7\u00a0octobre 2023 en territoire isra\u00e9lien depuis la bande de Gaza. Le mouvement islamiste a diffus\u00e9 jeudi et samedi <a href=\"https:\/\/www.liberation.fr\/international\/moyen-orient\/videos-dotages-israeliens-israel-sous-le-choc-netanyahou-consterne-20250803_OPWIMDVSQNGOBLQ62KMZVN5GAU\/\" target=\"_blank\" rel=\"nofollow noopener\" title=\"https:\/\/www.liberation.fr\/international\/moyen-orient\/videos-dotages-israeliens-israel-sous-le-choc-netanyahou-consterne-20250803_OPWIMDVSQNGOBLQ62KMZVN5GAU\/\">une vid\u00e9o de propagande<\/a> o\u00f9 l\u2019otage, la peau sur les os et visiblement tr\u00e8s affaibli, appara\u00eet creusant, pelle \u00e0 la main, le sol sablonneux de l\u2019\u00e9troit tunnel o\u00f9 il est retenu, comme s\u2019il creusait sa propre tombe.<\/p>\n<p class=\"sc-ksZaOG ehjQrN text-element\">Les rapporteurs sp\u00e9ciaux des Nations Unies ont appel\u00e9 mardi \u00e0 la dissolution imm\u00e9diate de la Fondation humanitaire pour Gaza (GHF), soutenue par Isra\u00ebl et les Etats-Unis, affirmant que l\u2019aide qu\u2019elle distribue est \u00ab<a href=\"https:\/\/www.liberation.fr\/checknews\/comment-israel-a-transforme-laide-alimentaire-en-enfer-pour-les-gazaouis-20250614_OXD5G6J7LZBBNODAVZ4QBAMUSE\/\" target=\"_blank\" rel=\"nofollow noopener\" title=\"https:\/\/www.liberation.fr\/checknews\/comment-israel-a-transforme-laide-alimentaire-en-enfer-pour-les-gazaouis-20250614_OXD5G6J7LZBBNODAVZ4QBAMUSE\/\">exploit\u00e9e \u00e0 des fins militaires et g\u00e9opolitiques secr\u00e8tes<\/a>\u00bb. Cette <a href=\"https:\/\/www.liberation.fr\/checknews\/inquietudes-autour-de-la-fondation-humanitaire-pour-gaza-imaginee-par-israel-et-les-etats-unis-pour-acheminer-laide-humanitaire-dans-lenclave-20250525_ZBX4AKYCQBBZXDEVN3FAN27MFA\/?redirected=1\" target=\"_blank\" rel=\"nofollow noopener\" title=\"https:\/\/www.liberation.fr\/checknews\/inquietudes-autour-de-la-fondation-humanitaire-pour-gaza-imaginee-par-israel-et-les-etats-unis-pour-acheminer-laide-humanitaire-dans-lenclave-20250525_ZBX4AKYCQBBZXDEVN3FAN27MFA\/?redirected=1\">organisation priv\u00e9e<\/a> a commenc\u00e9 \u00e0 distribuer de la nourriture \u00e0 <a href=\"https:\/\/www.liberation.fr\/international\/moyen-orient\/elle-a-survole-gaza-venez-discuter-avec-laurence-defranoux-sur-twitch-20250805_435G2BTE7BBJPBILBZWMPU4GP4\/\" target=\"_blank\" rel=\"nofollow noopener\" title=\"https:\/\/www.liberation.fr\/international\/moyen-orient\/elle-a-survole-gaza-venez-discuter-avec-laurence-defranoux-sur-twitch-20250805_435G2BTE7BBJPBILBZWMPU4GP4\/\">Gaza <\/a>en mai, alors qu\u2019Isra\u00ebl commen\u00e7ait \u00e0 assouplir le blocus de plus de deux mois impos\u00e9 au territoire palestinien, qui avait exacerb\u00e9 les p\u00e9nuries existantes. \u00abLa GHF [\u2026] est un exemple tout \u00e0 fait troublant de la mani\u00e8re dont l\u2019aide humanitaire peut \u00eatre exploit\u00e9e \u00e0 des fins militaires et g\u00e9opolitiques secr\u00e8tes, en violation flagrante du droit international\u00bb, ont estim\u00e9 les experts dans un communiqu\u00e9 commun.<\/p>\n<p class=\"sc-ksZaOG ehjQrN text-element\">Le Fortuna D\u00fcsseldorf, club de deuxi\u00e8me division allemande, a annonc\u00e9 ce mardi renoncer <a href=\"https:\/\/www.liberation.fr\/international\/moyen-orient\/le-club-fortuna-dusseldorf-renonce-a-recruter-lattaquant-israelien-shon-weissman-a-cause-de-ses-publications-anti-gaza-20250805_LCFGHWFANBH5NF47JJ7WOFEC54\/\" target=\"_blank\" rel=\"noreferrer nofollow noopener\" title=\"https:\/\/www.liberation.fr\/international\/moyen-orient\/le-club-fortuna-dusseldorf-renonce-a-recruter-lattaquant-israelien-shon-weissman-a-cause-de-ses-publications-anti-gaza-20250805_LCFGHWFANBH5NF47JJ7WOFEC54\/\">\u00e0 recruter l\u2019international isra\u00e9lien Shon Weissman<\/a>, alors que l\u2019attaquant a affich\u00e9 son soutien \u00e0 la guerre \u00e0 Gaza. \u00abNous avons \u00e9tudi\u00e9 le profil de Shon Weissman, mais avons finalement d\u00e9cid\u00e9 de ne pas le recruter\u00bb, a pr\u00e9cis\u00e9 le Fortuna D\u00fcsseldorf dans un message post\u00e9 sur ses r\u00e9seaux sociaux. Selon le tablo\u00efd Bild, l\u2019attaquant international isra\u00e9lien (33 capes) a appel\u00e9 en octobre\u00a02023 \u00ab\u00e0 rayer Gaza de la carte\u00bb, ou \u00e0 \u00ablarguer 200 tonnes de bombes\u00bb sur le territoire palestinien.<\/p>\n","protected":false},"excerpt":{"rendered":"La r\u00e9daction de Lib\u00e9ration r\u00e9sume les principales actualit\u00e9s du jour sur le conflit au Proche-Orient. Le point pr\u00e9c\u00e9dent&hellip;\n","protected":false},"author":2,"featured_media":299384,"comment_status":"","ping_status":"","sticky":false,"template":"","format":"standard","meta":{"footnotes":""},"categories":[2],"tags":[11,1011,27,3522,12,25],"class_list":{"0":"post-299383","1":"post","2":"type-post","3":"status-publish","4":"format-standard","5":"has-post-thumbnail","7":"category-actualites","8":"tag-actualites","9":"tag-fr","10":"tag-france","11":"tag-guerre-hamas-israel","12":"tag-news","13":"tag-republique-francaise"},"share_on_mastodon":{"url":"https:\/\/pubeurope.com\/@fr\/114979445370121278","error":""},"_links":{"self":[{"href":"https:\/\/www.europesays.com\/fr\/wp-json\/wp\/v2\/posts\/299383","targetHints":{"allow":["GET"]}}],"collection":[{"href":"https:\/\/www.europesays.com\/fr\/wp-json\/wp\/v2\/posts"}],"about":[{"href":"https:\/\/www.europesays.com\/fr\/wp-json\/wp\/v2\/types\/post"}],"author":[{"embeddable":true,"href":"https:\/\/www.europesays.com\/fr\/wp-json\/wp\/v2\/users\/2"}],"replies":[{"embeddable":true,"href":"https:\/\/www.europesays.com\/fr\/wp-json\/wp\/v2\/comments?post=299383"}],"version-history":[{"count":0,"href":"https:\/\/www.europesays.com\/fr\/wp-json\/wp\/v2\/posts\/299383\/revisions"}],"wp:featuredmedia":[{"embeddable":true,"href":"https:\/\/www.europesays.com\/fr\/wp-json\/wp\/v2\/media\/299384"}],"wp:attachment":[{"href":"https:\/\/www.europesays.com\/fr\/wp-json\/wp\/v2\/media?parent=299383"}],"wp:term":[{"taxonomy":"category","embeddable":true,"href":"https:\/\/www.europesays.com\/fr\/wp-json\/wp\/v2\/categories?post=299383"},{"taxonomy":"post_tag","embeddable":true,"href":"https:\/\/www.europesays.com\/fr\/wp-json\/wp\/v2\/tags?post=299383"}],"curies":[{"name":"wp","href":"https:\/\/api.w.org\/{rel}","templated":true}]}}