{"id":299389,"date":"2025-08-06T02:28:12","date_gmt":"2025-08-06T02:28:12","guid":{"rendered":"https:\/\/www.europesays.com\/fr\/299389\/"},"modified":"2025-08-06T02:28:12","modified_gmt":"2025-08-06T02:28:12","slug":"4400-minutes-et-37-essais-qui-est-cet-indeboulonnable-de-prod2-qui-devrait-rejoindre-le-top-14-la-saison-prochaine","status":"publish","type":"post","link":"https:\/\/www.europesays.com\/fr\/299389\/","title":{"rendered":"4400 minutes et 37 essais : qui est cet ind\u00e9boulonnable de ProD2 qui devrait rejoindre le Top 14 la saison prochaine ?"},"content":{"rendered":"<p>Malgr\u00e9 des d\u00e9buts plut\u00f4t prometteurs en <a href=\"https:\/\/www.lerugbynistere.fr\/championnats\/top-14\" ui-sref=\"app.competition({competitionId: 1})\" alt=\"Top 14\" data-route=\"app.competition\" data-param=\"competitionId\" data-id=\"1\" rel=\"nofollow noopener\" target=\"_blank\">Top 14<\/a>, il n\u2019a pas le nom le plus le plus ronflant de l\u2019Hexagone. Le physique non plus, d\u2019ailleurs, avec son gabarit de monsieur tout le monde (1m81 pour 88kg) et son casque viss\u00e9 sur la t\u00eate.<\/p>\n<p>C\u2019est ainsi qu\u2019il choisit d\u2019aller en ProD2 en 2022, afin de progresser, glaner du temps de jeu et pourquoi pas changer de statut dans ce championnat si formateur. Conscient que son avenir serait \u00e0 l\u2019\u00e9poque barr\u00e9 dans l\u2019\u00e9lite du rugby fran\u00e7ais malgr\u00e9 un temps de jeu croissant (4 matchs, puis 10, 11 et 12) sur ses 4 premi\u00e8res saisons avec les pros au <a href=\"https:\/\/www.lerugbynistere.fr\/clubs\/stade-francais.php\" ui-sref=\"app.team({teamId: 40})\" alt=\"Stade Fran\u00e7ais\" data-route=\"app.team\" data-param=\"teamId\" data-id=\"40\" rel=\"nofollow noopener\" target=\"_blank\">Stade Fran\u00e7ais<\/a> et m\u00eame un appel avec les <a href=\"https:\/\/www.lerugbynistere.fr\/equipes-nationales\/barbarians-francais.php\" ui-sref=\"app.team({teamId: 2273})\" alt=\"Barbarians Fran\u00e7ais\" data-route=\"app.team\" data-param=\"teamId\" data-id=\"2273\" rel=\"nofollow noopener\" target=\"_blank\">Barbarians Fran\u00e7ais<\/a> fin 2021.<\/p>\n<p><a class=\"inserer_lien_article\" href=\"https:\/\/www.lerugbynistere.fr\/news\/prod2-provence-rugby-et-son-gang-des-bikers-enfumeront-t-il-grenoble-pour-prendre-leur-revanche-sur-2024-2705251854.php\" data-id=\"45095\" data-route=\"app.article\" data-param=\"articleId\" ui-sref=\"app.article({articleId: 45095})\" alt=\"PRO D2. Provence Rugby et son &#039;&#039;gang des bikers&#039;&#039; enfumeront-t-il Grenoble pour prendre leur revanche sur 2024 ?\" title=\"PRO D2. Provence Rugby et son &#039;&#039;gang des bikers&#039;&#039; enfumeront-t-il Grenoble pour prendre leur revanche sur 2024 ?\" rel=\"nofollow noopener\" target=\"_blank\"><img decoding=\"async\" src=\"https:\/\/www.europesays.com\/fr\/wp-content\/uploads\/2025\/05\/yt-27-05-25-2259.jpg\" alt=\"PRO D2. Provence Rugby et son ''gang des bikers'' enfumeront-t-il Grenoble pour prendre leur revanche sur 2024 ?\"\/>PRO D2. Provence Rugby et son \u00a0\u00bbgang des bikers\u00a0\u00bb enfumeront-t-il Grenoble pour prendre leur revanche sur 2024 ?<\/a><\/p>\n<p>Grand bien lui en a pris puisque <a href=\"https:\/\/www.lerugbynistere.fr\/fiches-joueurs\/adrien-lapegue.php\" ui-sref=\"app.player({playerId: 8140})\" alt=\"Adrien Lap\u00e8gue\" data-route=\"app.player\" data-param=\"playerId\" data-id=\"8140\" rel=\"nofollow noopener\" target=\"_blank\">Adrien Lap\u00e8gue<\/a> a depuis coch\u00e9 toutes les cases et est devenu une r\u00e9f\u00e9rence en ProD2. Apr\u00e8s un premier exercice un peu timor\u00e9 (4 <a href=\"https:\/\/www.lerugbynistere.fr\/videos\/essais.php\" ui-sref=\"app.tag\" alt=\"Essais\" data-route=\"app.tag\" data-param=\"slug\" data-id=\"essais\" rel=\"nofollow noopener\" target=\"_blank\">essais<\/a> en 18 matchs) et dans le sillage de Provence Rugby qui atteint les phases finales de la division pour la premi\u00e8re fois de son histoire, il passe un cap et plante 17 banderilles en 30 matchs lorsque son ami <a href=\"https:\/\/www.lerugbynistere.fr\/fiches-joueurs\/arthur-coville.php\" ui-sref=\"app.player({playerId: 2453})\" alt=\"Arthur Coville\" data-route=\"app.player\" data-param=\"playerId\" data-id=\"2453\" rel=\"nofollow noopener\" target=\"_blank\">Arthur Coville<\/a> le rejoint au pied de la Sainte-Victoire.<\/p>\n<p>\u00c0 tel point que le natif des Landes a encore fait mieux la saison pass\u00e9e et reste donc sur 37 essais inscrits sur les 2 derniers exercices de ProD2, en 4430 minutes de jeu. Car oui, ce joueur de caract\u00e8re est aussi l\u2019\u00e9l\u00e9ment le plus utilis\u00e9 de l\u2019antichambre du Top 14 depuis 2 ans. Indispensable.<\/p>\n<p>Le Top 14 quoi qu&rsquo;il arrive ?\u00a0<\/p>\n<p>Frustr\u00e9 d\u2019avoir une nouvelle fois \u00e9t\u00e9 \u00e9limin\u00e9 demi-finale par Grenoble et apr\u00e8s avoir fr\u00f4l\u00e9 le record de 21 essais sur une saison du Portugais <a href=\"https:\/\/www.lerugbynistere.fr\/fiches-joueurs\/raffaele-costa-storti.php\" ui-sref=\"app.player({playerId: 13376})\" alt=\"Raffaele Costa Storti\" data-route=\"app.player\" data-param=\"playerId\" data-id=\"13376\" rel=\"nofollow noopener\" target=\"_blank\">Raffaele Costa Storti<\/a>, nul doute que Lap\u00e8gue aura les crocs en 2025\/2026. Et sera une nouvelle fois l\u2019un des \u00e9l\u00e9ments moteurs de Provence Rugby, dont le recrutement t\u00e9moigne des ambitions.<\/p>\n<p><a class=\"inserer_lien_article\" href=\"https:\/\/www.lerugbynistere.fr\/news\/prod2-muntz-north-bituniyata-le-xv-de-depart-explosif-de-provence-rugby-pour-assouvir-ses-reves-de-top-14-0408251944.php\" data-id=\"45745\" data-route=\"app.article\" data-param=\"articleId\" ui-sref=\"app.article({articleId: 45745})\" alt=\"PROD2. Muntz, North, Bituniyata\u2026 Le XV de d\u00e9part explosif de Provence Rugby pour assouvir ses r\u00eaves de Top 14\" title=\"PROD2. Muntz, North, Bituniyata\u2026 Le XV de d\u00e9part explosif de Provence Rugby pour assouvir ses r\u00eaves de Top 14\" rel=\"nofollow noopener\" target=\"_blank\"><img decoding=\"async\" src=\"https:\/\/www.europesays.com\/fr\/wp-content\/uploads\/2025\/08\/1754447292_589_106-points-16-essais-une-orgie-de-jeu-provence-rugby-a-fait-parler-la-poudre-face-a-soyaux-angouleme.jpeg\" alt=\"PROD2. Muntz, North, Bituniyata\u2026 Le XV de d\u00e9part explosif de Provence Rugby pour assouvir ses r\u00eaves de Top 14\"\/>PROD2. Muntz, North, Bituniyata\u2026 Le XV de d\u00e9part explosif de Provence Rugby pour assouvir ses r\u00eaves de Top 14<\/a><\/p>\n<p>Dans le but de revenir en Top 14 l\u2019ann\u00e9e prochaine, avec cette fois la maturit\u00e9 n\u00e9cessaire. Auquel cas, si les Noirs venaient \u00e0 manquer de nouveau la mont\u00e9e, nul doute que le gar\u00e7on form\u00e9 \u00e0 <a href=\"https:\/\/www.lerugbynistere.fr\/clubs\/aviron-bayonnais.php\" ui-sref=\"app.team({teamId: 43})\" alt=\"Bayonne\" data-route=\"app.team\" data-param=\"teamId\" data-id=\"43\" rel=\"nofollow noopener\" target=\"_blank\">Bayonne<\/a> ne manquerait pas d\u2019opportunit\u00e9s pour y rejoindre l\u2019\u00e9lite de son c\u00f4t\u00e9. Lui qui sera en fin de contrat \u00e0 la fin de saison 2025\/2026\u2026<\/p>\n","protected":false},"excerpt":{"rendered":"Malgr\u00e9 des d\u00e9buts plut\u00f4t prometteurs en Top 14, il n\u2019a pas le nom le plus le plus ronflant&hellip;\n","protected":false},"author":2,"featured_media":299390,"comment_status":"","ping_status":"","sticky":false,"template":"","format":"standard","meta":{"footnotes":""},"categories":[1416],"tags":[1011,27,479,1468,60],"class_list":{"0":"post-299389","1":"post","2":"type-post","3":"status-publish","4":"format-standard","5":"has-post-thumbnail","7":"category-rugby","8":"tag-fr","9":"tag-france","10":"tag-rugby","11":"tag-rugby-football","12":"tag-sports"},"share_on_mastodon":{"url":"https:\/\/pubeurope.com\/@fr\/114979465166826147","error":""},"_links":{"self":[{"href":"https:\/\/www.europesays.com\/fr\/wp-json\/wp\/v2\/posts\/299389","targetHints":{"allow":["GET"]}}],"collection":[{"href":"https:\/\/www.europesays.com\/fr\/wp-json\/wp\/v2\/posts"}],"about":[{"href":"https:\/\/www.europesays.com\/fr\/wp-json\/wp\/v2\/types\/post"}],"author":[{"embeddable":true,"href":"https:\/\/www.europesays.com\/fr\/wp-json\/wp\/v2\/users\/2"}],"replies":[{"embeddable":true,"href":"https:\/\/www.europesays.com\/fr\/wp-json\/wp\/v2\/comments?post=299389"}],"version-history":[{"count":0,"href":"https:\/\/www.europesays.com\/fr\/wp-json\/wp\/v2\/posts\/299389\/revisions"}],"wp:featuredmedia":[{"embeddable":true,"href":"https:\/\/www.europesays.com\/fr\/wp-json\/wp\/v2\/media\/299390"}],"wp:attachment":[{"href":"https:\/\/www.europesays.com\/fr\/wp-json\/wp\/v2\/media?parent=299389"}],"wp:term":[{"taxonomy":"category","embeddable":true,"href":"https:\/\/www.europesays.com\/fr\/wp-json\/wp\/v2\/categories?post=299389"},{"taxonomy":"post_tag","embeddable":true,"href":"https:\/\/www.europesays.com\/fr\/wp-json\/wp\/v2\/tags?post=299389"}],"curies":[{"name":"wp","href":"https:\/\/api.w.org\/{rel}","templated":true}]}}