{"id":299391,"date":"2025-08-06T02:29:11","date_gmt":"2025-08-06T02:29:11","guid":{"rendered":"https:\/\/www.europesays.com\/fr\/299391\/"},"modified":"2025-08-06T02:29:11","modified_gmt":"2025-08-06T02:29:11","slug":"atp-stefanos-tsitsipas-en-pleine-depression-le-tennis-est-magnifique-non-pas-parce-quil-est-gracieux-mais-parce-quil-est-brutal-il-vous-montre-a-votre-plus-faible-en-sueur","status":"publish","type":"post","link":"https:\/\/www.europesays.com\/fr\/299391\/","title":{"rendered":"ATP > Stefanos Tsitsipas (en pleine d\u00e9pression) : \u00ab\u00a0Le tennis est magnifique non pas parce qu\u2019il est gracieux, mais parce qu\u2019il est brutal. Il vous montre \u00e0 votre plus faible, en sueur, en \u00e9chec, respirant difficilement, posant des questions sans r\u00e9ponses\u00a0\u00bb"},"content":{"rendered":"<p>Cela fait long\u00adtemps qu\u2019on avait pas eu droit \u00e0 un message pseudo philo\u00adso\u00adphique de Stefanos Tsitsipas sur ses r\u00e9seaux sociaux.<\/p>\n<p>En perdi\u00adtion dans le jeu depuis plusieurs mois et redes\u00adcendu au 30e rang mondial, le Grec a donc d\u00e9cid\u00e9 de nous grati\u00adfier d\u2019une de ses fameuses le\u00e7ons \u00e0 propos de son sport favori. Et il semble bien plus inspir\u00e9 devant un clavier que sur un court de tennis.\u00a0<\/p>\n<blockquote class=\"twitter-tweet\">\n<p lang=\"en\" dir=\"ltr\">Tennis is beau\u00adtiful not because it\u2019s graceful, but because it\u2019s brutal. It shows you at your weakest, swea\u00adting, failing, brea\u00adthing hard, asking ques\u00adtions you don\u2019t have answers to. And in all that, you find some\u00adthing worth holding onto. Something that keeps you step\u00adping back\u00a0to\u2026<\/p>\n<p>\u2014 Stefanos Tsitsipas (@steftsitsipas) <a href=\"https:\/\/twitter.com\/steftsitsipas\/status\/1952698097110229108?ref_src=twsrc%5Etfw\" data-wpel-link=\"external\" target=\"_blank\" rel=\"nofollow external noopener\">August 5,\u00a02025<\/a><\/p><\/blockquote>\n<p><strong>\u00ab\u202fLe tennis est magni\u00adfique non pas parce qu\u2019il est gracieux, mais parce qu\u2019il est brutal. Il vous montre \u00e0 votre plus faible, en sueur, en \u00e9chec, respi\u00adrant diffi\u00adci\u00adle\u00adment, posant des ques\u00adtions sans r\u00e9ponses. Et dans tout cela, vous trouvez quelque chose qui vaut la peine d\u2019\u00eatre retenu. Quelque chose qui vous pousse \u00e0 retourner \u00e0 la ligne de\u00a0fond.\u202f\u00bb<\/strong><\/p>\n<p class=\"post-published-date\" style=\"color: silver; font-size: 75%; text-align: left;\">Publi\u00e9 le mardi 5 ao\u00fbt 2025 \u00e0 14:14<\/p>\n<p><script async src=\"https:\/\/platform.twitter.com\/widgets.js\" charset=\"utf-8\"><\/script><\/p>\n","protected":false},"excerpt":{"rendered":"Cela fait long\u00adtemps qu\u2019on avait pas eu droit \u00e0 un message pseudo philo\u00adso\u00adphique de Stefanos Tsitsipas sur ses&hellip;\n","protected":false},"author":2,"featured_media":124237,"comment_status":"","ping_status":"","sticky":false,"template":"","format":"standard","meta":{"footnotes":""},"categories":[1415],"tags":[1011,27,60,1467,5443],"class_list":{"0":"post-299391","1":"post","2":"type-post","3":"status-publish","4":"format-standard","5":"has-post-thumbnail","7":"category-tennis","8":"tag-fr","9":"tag-france","10":"tag-sports","11":"tag-tennis","12":"tag-tsitsipas"},"share_on_mastodon":{"url":"https:\/\/pubeurope.com\/@fr\/114979468949276269","error":""},"_links":{"self":[{"href":"https:\/\/www.europesays.com\/fr\/wp-json\/wp\/v2\/posts\/299391","targetHints":{"allow":["GET"]}}],"collection":[{"href":"https:\/\/www.europesays.com\/fr\/wp-json\/wp\/v2\/posts"}],"about":[{"href":"https:\/\/www.europesays.com\/fr\/wp-json\/wp\/v2\/types\/post"}],"author":[{"embeddable":true,"href":"https:\/\/www.europesays.com\/fr\/wp-json\/wp\/v2\/users\/2"}],"replies":[{"embeddable":true,"href":"https:\/\/www.europesays.com\/fr\/wp-json\/wp\/v2\/comments?post=299391"}],"version-history":[{"count":0,"href":"https:\/\/www.europesays.com\/fr\/wp-json\/wp\/v2\/posts\/299391\/revisions"}],"wp:featuredmedia":[{"embeddable":true,"href":"https:\/\/www.europesays.com\/fr\/wp-json\/wp\/v2\/media\/124237"}],"wp:attachment":[{"href":"https:\/\/www.europesays.com\/fr\/wp-json\/wp\/v2\/media?parent=299391"}],"wp:term":[{"taxonomy":"category","embeddable":true,"href":"https:\/\/www.europesays.com\/fr\/wp-json\/wp\/v2\/categories?post=299391"},{"taxonomy":"post_tag","embeddable":true,"href":"https:\/\/www.europesays.com\/fr\/wp-json\/wp\/v2\/tags?post=299391"}],"curies":[{"name":"wp","href":"https:\/\/api.w.org\/{rel}","templated":true}]}}