{"id":299393,"date":"2025-08-06T02:32:14","date_gmt":"2025-08-06T02:32:14","guid":{"rendered":"https:\/\/www.europesays.com\/fr\/299393\/"},"modified":"2025-08-06T02:32:14","modified_gmt":"2025-08-06T02:32:14","slug":"vasseur-detruit-la-theorie-de-george-russell-au-sujet-de-la-monoplace-de-charles-leclerc","status":"publish","type":"post","link":"https:\/\/www.europesays.com\/fr\/299393\/","title":{"rendered":"Vasseur d\u00e9truit la th\u00e9orie de George Russell au sujet de la monoplace de Charles Leclerc"},"content":{"rendered":"<p>Le Grand Prix de Hongrie a \u00e9t\u00e9 une catastrophe pour Ferrari. La Scuderia a tout perdu dimanche, avec une quatri\u00e8me place pour Charles Leclerc et une douzi\u00e8me place pour Lewis Hamilton. Alors que le pilote mon\u00e9gasque est parti en pole position, il a finalement termin\u00e9 au pied du podium, \u00e9tant d\u00e9pass\u00e9 dans les derniers tours par George Russell. Et apr\u00e8s la course, il s&rsquo;av\u00e8re que le pilote Mercedes a \u00e9voqu\u00e9 une Ferrari \u00ab\u00a0presque ill\u00e9gale\u00a0\u00bb pour Charles Leclerc. Il a expliqu\u00e9 que la monoplace du Mon\u00e9gasque avait connu un souci et que si Leclerc ne voulait pas dire quel \u00e9tait le probl\u00e8me, c&rsquo;\u00e9tait pour \u00e9viter une sanction. Mais Russell a \u00e9t\u00e9 durement contredit par Fr\u00e9d\u00e9ric Vasseur, le boss de Ferrari, qui a d\u00e9cid\u00e9 de r\u00e9pondre au Britannique en d\u00e9truisant la th\u00e9orie du pilote Mercedes.<\/p>\n<p>Vasseur contredit la th\u00e9orie de Russell<\/p>\n<p>Tandis qu&rsquo;apr\u00e8s la course, Russell a sugg\u00e9r\u00e9 que Ferrari avait \u00e9t\u00e9 contrainte d\u2019augmenter la pression des pneus de Leclerc lors du dernier relais afin de g\u00e9rer l\u2019usure de la planche et d\u2019\u00e9viter une \u00e9ventuelle disqualification, Fr\u00e9d\u00e9ric Vasseur a d\u00e9truit la th\u00e9orie du Britannique.<\/p>\n<p>\u00ab\u00a0Des conneries. Avant, quand on devait perdre du rythme pour g\u00e9rer \u00e7a (la planche), on perdait deux ou trois dixi\u00e8mes. En course ce dimanche, on a perdu deux secondes. C\u2019est un peu diff\u00e9rent, vous voyez, comme probl\u00e8me&#8230; Jusqu\u2019\u00e0 pr\u00e9sent, non, m\u00eame pas dans les donn\u00e9es mais probablement que oui apr\u00e8s avoir fouill\u00e9 \u00e0 l\u2019usine \u00e0 notre retour. La situation \u00e9tait assez \u00e9trange. Nous avons ma\u00eetris\u00e9 la situation pendant les 40 premiers tours de la course. Nous avons ma\u00eetris\u00e9 le premier relais, un peu plus le deuxi\u00e8me, mais c\u2019\u00e9tait encore g\u00e9rable. Le dernier relais a \u00e9t\u00e9 un d\u00e9sastre, une F1 tr\u00e8s difficile \u00e0 piloter. L\u2019\u00e9quilibre n\u2019\u00e9tait pas au rendez-vous. Honn\u00eatement, jusqu\u2019\u00e0 pr\u00e9sent, nous ne savons pas exactement ce qui s\u2019est pass\u00e9. Nous devons v\u00e9rifier si quelque chose est cass\u00e9 c\u00f4t\u00e9 ch\u00e2ssis ou autre. \u00c0 un moment, j\u2019ai cru que nous ne finirions jamais la course\u00a0\u00bb, a d\u00e9clar\u00e9 le boss de Ferrari, sugg\u00e9rant que quelque chose avait cass\u00e9 sur la monoplace de Leclerc mais que les ing\u00e9nieurs ne savaient pas quoi. Pas s\u00fbr que cela suffise \u00e0 convaincre George Russell&#8230;<\/p>\n<p>    Partagez cette info avec vos amis et vos proches en cliquant ici  <\/p>\n<p> Podcasts \u00e0 la une MEN LIFE <\/p>\n<p>    Pour r\u00e9sumer<\/p>\n<p>Le Grand Prix de Hongrie a \u00e9t\u00e9 une catastrophe pour Ferrari. La Scuderia a tout perdu dimanche, avec une quatri\u00e8me place pour Charles Leclerc et une douzi\u00e8me place pour Lewis Hamilton.<\/p>\n<p>R\u00e9dacteur<\/p>\n<p><img decoding=\"async\" width=\"76\" height=\"76\" loading=\"lazy\" src=\"https:\/\/www.europesays.com\/fr\/wp-content\/uploads\/2025\/04\/logo-victor-willems.jpg\" alt=\"Victor Willems\"\/><\/p>\n","protected":false},"excerpt":{"rendered":"Le Grand Prix de Hongrie a \u00e9t\u00e9 une catastrophe pour Ferrari. La Scuderia a tout perdu dimanche, avec&hellip;\n","protected":false},"author":2,"featured_media":299394,"comment_status":"","ping_status":"","sticky":false,"template":"","format":"standard","meta":{"footnotes":""},"categories":[1412],"tags":[1451,1452,1453,1454,1455,1011,27,60],"class_list":{"0":"post-299393","1":"post","2":"type-post","3":"status-publish","4":"format-standard","5":"has-post-thumbnail","7":"category-f1","8":"tag-f1","9":"tag-formula-1","10":"tag-formula1","11":"tag-formule-1","12":"tag-formule1","13":"tag-fr","14":"tag-france","15":"tag-sports"},"share_on_mastodon":{"url":"https:\/\/pubeurope.com\/@fr\/114979480800105407","error":""},"_links":{"self":[{"href":"https:\/\/www.europesays.com\/fr\/wp-json\/wp\/v2\/posts\/299393","targetHints":{"allow":["GET"]}}],"collection":[{"href":"https:\/\/www.europesays.com\/fr\/wp-json\/wp\/v2\/posts"}],"about":[{"href":"https:\/\/www.europesays.com\/fr\/wp-json\/wp\/v2\/types\/post"}],"author":[{"embeddable":true,"href":"https:\/\/www.europesays.com\/fr\/wp-json\/wp\/v2\/users\/2"}],"replies":[{"embeddable":true,"href":"https:\/\/www.europesays.com\/fr\/wp-json\/wp\/v2\/comments?post=299393"}],"version-history":[{"count":0,"href":"https:\/\/www.europesays.com\/fr\/wp-json\/wp\/v2\/posts\/299393\/revisions"}],"wp:featuredmedia":[{"embeddable":true,"href":"https:\/\/www.europesays.com\/fr\/wp-json\/wp\/v2\/media\/299394"}],"wp:attachment":[{"href":"https:\/\/www.europesays.com\/fr\/wp-json\/wp\/v2\/media?parent=299393"}],"wp:term":[{"taxonomy":"category","embeddable":true,"href":"https:\/\/www.europesays.com\/fr\/wp-json\/wp\/v2\/categories?post=299393"},{"taxonomy":"post_tag","embeddable":true,"href":"https:\/\/www.europesays.com\/fr\/wp-json\/wp\/v2\/tags?post=299393"}],"curies":[{"name":"wp","href":"https:\/\/api.w.org\/{rel}","templated":true}]}}